{"id":615589,"date":"2025-12-22T10:14:14","date_gmt":"2025-12-22T10:14:14","guid":{"rendered":"https:\/\/www.europesays.com\/fr\/615589\/"},"modified":"2025-12-22T10:14:14","modified_gmt":"2025-12-22T10:14:14","slug":"vendue-chez-sephora-cette-fragrance-iconique-des-annees-90-fait-son-grand-retour-et-elle-va-rendre-tout-le-monde-accro","status":"publish","type":"post","link":"https:\/\/www.europesays.com\/fr\/615589\/","title":{"rendered":"vendue chez Sephora, cette fragrance iconique des ann\u00e9es 90 fait son grand retour et elle va rendre tout le monde accro"},"content":{"rendered":"<p>De nombreux <a href=\"https:\/\/www.mariefrance.fr\/beaute\/flacon-vide-parfum-culte-prend-poussiere-chez-vous-vend-aujourdhui-prix-dor-1102949.html\" target=\"_blank\" rel=\"noopener\"><br \/>\nparfums cultes<\/a> ont marqu\u00e9 toute une g\u00e9n\u00e9ration dans les ann\u00e9es<br \/>\n90, devenant de v\u00e9ritables signatures olfactives. Ils ont<br \/>\naccompagn\u00e9 les premiers \u00e9mois et les sorties du samedi soir\u2026 avant<br \/>\nd\u2019\u00eatre rel\u00e9gu\u00e9s au fond de la salle de bain et \u00e9clips\u00e9s par une<br \/>\nvague de nouveaux jus modernes.<\/p>\n<p>Et pourtant, il y en a qu\u2019on ne remplace jamais. Lanc\u00e9 en<br \/>\n<strong>1987<\/strong>, ce parfum iconique fait partie de ces<br \/>\nobsessions qui traversent le temps sans perdre en intensit\u00e9. Plus<br \/>\nde trente ans plus tard, il est toujours aussi magn\u00e9tique,<br \/>\nreconnaissable entre mille, avec son <strong>sillage sensuel et<br \/>\nultra-addictif<\/strong>.\u00a0<\/p>\n<p>Ce parfum de notre adolescence est l\u2019un des plus recherch\u00e9s de<br \/>\n2025<\/p>\n<p>Le site de comparaison de prix et de produits <a href=\"https:\/\/www.idealo.fr\/mag\/rechercher-sur-le-mag?searchString=parfum&amp;page=1&amp;locale=fr\" target=\"_blank\" rel=\"nofollow noopener\">idealo.fr<\/a> a r\u00e9cemment<br \/>\nd\u00e9voil\u00e9 le <strong>top 10 des fragrances les plus recherch\u00e9es en<br \/>\n2025<\/strong> par les utilisateurs de sa plateforme. Si La Vie<br \/>\nest Belle s\u2019impose en t\u00eate du classement, une ic\u00f4ne des ann\u00e9es<br \/>\n80 cr\u00e9e la surprise : <strong>Loulou de Cacharel<\/strong><br \/>\nse hisse \u00e0 la neuvi\u00e8me place, entre Good Girl Eau de<br \/>\nParfum de Carolina Herrera et Si Eau de Parfum de<br \/>\nGiorgio Armani.<\/p>\n<p>Impossible de dissocier Loulou de sa publicit\u00e9 mythique<br \/>\net de cette r\u00e9plique devenue culte : \u00ab Loulou ? Loulou ? Oui\u2026 c\u2019est<br \/>\nmoi ! \u00bb. Des d\u00e9cennies plus tard, le charme op\u00e8re toujours puisque<br \/>\nle <a href=\"https:\/\/www.mariefrance.fr\/beaute\/pour-rien-au-monde-je-le-changerais-disponible-chez-sephora-ce-parfum-tellement-unique-a-1-ingredient-se-vend-chaque-minute-a-travers-le-monde-1226013.html\" target=\"_blank\" rel=\"noopener\"><br \/>\nparfum<\/a> affiche une <strong>note de 4,6\/5 sur le site de<br \/>\nSephora<\/strong>. \u00ab\u00a0Je l\u2019utilise depuis des ann\u00e9es et je<br \/>\nn\u2019en veux pas un autre\u00a0\u00bb, \u00ab\u00a0J\u00a0\u00bbavais 20 ans<br \/>\nlorsque l&rsquo;on me l&rsquo;a offert et depuis il ne me quitte<br \/>\nplus\u2026\u00a0\u00bb ou encore \u00ab\u00a0Le seul vers qui je reviens<br \/>\ntoujours, m\u00eame si je peux en essayer d&rsquo;autres de temps en<br \/>\ntemps.\u00a0\u00bb font partie des avis laiss\u00e9s sur le parfum. De<br \/>\nquoi confirmer son statut de parfum culte !<img loading=\"lazy\" decoding=\"async\" itemprop=\"thumbnailUrl\" class=\"alignnone size-full wp-image-1230073 img-responsive\" src=\"https:\/\/www.europesays.com\/fr\/wp-content\/uploads\/2025\/12\/loulou-cacharel-parfum.jpeg\" alt=\"\" width=\"585\" height=\"585\"\/> \u00a9<br \/>\nCacharel<\/p>\n<p>Un sillage solaire aux notes<br \/>\nenvo\u00fbtantes<\/p>\n<p>D\u00e8s l\u2019ouverture, Loulou de Cacharel captive avec des<br \/>\nnotes vertes et fruit\u00e9es de <strong>bergamote, mandarine, violette<br \/>\net prune<\/strong> qui r\u00e9veillent les sens avant de s\u2019effacer au<br \/>\nprofit d\u2019un c\u0153ur solaire et myst\u00e9rieux. La <strong>fleur de<br \/>\ntiar\u00e9<\/strong> s\u2019y d\u00e9voile voluptueuse, sublim\u00e9e par<br \/>\n<strong>l\u2019ylang-ylang, la tub\u00e9reuse et la fleur d\u2019oranger<\/strong>,<br \/>\ndans un accord chaud, charnel, presque ind\u00e9cent. Le fond,<br \/>\nintens\u00e9ment enveloppant, m\u00eale baumes, <strong>f\u00e8ve tonka, vanille<br \/>\net iris poudr\u00e9<\/strong> pour laisser sur la peau une empreinte<br \/>\nsensuelle.\u00a0<img loading=\"lazy\" decoding=\"async\" class=\"alignnone size-large wp-image-1230074 img-responsive\" src=\"https:\/\/www.europesays.com\/fr\/wp-content\/uploads\/2025\/12\/loulou-cacharel-1200x1200.jpeg\" alt=\"\" width=\"1200\" height=\"1200\"\/> \u00a9<br \/>\nCacharel<\/p>\n","protected":false},"excerpt":{"rendered":"De nombreux parfums cultes ont marqu\u00e9 toute une g\u00e9n\u00e9ration dans les ann\u00e9es 90, devenant de v\u00e9ritables signatures olfactives.&hellip;\n","protected":false},"author":2,"featured_media":615590,"comment_status":"","ping_status":"","sticky":false,"template":"","format":"standard","meta":{"footnotes":""},"categories":[8],"tags":[58,59,1011,27,2298,16967],"class_list":{"0":"post-615589","1":"post","2":"type-post","3":"status-publish","4":"format-standard","5":"has-post-thumbnail","7":"category-divertissement","8":"tag-divertissement","9":"tag-entertainment","10":"tag-fr","11":"tag-france","12":"tag-parfum","13":"tag-produits-de-beaute"},"share_on_mastodon":{"url":"https:\/\/pubeurope.com\/@fr\/115762697746744802","error":""},"_links":{"self":[{"href":"https:\/\/www.europesays.com\/fr\/wp-json\/wp\/v2\/posts\/615589","targetHints":{"allow":["GET"]}}],"collection":[{"href":"https:\/\/www.europesays.com\/fr\/wp-json\/wp\/v2\/posts"}],"about":[{"href":"https:\/\/www.europesays.com\/fr\/wp-json\/wp\/v2\/types\/post"}],"author":[{"embeddable":true,"href":"https:\/\/www.europesays.com\/fr\/wp-json\/wp\/v2\/users\/2"}],"replies":[{"embeddable":true,"href":"https:\/\/www.europesays.com\/fr\/wp-json\/wp\/v2\/comments?post=615589"}],"version-history":[{"count":0,"href":"https:\/\/www.europesays.com\/fr\/wp-json\/wp\/v2\/posts\/615589\/revisions"}],"wp:featuredmedia":[{"embeddable":true,"href":"https:\/\/www.europesays.com\/fr\/wp-json\/wp\/v2\/media\/615590"}],"wp:attachment":[{"href":"https:\/\/www.europesays.com\/fr\/wp-json\/wp\/v2\/media?parent=615589"}],"wp:term":[{"taxonomy":"category","embeddable":true,"href":"https:\/\/www.europesays.com\/fr\/wp-json\/wp\/v2\/categories?post=615589"},{"taxonomy":"post_tag","embeddable":true,"href":"https:\/\/www.europesays.com\/fr\/wp-json\/wp\/v2\/tags?post=615589"}],"curies":[{"name":"wp","href":"https:\/\/api.w.org\/{rel}","templated":true}]}}