{"id":615594,"date":"2025-12-22T10:17:20","date_gmt":"2025-12-22T10:17:20","guid":{"rendered":"https:\/\/www.europesays.com\/fr\/615594\/"},"modified":"2025-12-22T10:17:20","modified_gmt":"2025-12-22T10:17:20","slug":"le-gouverneur-de-louisiane-nomme-envoye-special-des-etats-unis-au-groenland","status":"publish","type":"post","link":"https:\/\/www.europesays.com\/fr\/615594\/","title":{"rendered":"Le gouverneur de Louisiane nomm\u00e9 envoy\u00e9 sp\u00e9cial des Etats-Unis au Groenland"},"content":{"rendered":"\n<p class=\"c-chapo \">\n  \u00ab\u00a0C&rsquo;est un honneur de vous servir b\u00e9n\u00e9volement pour faire du Groenland une partie des Etats-Unis\u00a0\u00bb, a \u00e9crit le gouverneur Jeff Landry \u00e0 l&rsquo;attention de Donald Trump, dimanche soir sur X.\n<\/p>\n<p>      lire plus tard<\/p>\n<p id=\"dialog__title\" class=\"dialog__title\">Pour sauvegarder cet article, connectez-vous ou cr\u00e9ez un compte franceinfo<\/p>\n<p class=\"dialog__description\">Sans paiement. Sans abonnement.<\/p>\n<p>        Fermer la fen\u00eatre d\u2019activation des notifications France Info<\/p>\n<p>      cr\u00e9er votre compte<\/p>\n<p>      se connecter<\/p>\n<p>      :<\/p>\n<p>        Fermer la fen\u00eatre de pr\u00e9sentation<\/p>\n<p>    <img loading=\"lazy\" decoding=\"async\" class=\"signature__image lazyload\" width=\"100\" height=\"100\" data- alt=\"\" src=\"https:\/\/www.europesays.com\/fr\/wp-content\/uploads\/2025\/05\/64a68815cd1a7_placeholder-36b69ec8.png\"\/><\/p>\n<p>    Publi\u00e9 le 22\/12\/2025 10:04<\/p>\n<p>      Mis \u00e0 jour le 22\/12\/2025 10:28<\/p>\n<p>        Temps de lecture : 1min<\/p>\n<p>    <img decoding=\"async\"  alt=\"Le pr\u00e9sident am\u00e9ricain, Donald Trump, et le gouverneur de Louisiane, Jeff Landry, le 24 mars 2025 \u00e0 la Maison Blanche, \u00e0 Washington (Etats-Unis). (BRENDAN SMIALOWSKI \/ AFP)\" width=\"432\" height=\"243\" src=\"https:\/\/www.europesays.com\/fr\/wp-content\/uploads\/2025\/12\/000-37pn7a9-6949092a867f5060454330.jpg\" fetchpriority=\"high\"\/><\/p>\n<p>      Le pr\u00e9sident am\u00e9ricain, Donald Trump, et le gouverneur de Louisiane, Jeff Landry, le 24 mars 2025 \u00e0 la Maison Blanche, \u00e0 Washington (Etats-Unis). (BRENDAN SMIALOWSKI \/ AFP)<\/p>\n<p>Le pr\u00e9sident am\u00e9ricain, Donald Trump, a annonc\u00e9 dimanche 21\u00a0d\u00e9cembre la nomination du gouverneur de Louisiane, le r\u00e9publicain Jeff Landry, au poste d&rsquo;envoy\u00e9 sp\u00e9cial des Etats-Unis au Groenland, <a href=\"https:\/\/www.franceinfo.fr\/vrai-ou-fake\/pourquoi-donald-trump-convoite-t-il-autant-le-groenland_7172370.html\" rel=\"noopener noreferrer nofollow\" data-tooltip-url=\"https:\/\/www.franceinfo.fr\/vrai-ou-fake\/pourquoi-donald-trump-convoite-t-il-autant-le-groenland_7172370.html\" target=\"_blank\">vaste territoire autonome danois convoit\u00e9 par Washington<\/a>. \u00ab\u00a0Je suis heureux d&rsquo;annoncer que je nomme le GRAND gouverneur de Louisiane, Jeff Landry, au poste d&rsquo;envoy\u00e9 sp\u00e9cial des Etats-Unis au Groenland\u00a0\u00bb, a affirm\u00e9 le dirigeant populiste <a href=\"https:\/\/truthsocial.com\/@realDonaldTrump\/posts\/115760829286615399\" rel=\"noopener noreferrer nofollow\" data-tooltip-url=\"https:\/\/truthsocial.com\/@realDonaldTrump\/posts\/115760829286615399\" target=\"_blank\">sur son r\u00e9seau Truth Social<\/a>.<\/p>\n<p>\u00ab\u00a0Jeff comprend \u00e0 quel point le Groenland est essentiel \u00e0 notre s\u00e9curit\u00e9 nationale, et il d\u00e9fendra avec force les int\u00e9r\u00eats de notre pays pour la s\u00fbret\u00e9, la s\u00e9curit\u00e9 et la survie de nos alli\u00e9s, et, en fait, du monde entier. F\u00e9licitations, Jeff\u00a0!\u00a0\u00bb a \u00e9crit Donald Trump. Dans <a href=\"https:\/\/x.com\/LAGovJeffLandry\/status\/2002950029494124986\" target=\"_blank\" rel=\"noopener\" data-tooltip-url=\"https:\/\/x.com\/LAGovJeffLandry\/status\/2002950029494124986\">un message publi\u00e9 dimanche sur son compte X<\/a>, Jeff Landry a remerci\u00e9 le pr\u00e9sident am\u00e9ricain. \u00ab\u00a0C&rsquo;est un honneur de vous servir b\u00e9n\u00e9volement pour faire du Groenland une partie des Etats-Unis\u00a0\u00bb, a-t-il \u00e9crit avant de pr\u00e9ciser que sa nomination \u00ab\u00a0n&rsquo;affecte en rien\u00a0\u00bb ses fonctions de gouverneur de la Louisiane.<\/p>\n<p>Apr\u00e8s son \u00e9lection, <a href=\"https:\/\/www.franceinfo.fr\/replay-radio\/le-choix-franceinfo\/derriere-les-declarations-de-trump-sur-le-groenland-un-enjeu-economique-et-geostrategique_7170912.html\" rel=\"noopener noreferrer nofollow\" data-tooltip-url=\"https:\/\/www.franceinfo.fr\/replay-radio\/le-choix-franceinfo\/derriere-les-declarations-de-trump-sur-le-groenland-un-enjeu-economique-et-geostrategique_7170912.html\" target=\"_blank\">le pr\u00e9sident am\u00e9ricain avait expliqu\u00e9 avoir \u00ab\u00a0besoin\u00a0\u00bb du Groenland<\/a>, notamment pour la s\u00e9curit\u00e9 des Etats-Unis, r\u00e9p\u00e9tant \u00e0 plusieurs reprises son souhait de s&rsquo;en emparer. Le Groenland, soutenu par sa puissance de tutelle, avait r\u00e9torqu\u00e9 ne pas \u00eatre \u00e0 vendre et d\u00e9cider seul de son avenir. En janvier, 85% des Groenlandais se sont dits oppos\u00e9s \u00e0 une future appartenance aux Etats-Unis, d&rsquo;apr\u00e8s un sondage publi\u00e9 dans le quotidien groenlandais Sermitsiaq. Seuls 6% y \u00e9taient favorables.\u00a0<\/p>\n","protected":false},"excerpt":{"rendered":"\u00ab\u00a0C&rsquo;est un honneur de vous servir b\u00e9n\u00e9volement pour faire du Groenland une partie des Etats-Unis\u00a0\u00bb, a \u00e9crit le&hellip;\n","protected":false},"author":2,"featured_media":615595,"comment_status":"","ping_status":"","sticky":false,"template":"","format":"standard","meta":{"footnotes":""},"categories":[5],"tags":[11,1011,27,14,12,28],"class_list":{"0":"post-615594","1":"post","2":"type-post","3":"status-publish","4":"format-standard","5":"has-post-thumbnail","7":"category-international","8":"tag-actualites","9":"tag-fr","10":"tag-france","11":"tag-international","12":"tag-news","13":"tag-world"},"share_on_mastodon":{"url":"https:\/\/pubeurope.com\/@fr\/115762709139372425","error":""},"_links":{"self":[{"href":"https:\/\/www.europesays.com\/fr\/wp-json\/wp\/v2\/posts\/615594","targetHints":{"allow":["GET"]}}],"collection":[{"href":"https:\/\/www.europesays.com\/fr\/wp-json\/wp\/v2\/posts"}],"about":[{"href":"https:\/\/www.europesays.com\/fr\/wp-json\/wp\/v2\/types\/post"}],"author":[{"embeddable":true,"href":"https:\/\/www.europesays.com\/fr\/wp-json\/wp\/v2\/users\/2"}],"replies":[{"embeddable":true,"href":"https:\/\/www.europesays.com\/fr\/wp-json\/wp\/v2\/comments?post=615594"}],"version-history":[{"count":0,"href":"https:\/\/www.europesays.com\/fr\/wp-json\/wp\/v2\/posts\/615594\/revisions"}],"wp:featuredmedia":[{"embeddable":true,"href":"https:\/\/www.europesays.com\/fr\/wp-json\/wp\/v2\/media\/615595"}],"wp:attachment":[{"href":"https:\/\/www.europesays.com\/fr\/wp-json\/wp\/v2\/media?parent=615594"}],"wp:term":[{"taxonomy":"category","embeddable":true,"href":"https:\/\/www.europesays.com\/fr\/wp-json\/wp\/v2\/categories?post=615594"},{"taxonomy":"post_tag","embeddable":true,"href":"https:\/\/www.europesays.com\/fr\/wp-json\/wp\/v2\/tags?post=615594"}],"curies":[{"name":"wp","href":"https:\/\/api.w.org\/{rel}","templated":true}]}}