{"id":615601,"date":"2025-12-22T10:21:41","date_gmt":"2025-12-22T10:21:41","guid":{"rendered":"https:\/\/www.europesays.com\/fr\/615601\/"},"modified":"2025-12-22T10:21:41","modified_gmt":"2025-12-22T10:21:41","slug":"coupe-de-france-pocognoli-et-monaco-filent-en-16e-nice-bat-saint-etienne-et-met-fin-a-une-serie-de-neuf-defaites","status":"publish","type":"post","link":"https:\/\/www.europesays.com\/fr\/615601\/","title":{"rendered":"Coupe de France: Pocognoli et Monaco filent en 16e, Nice bat Saint-\u00c9tienne et met fin \u00e0 une s\u00e9rie de neuf d\u00e9faites"},"content":{"rendered":"<p class=\"ap-StoryElement ap-StoryElement--mb ap-StoryText\">Avant le deuxi\u00e8me but mon\u00e9gasque, Auxerre, inoffensif durant la premi\u00e8re demi-heure, avait r\u00e9ussi \u00e0 \u00e9galiser sur un penalty transform\u00e9 par Assane Diousse accord\u00e9 pour une faute d&rsquo;Aleksandar Golovin sur Lamine Sy (1-1, 28).<\/p>\n<p class=\"ap-StoryElement ap-StoryElement--mb ap-StoryText\">L&rsquo;ASM aurait pourtant pu se mettre \u00e0 l&rsquo;abri tr\u00e8s rapidement le r\u00e9sultat.<\/p>\n<p><a href=\"https:\/\/www.dhnet.be\/sports\/football\/europe\/championnatsetrangers\/2025\/12\/15\/un-mystere-arbitral-et-une-nouvelle-defaite-la-soiree-frustrante-de-sebastien-pocognoli-face-a-marseille-BOVVFTXRFFBFRPUPUMCO63G3Y4\/\" target=\"_self\" class=\"ap-StoryInterstitialLink ap-StoryElement ap-StoryElement--mb\" rel=\"noopener\">Un myst\u00e8re arbitral et une nouvelle d\u00e9faite : la soir\u00e9e frustrante de S\u00e9bastien Pocognoli face \u00e0 Marseille<\/a><\/p>\n<p class=\"ap-StoryElement ap-StoryElement--mb ap-StoryText\">Apr\u00e8s le premier but de Biereth, Monaco a encore obtenu une opportunit\u00e9 par Balogun, de la t\u00eate, qui a envoy\u00e9 le ballon au dessus (13) avant d&rsquo;\u00eatre neutralis\u00e9 par Th\u00e9o De Percin (13) lequel s&rsquo;est encore interpos\u00e9 devant Akliouche (26).<\/p>\n<p class=\"ap-StoryElement ap-StoryElement--mb ap-StoryText\">Mais par la suite, les hommes de S\u00e9bastien Pocognoli, priv\u00e9s de nombreux joueurs potentiellement titulaires, ont perdu le fil de leur match. L&rsquo;entraineur d\u00e9plorait toutefois pour ce d\u00e9placement les absences de Lamine Camara et Kr\u00e9pin Diatta, retenus \u00e0 la CAN avec le S\u00e9n\u00e9gal, Jordan Teze (suspendu), Philipp K\u00f6hn, Vanderson, Ansu Fati, Paul Pogba et Eric Dier (bless\u00e9s).<\/p>\n<p class=\"ap-StoryElement ap-StoryElement--mb ap-StoryText\">De son c\u00f4t\u00e9, Christophe P\u00e9lissier a d\u00fb aussi composer sans Oussama El Azzouzi, Cl\u00e9ment Akpa (suspendus), Lassine Sinayoko et Dany Namaso (CAN), Elisha Owusu, Telli Siwe, Sekou Mara, Sinaly Diomand\u00e9 (bless\u00e9s) et a d\u00fb aligner une \u00e9quipe tr\u00e8s jeune qui n&rsquo;a pas d\u00e9m\u00e9rit\u00e9.<\/p>\n<p class=\"ap-StoryElement ap-StoryElement--mb ap-StoryText\">En toute fin de match, le jeune Mamoudou Cissokho a manqu\u00e9 d&rsquo;\u00e9galiser sur une reprise la t\u00eate cons\u00e9cutive \u00e0 un centre d\u00e9livr\u00e9 de l&rsquo;aile droite mais arr\u00eat\u00e9e par Hradecky (90) mais Monaco, sans tout ma\u00eetriser, n&rsquo;a toutefois pas \u00e9t\u00e9 trop en danger d\u00e9fensivement. Gros b\u00e9mol toutefois pour l&rsquo;ASM, la blessure de Takumi Minamino, sorti sur civi\u00e8re, apparemment touch\u00e9 \u00e0 un genou.<\/p>\n<p>Nice bat Saint-\u00c9tienne et met fin \u00e0 une s\u00e9rie de neuf d\u00e9faites<\/p>\n<p class=\"ap-StoryElement ap-StoryElement--mb ap-StoryText\">L&rsquo;OGC Nice, en crise depuis de longues semaines, a difficilement battu Saint-\u00c9tienne (2-1) dimanche en 32e de finale de Coupe de France, et, par la m\u00eame occasion, a mis fin a une s\u00e9rie de neuf d\u00e9faites cons\u00e9cutives.<\/p>\n<p class=\"ap-StoryElement ap-StoryElement--mb ap-StoryText\">Dans une Allianz Riviera \u00e0 huis clos en raison des d\u00e9bordements de la tribune Populaire Sud lors de Nice-Marseille (d\u00e9faite 5-1), c&rsquo;est gr\u00e2ce \u00e0 un but du jeune avant-centre Zoumana Diallo (1-0, 11e), 20 ans, dont c&rsquo;\u00e9tait la premi\u00e8re avec Nice, puis \u00e0 une belle reprise Morgan Sanson (2-1, 73e) apr\u00e8s l&rsquo;\u00e9galisation sur p\u00e9nalty de Zuriko Davitashvili (1-1, 45e), que les Aiglons ont renou\u00e9 avec une victoire qui les fuyait depuis le 29 octobre (2-0 contre Lille).<\/p>\n<p class=\"ap-StoryElement ap-StoryElement--mb ap-StoryText\">Avec la d\u00e9fection de 14 \u00e9l\u00e9ments, puisque Charles Vanhoutte (ischio) et Isak Jansson (mollet), touch\u00e9s au dernier moment, n&rsquo;ont pu \u00eatre align\u00e9s, Franck Haise avait apport\u00e9 du sang neuf \u00e0 son attaque.<\/p>\n<p class=\"ap-StoryElement ap-StoryElement--mb ap-StoryText\">Comme Kevin Carlos n&rsquo;est pas au niveau attendu, il a titularis\u00e9 \u00e0 la pointe de l&rsquo;attaque, le jeune Diallo, arriv\u00e9 l&rsquo;\u00e9t\u00e9 dernier de Strasbourg pour un contrat d&rsquo;une saison en post-formation, et qui s&rsquo;entra\u00eenait avec le groupe de l&rsquo;\u00e9quipe premi\u00e8re depuis quelques semaines.<\/p>\n<p><a href=\"https:\/\/www.dhnet.be\/sports\/football\/europe\/championnatsetrangers\/2025\/12\/21\/les-belges-a-letranger-witsel-sincline-avec-gerone-face-a-son-ancien-club-de-latletico-madrid-raskin-battu-U7BTMSQZGRD73DOCDPPGCHEDMU\/\" target=\"_self\" class=\"ap-StoryInterstitialLink ap-StoryElement ap-StoryElement--mb\" rel=\"noopener\">Les Belges \u00e0 l&rsquo;\u00e9tranger: Witsel s&rsquo;incline avec G\u00e9rone face \u00e0 son ancien club de l&rsquo;Atl\u00e9tico Madrid, Raskin battu<\/a><\/p>\n<p class=\"ap-StoryElement ap-StoryElement--mb ap-StoryText\">Bien lui en a pris. Sous les yeux du nouveau pr\u00e9sident, Jean-Pierre Riv\u00e8re, dont c&rsquo;est le deuxi\u00e8me retour au poste apr\u00e8s son d\u00e9part entre janvier et ao\u00fbt 2019, mais aussi ceux de Jean-Claude Blanc, le PDG d&rsquo;Ineos, le jeune attaquant a repris victorieusement un centre de Jonathan Clauss (1-0, 11).<\/p>\n<p class=\"ap-StoryElement ap-StoryElement--mb ap-StoryText\">Si par la suite, il a eu du mal \u00e0 exister, il n&rsquo;a pas fait pire que le reste de l&rsquo;\u00e9quipe ni\u00e7oise, souvent battue dans les duels par le 2e de Ligue 2. Et c&rsquo;est logiquement que Davitashvili a \u00e9galis\u00e9 sur p\u00e9nalty. Il a profit\u00e9 d&rsquo;une faute de Kojo Oppong, mis en difficult\u00e9 par une passe mal assur\u00e9 de Tanguy Ndomb\u00e9l\u00e9, sur Lucas Stassin.<\/p>\n<p class=\"ap-StoryElement ap-StoryElement--mb ap-StoryText\">Apr\u00e8s la pause, les Verts ont monopolis\u00e9 le ballon (69% de possession) sans parvenir \u00e0 prendre l&rsquo;avantage malgr\u00e9 leur domination. M\u00eame apr\u00e8s le but de Sanson, ils ont eu l&rsquo;opportunit\u00e9 de revenir. Mais Maxime Dup\u00e9 a \u00e9t\u00e9 tr\u00e8s solide pour sortir dans les pieds de Stassin (84e). Et l&rsquo;entrant Nadir El Jamali n&rsquo;a pas cadr\u00e9 la balle de match (90e).<\/p>\n<p class=\"ap-StoryElement ap-StoryElement--mb ap-StoryText\">Malgr\u00e9 la qualification, la crise de confiance demeure profonde pour les Ni\u00e7ois. Et si la spirale n\u00e9gative de neuf d\u00e9faites cons\u00e9cutives (record du club) a \u00e9t\u00e9 stopp\u00e9e, rien n&rsquo;a encore \u00e9t\u00e9 r\u00e9solu pour le club azur\u00e9en, qui recevra Strasbourg, le 3 janvier prochain en Ligue 1.<\/p>\n","protected":false},"excerpt":{"rendered":"Avant le deuxi\u00e8me but mon\u00e9gasque, Auxerre, inoffensif durant la premi\u00e8re demi-heure, avait r\u00e9ussi \u00e0 \u00e9galiser sur un penalty&hellip;\n","protected":false},"author":2,"featured_media":615602,"comment_status":"","ping_status":"","sticky":false,"template":"","format":"standard","meta":{"footnotes":""},"categories":[9653],"tags":[1111,11,35369,72627,2430,72618,72620,615,72621,17530,1777,674,54754,2257,1011,18259,27,72616,72615,72628,46296,72625,23549,72626,47820,12,72619,32134,72617,25,72624,4001,72614,72622,72623,72612,72613],"class_list":{"0":"post-615601","1":"post","2":"type-post","3":"status-publish","4":"format-standard","5":"has-post-thumbnail","7":"category-saint-etienne","8":"tag-actu","9":"tag-actualites","10":"tag-ansu-fati","11":"tag-assane-diousse","12":"tag-auvergne-rhone-alpes","13":"tag-christophe-pelissier","14":"tag-clement-akpa","15":"tag-coupe","16":"tag-elisha-owusu","17":"tag-eric-dier","18":"tag-eu","19":"tag-europe","20":"tag-folarin-balogun","21":"tag-foot","22":"tag-fr","23":"tag-fra","24":"tag-france","25":"tag-jordan-teze","26":"tag-krepin-diatta","27":"tag-lamine-camara","28":"tag-lassine-sinayoko","29":"tag-lukas-hradecky","30":"tag-maghnes-akliouche","31":"tag-mamadou-coulibaly","32":"tag-mika-biereth","33":"tag-news","34":"tag-oussama-el-azzouzi","35":"tag-paul-pogba","36":"tag-philipp-kohn","37":"tag-republique-francaise","38":"tag-rudy-matondo","39":"tag-saint-etienne","40":"tag-sebastien-pocognoli","41":"tag-sekou-mara","42":"tag-sinaly-diomande","43":"tag-theo-de-percin","44":"tag-thilo-kehrer"},"share_on_mastodon":{"url":"","error":"Validation failed: Text character limit of 500 exceeded"},"_links":{"self":[{"href":"https:\/\/www.europesays.com\/fr\/wp-json\/wp\/v2\/posts\/615601","targetHints":{"allow":["GET"]}}],"collection":[{"href":"https:\/\/www.europesays.com\/fr\/wp-json\/wp\/v2\/posts"}],"about":[{"href":"https:\/\/www.europesays.com\/fr\/wp-json\/wp\/v2\/types\/post"}],"author":[{"embeddable":true,"href":"https:\/\/www.europesays.com\/fr\/wp-json\/wp\/v2\/users\/2"}],"replies":[{"embeddable":true,"href":"https:\/\/www.europesays.com\/fr\/wp-json\/wp\/v2\/comments?post=615601"}],"version-history":[{"count":0,"href":"https:\/\/www.europesays.com\/fr\/wp-json\/wp\/v2\/posts\/615601\/revisions"}],"wp:featuredmedia":[{"embeddable":true,"href":"https:\/\/www.europesays.com\/fr\/wp-json\/wp\/v2\/media\/615602"}],"wp:attachment":[{"href":"https:\/\/www.europesays.com\/fr\/wp-json\/wp\/v2\/media?parent=615601"}],"wp:term":[{"taxonomy":"category","embeddable":true,"href":"https:\/\/www.europesays.com\/fr\/wp-json\/wp\/v2\/categories?post=615601"},{"taxonomy":"post_tag","embeddable":true,"href":"https:\/\/www.europesays.com\/fr\/wp-json\/wp\/v2\/tags?post=615601"}],"curies":[{"name":"wp","href":"https:\/\/api.w.org\/{rel}","templated":true}]}}