{"id":615606,"date":"2025-12-22T10:26:13","date_gmt":"2025-12-22T10:26:13","guid":{"rendered":"https:\/\/www.europesays.com\/fr\/615606\/"},"modified":"2025-12-22T10:26:13","modified_gmt":"2025-12-22T10:26:13","slug":"mignoni-desempare-par-son-equipe","status":"publish","type":"post","link":"https:\/\/www.europesays.com\/fr\/615606\/","title":{"rendered":"Mignoni d\u00e9sempar\u00e9 par son \u00e9quipe"},"content":{"rendered":"<p><strong>Apr\u00e8s la lourde d\u00e9faite de Toulon<br \/>\n\u00e0 Bordeaux-B\u00e8gles dimanche soir (46-7), l&rsquo;entra\u00eeneur du RCT Pierre<br \/>\nMignoni a eu du mal \u00e0 trouver les mots pour qualifier le match de<br \/>\nson \u00e9quipe, toujours en difficult\u00e9 \u00e0 l&rsquo;ext\u00e9rieur.<\/strong><\/p>\n<p>Le RC Toulon a pris une racl\u00e9e dimanche soir \u00e0 Bordeaux-B\u00e8gles<br \/>\n(46-7) en cl\u00f4ture de la 12e journ\u00e9e de Top 14, et cela commence \u00e0<br \/>\nfaire beaucoup pour son entra\u00eeneur Pierre Mignoni. Sur les trois<br \/>\nderniers matchs \u00e0 l\u2019ext\u00e9rieur en Top 14, le club varois a encaiss\u00e9<br \/>\nau moins 45 points (59 \u00e0 Toulouse, 51 au Stade Fran\u00e7ais et donc 46<br \/>\n\u00e0 l\u2019UBB) et l\u2019ancien de m\u00eal\u00e9e se retrouve un peu d\u00e9sempar\u00e9,<br \/>\nd\u2019autant que son \u00e9quipe restait sur un bon match (\u00e0 domicile)<br \/>\ncontre Bath en Champions Cup (45-34). Le coach ne s\u2019est pas attard\u00e9<br \/>\nen conf\u00e9rence de presse, mais a d\u2019abord tenu \u00e0 f\u00e9liciter son<br \/>\nadversaire : \u00ab <strong>Bordeaux a fait un tr\u00e8s grand match, on n\u2019a<br \/>\npas \u00e9t\u00e9 \u00e0 la hauteur, comme sur la demi-finale en juin<br \/>\ndernier<\/strong> \u00bb, a-t-il reconnu. A l\u2019\u00e9poque, l\u2019UBB l\u2019avait<br \/>\nemport\u00e9 39-24 au Groupama Stadium de Lyon.<\/p>\n<p>Mignoni : \u00ab\u00a0Toulon ne m\u00e9rite<br \/>\npas cette image-l\u00e0\u00a0\u00bb<\/p>\n<p>Pierre Mignoni a ensuite tenu \u00e0 faire passer un message \u00e0 ses<br \/>\njoueurs : \u00ab On ne peut pas passer d\u2019une prestation comme celle de<br \/>\nBath \u00e0 une prestation comme celle-l\u00e0. Je ne sais pas quoi dire, je<br \/>\nne pr\u00e9f\u00e8re pas parler \u00e0 chaud. Quand tu as des ambitions et que tu<br \/>\nsors un match comme \u00e7a\u2026 Je suis d\u00e9sol\u00e9, je ne sais pas quoi faire.<br \/>\nJe r\u00e9fl\u00e9chis sur la semaine, sur le discours, sur plein de choses.<br \/>\nJe peux simplement dire que je suis d\u00e9sol\u00e9, Toulon ne m\u00e9rite pas<br \/>\ncette image-l\u00e0. <strong>On verra bien ce que je vais d\u00e9cider, parce<br \/>\nque ce n\u2019est pas acceptable.<\/strong> \u00bb Dimanche prochain, le RCT<br \/>\nre\u00e7oit Perpignan, lanterne rouge, et semble avoir les cartes en<br \/>\nmain pour s\u2019imposer. Mais il y aura ensuite un d\u00e9placement \u00e0 La<br \/>\nRochelle pour d\u00e9buter l\u2019ann\u00e9e 2026.<\/p>\n<p>\u00ab\u00a0A domicile, on fait le job, et d\u00e8s qu\u2019on se d\u00e9place \u00e0<br \/>\nl\u2019ext\u00e9rieur dans la difficult\u00e9, personne ne r\u00e9pond pr\u00e9sent\u00a0\u00bb,<br \/>\nregrettait quant \u00e0 lui Esteban Abadie. Cela n\u2019emp\u00eache toutefois pas<br \/>\nle RCT d\u2019occuper la 4e place du classement.<\/p>\n","protected":false},"excerpt":{"rendered":"Apr\u00e8s la lourde d\u00e9faite de Toulon \u00e0 Bordeaux-B\u00e8gles dimanche soir (46-7), l&rsquo;entra\u00eeneur du RCT Pierre Mignoni a eu&hellip;\n","protected":false},"author":2,"featured_media":615607,"comment_status":"","ping_status":"","sticky":false,"template":"","format":"standard","meta":{"footnotes":""},"categories":[9619],"tags":[1111,11,5574,1777,674,1011,27,11851,12,882,3461,25,57681,2310],"class_list":{"0":"post-615606","1":"post","2":"type-post","3":"status-publish","4":"format-standard","5":"has-post-thumbnail","7":"category-toulon","8":"tag-actu","9":"tag-actualites","10":"tag-bordeaux-begles","11":"tag-eu","12":"tag-europe","13":"tag-fr","14":"tag-france","15":"tag-mignoni","16":"tag-news","17":"tag-provence-alpes-cote-dazur","18":"tag-rct","19":"tag-republique-francaise","20":"tag-sport365-fr","21":"tag-toulon"},"share_on_mastodon":{"url":"https:\/\/pubeurope.com\/@fr\/115762743562523227","error":""},"_links":{"self":[{"href":"https:\/\/www.europesays.com\/fr\/wp-json\/wp\/v2\/posts\/615606","targetHints":{"allow":["GET"]}}],"collection":[{"href":"https:\/\/www.europesays.com\/fr\/wp-json\/wp\/v2\/posts"}],"about":[{"href":"https:\/\/www.europesays.com\/fr\/wp-json\/wp\/v2\/types\/post"}],"author":[{"embeddable":true,"href":"https:\/\/www.europesays.com\/fr\/wp-json\/wp\/v2\/users\/2"}],"replies":[{"embeddable":true,"href":"https:\/\/www.europesays.com\/fr\/wp-json\/wp\/v2\/comments?post=615606"}],"version-history":[{"count":0,"href":"https:\/\/www.europesays.com\/fr\/wp-json\/wp\/v2\/posts\/615606\/revisions"}],"wp:featuredmedia":[{"embeddable":true,"href":"https:\/\/www.europesays.com\/fr\/wp-json\/wp\/v2\/media\/615607"}],"wp:attachment":[{"href":"https:\/\/www.europesays.com\/fr\/wp-json\/wp\/v2\/media?parent=615606"}],"wp:term":[{"taxonomy":"category","embeddable":true,"href":"https:\/\/www.europesays.com\/fr\/wp-json\/wp\/v2\/categories?post=615606"},{"taxonomy":"post_tag","embeddable":true,"href":"https:\/\/www.europesays.com\/fr\/wp-json\/wp\/v2\/tags?post=615606"}],"curies":[{"name":"wp","href":"https:\/\/api.w.org\/{rel}","templated":true}]}}