{"id":615610,"date":"2025-12-22T10:28:32","date_gmt":"2025-12-22T10:28:32","guid":{"rendered":"https:\/\/www.europesays.com\/fr\/615610\/"},"modified":"2025-12-22T10:28:32","modified_gmt":"2025-12-22T10:28:32","slug":"en-images-pluies-et-inondations-a-montpellier-les-rues-coupees-la-circulation-des-tramways-a-larret-la-situation-en-photos","status":"publish","type":"post","link":"https:\/\/www.europesays.com\/fr\/615610\/","title":{"rendered":"EN IMAGES. Pluies et inondations \u00e0 Montpellier\u00a0: les rues coup\u00e9es, la circulation des tramways \u00e0 l\u2019arr\u00eat\u2026 la situation en photos"},"content":{"rendered":"<p>\n                                                                L\u2019alerte m\u00e9t\u00e9o est maintenue ce lundi 22\u00a0d\u00e9cembre dans l\u2019H\u00e9rault. La ville de Montpellier n\u2019est pas \u00e9pargn\u00e9e par les intemp\u00e9ries. La preuve en images.\n                            <\/p>\n<p>Les pluies diluviennes caus\u00e9es par l\u2019<a href=\"https:\/\/www.midilibre.fr\/actu\/meteo\/intemperies\/\" target=\"_blank\" rel=\"noopener\">\u00e9pisode m\u00e9diterran\u00e9en<\/a> se sont abattues sur Montpellier. R\u00e9sultat, plusieurs routes coup\u00e9es, les lignes de tramway \u00e0 l\u2019arr\u00eat, les parcs et jardins ferm\u00e9es\u2026<\/p>\n<p>Sur la Com\u00e9die<\/p>\n<p>Impossible de franchir la place de la Com\u00e9die sans \u00eatre compl\u00e8tement tremp\u00e9s.<\/p>\n<p>        <img decoding=\"async\" class=\"std-img__img responsive-img\" src=\"https:\/\/www.europesays.com\/fr\/wp-content\/uploads\/2025\/12\/1766399301_92_image.png\" alt=\"La place de la Com\u00e9die sous la pluie\"\/><\/p>\n<p>                La place de la Com\u00e9die sous la pluie<br \/>\n                                    Midi Libre &#8211; Tom Serrano<\/p>\n<p>        <img decoding=\"async\" class=\"std-img__img responsive-img\" src=\"https:\/\/www.europesays.com\/fr\/wp-content\/uploads\/2025\/12\/1766399303_970_image.png\" alt=\"Les terrasses sont rentr\u00e9es.\"\/><\/p>\n<p>                Les terrasses sont rentr\u00e9es.<br \/>\n                                    Midi Libre &#8211; Tom Serrano<\/p>\n<p>Au Triangle<\/p>\n<p>Au niveau de la galerie marchande du Triangle et l\u2019acc\u00e8s au Polygone, il n\u2019est pas ais\u00e9 de franchir la voie pi\u00e9tonne.<\/p>\n<p>        <img decoding=\"async\" class=\"std-img__img responsive-img\" src=\"https:\/\/www.europesays.com\/fr\/wp-content\/uploads\/2025\/12\/1766399304_412_image.png\" alt=\"L\u2019acc\u00e8s au Polygone et au Triangle, pas simple.\"\/><\/p>\n<p>                L\u2019acc\u00e8s au Polygone et au Triangle, pas simple.<br \/>\n                                    Midi Libre &#8211; Tom Serrano<\/p>\n<p>Le tunnel de la Com\u00e9die<\/p>\n<p>La galerie cyclable passant via le tunnel de la Com\u00e9die est ferm\u00e9e \u00e0 la circulation.<\/p>\n<p>        <img decoding=\"async\" class=\"std-img__img responsive-img\" src=\"https:\/\/www.europesays.com\/fr\/wp-content\/uploads\/2025\/12\/1766399306_387_image.png\" alt=\"La galerie cyclable sous la Com\u00e9die ferm\u00e9e.\"\/><\/p>\n<p>                La galerie cyclable sous la Com\u00e9die ferm\u00e9e.<br \/>\n                                    Midi Lbre &#8211; Giacomo Italiano<\/p>\n<p>Une circulation perturb\u00e9e<\/p>\n<p>La circulation des v\u00e9hicules est fortement impact\u00e9e. Il faut \u00eatre prudent notamment rue du Tournoi-des-Six-Nations.<\/p>\n<p>        <img decoding=\"async\" class=\"std-img__img responsive-img\" src=\"https:\/\/www.europesays.com\/fr\/wp-content\/uploads\/2025\/12\/1766399307_682_image.png\" alt=\"Circulation difficile, rue du Tournoi-des-Six-Nations.\"\/><\/p>\n<p>                Circulation difficile, rue du Tournoi-des-Six-Nations.<br \/>\n                                    Midi Libre &#8211; Tom Serrano<\/p>\n<p>Il faut \u00eatre prudent sur plusieurs secteurs.<\/p>\n<p>        <img decoding=\"async\" class=\"std-img__img responsive-img\" src=\"https:\/\/www.europesays.com\/fr\/wp-content\/uploads\/2025\/12\/1766399309_306_image.png\" alt=\"La circulation n\u2019est pas toujours simple.\"\/><\/p>\n<p>                La circulation n\u2019est pas toujours simple.<br \/>\n                                    Midi Libre &#8211; Tom Serrano<\/p>\n<p>Entre autres dans le quartier des Arceaux<\/p>\n<p>        <img decoding=\"async\" class=\"std-img__img responsive-img\" src=\"https:\/\/www.europesays.com\/fr\/wp-content\/uploads\/2025\/12\/1766399311_12_image.jpg\" alt=\"Avenue d\u2019Assas, les voies sont un peu inond\u00e9es.\"\/><\/p>\n<p>                Avenue d\u2019Assas, les voies sont un peu inond\u00e9es.<br \/>\n                                    Midi Libre &#8211; Y. P.<\/p>\n<p>La circulation des tramways perturb\u00e9e<\/p>\n<p>Durant toute la matin\u00e9e, la circulation des tramways a \u00e9t\u00e9 fortement impact\u00e9e. Certaines lignes sont \u00e0 l\u2019arr\u00eat.<\/p>\n<p>        <img decoding=\"async\" class=\"std-img__img responsive-img\" src=\"https:\/\/www.europesays.com\/fr\/wp-content\/uploads\/2025\/12\/1766399312_201_image.jpg\" alt=\"Des lignes \u00e0 l\u2019arr\u00eat ou perturb\u00e9es.\"\/><\/p>\n<p>                Des lignes \u00e0 l\u2019arr\u00eat ou perturb\u00e9es.<br \/>\n                                    Midi Libre &#8211; J.-F. C.<\/p>\n<p>Au Verdanson<\/p>\n<p>Le Verdanson monte mais reste encore dans son lit.<\/p>\n","protected":false},"excerpt":{"rendered":"L\u2019alerte m\u00e9t\u00e9o est maintenue ce lundi 22\u00a0d\u00e9cembre dans l\u2019H\u00e9rault. La ville de Montpellier n\u2019est pas \u00e9pargn\u00e9e par les&hellip;\n","protected":false},"author":2,"featured_media":615611,"comment_status":"","ping_status":"","sticky":false,"template":"","format":"standard","meta":{"footnotes":""},"categories":[9599],"tags":[1111,11,1777,674,1011,27,7089,71962,2208,15882,12,2680,25],"class_list":{"0":"post-615610","1":"post","2":"type-post","3":"status-publish","4":"format-standard","5":"has-post-thumbnail","7":"category-montpellier","8":"tag-actu","9":"tag-actualites","10":"tag-eu","11":"tag-europe","12":"tag-fr","13":"tag-france","14":"tag-herault","15":"tag-intempu00e9ries","16":"tag-montpellier","17":"tag-mu00e9tu00e9o","18":"tag-news","19":"tag-occitanie","20":"tag-republique-francaise"},"share_on_mastodon":{"url":"https:\/\/pubeurope.com\/@fr\/115762753808840547","error":""},"_links":{"self":[{"href":"https:\/\/www.europesays.com\/fr\/wp-json\/wp\/v2\/posts\/615610","targetHints":{"allow":["GET"]}}],"collection":[{"href":"https:\/\/www.europesays.com\/fr\/wp-json\/wp\/v2\/posts"}],"about":[{"href":"https:\/\/www.europesays.com\/fr\/wp-json\/wp\/v2\/types\/post"}],"author":[{"embeddable":true,"href":"https:\/\/www.europesays.com\/fr\/wp-json\/wp\/v2\/users\/2"}],"replies":[{"embeddable":true,"href":"https:\/\/www.europesays.com\/fr\/wp-json\/wp\/v2\/comments?post=615610"}],"version-history":[{"count":0,"href":"https:\/\/www.europesays.com\/fr\/wp-json\/wp\/v2\/posts\/615610\/revisions"}],"wp:featuredmedia":[{"embeddable":true,"href":"https:\/\/www.europesays.com\/fr\/wp-json\/wp\/v2\/media\/615611"}],"wp:attachment":[{"href":"https:\/\/www.europesays.com\/fr\/wp-json\/wp\/v2\/media?parent=615610"}],"wp:term":[{"taxonomy":"category","embeddable":true,"href":"https:\/\/www.europesays.com\/fr\/wp-json\/wp\/v2\/categories?post=615610"},{"taxonomy":"post_tag","embeddable":true,"href":"https:\/\/www.europesays.com\/fr\/wp-json\/wp\/v2\/tags?post=615610"}],"curies":[{"name":"wp","href":"https:\/\/api.w.org\/{rel}","templated":true}]}}