{"id":615612,"date":"2025-12-22T10:30:20","date_gmt":"2025-12-22T10:30:20","guid":{"rendered":"https:\/\/www.europesays.com\/fr\/615612\/"},"modified":"2025-12-22T10:30:20","modified_gmt":"2025-12-22T10:30:20","slug":"jai-envie-de-me-changer-les-idees-un-noel-solidaire-organise-a-lhotel-de-ville-de-rouen","status":"publish","type":"post","link":"https:\/\/www.europesays.com\/fr\/615612\/","title":{"rendered":"\u00ab\u00a0J&rsquo;ai envie de me changer les id\u00e9es\u00a0\u00bb : un No\u00ebl solidaire organis\u00e9 \u00e0 l&rsquo;h\u00f4tel de ville de Rouen"},"content":{"rendered":"<p>Blind-test, karaok\u00e9, un go\u00fbter et des cadeaux\u00a0: vendredi dernier, le salon des mariages de l&rsquo;h\u00f4tel de ville de Rouen s&rsquo;est transform\u00e9 en salle de f\u00eate, pour accueillir 150 personnes en situation de d\u00e9tresse sociale. Un No\u00ebl solidaire organis\u00e9 par la Ville et le Centre d&rsquo;action sociale et communale.\n<\/p>\n<p>Ambiance disco\u00a0: c&rsquo;est le th\u00e8me choisi pour la\u00a0<a target=\"_blank\" rel=\"nofollow noopener noreferrer\" class=\"IciLink ici-link IciArticleLink g-ici-body-regular-1 underline brand svelte-1chfe2s\" href=\"https:\/\/rouen.fr\/breve\/2025\/12\/noel-solidaire-a-lhotel-ville#:~:text=Vendredi%2019%20d%C3%A9cembre%202025%2C%20la,sont%20seuls%20pour%20les%20f%C3%AAtes.\">17\u00e8me \u00e9dition du No\u00ebl solidaire<\/a>, organis\u00e9 \u00e0 l&rsquo;h\u00f4tel de ville de Rouen vendredi 19 d\u00e9cembre. L&rsquo;\u00e9v\u00e9nement \u00e9tait d\u00e9di\u00e9 \u00e0 environ 150 personnes isol\u00e9es ou vivant \u00e0 la rue.<\/p>\n<p>Les tubes des ann\u00e9es 70-80 d\u00e9filent et sur la piste de danse du salon des mariages, il y a Annie. La chor\u00e9graphie de \u00ab\u00a0YMCA\u00a0\u00bb n&rsquo;a pas de secrets pour elle, ni pour sa nouvelle amie. \u00ab\u00a0Je viens de la rencontrer, je l&rsquo;ai invit\u00e9e \u00e0 danser, parce que l&rsquo;ambiance est superbe. Il faut faire la f\u00eate, il y a un monde en ce moment qui est un petit peu triste. J&rsquo;ai envie de me changer les id\u00e9es\u00a0\u00bb, sourit-elle.<\/p>\n<p> <img decoding=\"async\" src=\"https:\/\/www.europesays.com\/fr\/wp-content\/uploads\/2025\/12\/1766399417_793_1280\" alt=\"illustration agrandir l'image\" style=\"--_image-preview:url('data:image\/jpeg;base64,\/9j\/2wBDACgcHiMeGSgjISMtKygwPGRBPDc3PHtYXUlkkYCZlo+AjIqgtObDoKrarYqMyP\/L2u71\/\/\/\/m8H\/\/\/\/6\/+b9\/\/j\/2wBDASstLTw1PHZBQXb4pYyl+Pj4+Pj4+Pj4+Pj4+Pj4+Pj4+Pj4+Pj4+Pj4+Pj4+Pj4+Pj4+Pj4+Pj4+Pj4+Pj4+Pj\/wAARCAAfACoDASIAAhEBAxEB\/8QAFwABAQEBAAAAAAAAAAAAAAAAAQIAA\/\/EABYQAQEBAAAAAAAAAAAAAAAAAAABEf\/EABcBAQEBAQAAAAAAAAAAAAAAAAIAAwH\/xAAVEQEBAAAAAAAAAAAAAAAAAAAAAf\/aAAwDAQACEQMRAD8A5Sq1ylVrUlVFOgKmOpIWEmKEjNQOhg5USIQJ\/9k=');\" loading=\"lazy\" fetchpriority=\"low\" class=\"svelte-1cksh76 rounded\" onload=\"this.__e=event\" onerror=\"this.__e=event\"\/> Blind-test et karaok\u00e9 \u00e9taient au programme du No\u00ebl solidaire \u00e0 l&rsquo;h\u00f4tel de ville de Rouen. \u00a9 Radio France &#8211; Sarah-Yasmine Ziani  <\/p>\n<p>C&rsquo;est aussi pour se changer les id\u00e9es que Flo est venu, chapeau de No\u00ebl sur la t\u00eate. \u00ab\u00a0J&rsquo;avais plut\u00f4t une bonne situation et&#8230; Je me suis retrouv\u00e9 \u00e0 la rue, un peu par un concours de circonstances\u00a0\u00bb, raconte-t-il. Lui ne danse pas, mais il est tout de m\u00eame agr\u00e9ablement surpris par la f\u00eate. \u00ab\u00a0On ne nous laisse pas tomber pendant les p\u00e9riodes de f\u00eates et on essaie au moins de nous redonner un peu le sourire, de nous faire aller de l&rsquo;avant.\u00a0\u00bb<\/p>\n<p>Un peu de chaleur humaine pour No\u00ebl<\/p>\n<p>Si cet \u00e9v\u00e9nement est possible, c&rsquo;est gr\u00e2ce \u00e0 une longue liste d&rsquo;associations et autres partenaires, mais aussi au\u00a0<a target=\"_blank\" rel=\"nofollow noopener noreferrer\" class=\"IciLink ici-link IciArticleLink g-ici-body-regular-1 underline brand svelte-1chfe2s\" href=\"https:\/\/rouen.fr\/adresse\/ccas\">centre communal d&rsquo;action sociale (CCAS)<\/a>\u00a0et \u00e0 la Direction G\u00e9n\u00e9rale de la Coh\u00e9sion Sociale (DGCS) o\u00f9 travaille Dalila Tair. \u00ab\u00a0Pour les parcours tr\u00e8s pr\u00e9caires, les personnes qui se retrouvent sans domicile et \u00e0 la rue, No\u00ebl, c&rsquo;est peut-\u00eatre encore qu&rsquo;un concept pour eux. Pour le coup, c&rsquo;est vraiment un moment qui leur est d\u00e9di\u00e9, qui leur permet de c\u00e9l\u00e9brer cette f\u00eate.\u00a0\u00bb<\/p>\n<p>\u00c0 lire aussi   <img decoding=\"async\" src=\"https:\/\/www.europesays.com\/fr\/wp-content\/uploads\/2025\/12\/1766399419_292_400x400\" alt=\"\" style=\"--_image-preview:url('data:image\/jpeg;base64,\/9j\/2wBDACgcHiMeGSgjISMtKygwPGRBPDc3PHtYXUlkkYCZlo+AjIqgtObDoKrarYqMyP\/L2u71\/\/\/\/m8H\/\/\/\/6\/+b9\/\/j\/2wBDASstLTw1PHZBQXb4pYyl+Pj4+Pj4+Pj4+Pj4+Pj4+Pj4+Pj4+Pj4+Pj4+Pj4+Pj4+Pj4+Pj4+Pj4+Pj4+Pj4+Pj\/wAARCAAXACoDASIAAhEBAxEB\/8QAGAAAAwEBAAAAAAAAAAAAAAAAAAIDAQT\/xAAYEAEBAQEBAAAAAAAAAAAAAAAAAQISEf\/EABYBAQEBAAAAAAAAAAAAAAAAAAECAP\/EABURAQEAAAAAAAAAAAAAAAAAAAAB\/9oADAMBAAIRAxEAPwDpuk7ovTLQW9NlT9NmmBWGLk5DklFoCFVhsgLiVsKAMz\/\/2Q==');\" loading=\"lazy\" fetchpriority=\"low\" aria-hidden=\"true\" class=\"svelte-1cksh76 rounded\" onload=\"this.__e=event\" onerror=\"this.__e=event\"\/><\/p>\n<p>L&rsquo;objectif\u00a0: apporter un peu de baume au c\u0153ur et de chaleur humaine, le temps d&rsquo;une apr\u00e8s-midi.\u00a0Et puis, pas de No\u00ebl sans cadeaux. Mais qu&rsquo;y a-t-il dans ces petits paquets qui attendent sagement\u00a0? \u00ab\u00a0Il y a un peu de tout, des cadeaux pour les femmes, pour les hommes, explique\u00a0Nicolas Mayer-Rossignol, le maire de Rouen. Vous voyez que \u00e7a passe aussi via certaines associations, notamment\u00a0<a target=\"_blank\" rel=\"nofollow noopener noreferrer\" class=\"IciLink ici-link IciArticleLink g-ici-body-regular-1 underline brand svelte-1chfe2s\" href=\"https:\/\/rouen.fr\/adresse\/la-chaloupe\">La Chaloupe.<\/a>\u00a0Et puis, il y a aussi des petites douceurs, des chocolats&#8230;\u00a0\u00bb<\/p>\n<p>Une surprise que les participants ont pu d\u00e9couvrir apr\u00e8s un go\u00fbter convivial.<\/p>\n","protected":false},"excerpt":{"rendered":"Blind-test, karaok\u00e9, un go\u00fbter et des cadeaux\u00a0: vendredi dernier, le salon des mariages de l&rsquo;h\u00f4tel de ville de&hellip;\n","protected":false},"author":2,"featured_media":615613,"comment_status":"","ping_status":"","sticky":false,"template":"","format":"standard","meta":{"footnotes":""},"categories":[9587],"tags":[1111,11,1777,674,1011,27,12,5161,25,9590],"class_list":{"0":"post-615612","1":"post","2":"type-post","3":"status-publish","4":"format-standard","5":"has-post-thumbnail","7":"category-rouen","8":"tag-actu","9":"tag-actualites","10":"tag-eu","11":"tag-europe","12":"tag-fr","13":"tag-france","14":"tag-news","15":"tag-normandie","16":"tag-republique-francaise","17":"tag-rouen"},"share_on_mastodon":{"url":"https:\/\/pubeurope.com\/@fr\/115762760162384199","error":""},"_links":{"self":[{"href":"https:\/\/www.europesays.com\/fr\/wp-json\/wp\/v2\/posts\/615612","targetHints":{"allow":["GET"]}}],"collection":[{"href":"https:\/\/www.europesays.com\/fr\/wp-json\/wp\/v2\/posts"}],"about":[{"href":"https:\/\/www.europesays.com\/fr\/wp-json\/wp\/v2\/types\/post"}],"author":[{"embeddable":true,"href":"https:\/\/www.europesays.com\/fr\/wp-json\/wp\/v2\/users\/2"}],"replies":[{"embeddable":true,"href":"https:\/\/www.europesays.com\/fr\/wp-json\/wp\/v2\/comments?post=615612"}],"version-history":[{"count":0,"href":"https:\/\/www.europesays.com\/fr\/wp-json\/wp\/v2\/posts\/615612\/revisions"}],"wp:featuredmedia":[{"embeddable":true,"href":"https:\/\/www.europesays.com\/fr\/wp-json\/wp\/v2\/media\/615613"}],"wp:attachment":[{"href":"https:\/\/www.europesays.com\/fr\/wp-json\/wp\/v2\/media?parent=615612"}],"wp:term":[{"taxonomy":"category","embeddable":true,"href":"https:\/\/www.europesays.com\/fr\/wp-json\/wp\/v2\/categories?post=615612"},{"taxonomy":"post_tag","embeddable":true,"href":"https:\/\/www.europesays.com\/fr\/wp-json\/wp\/v2\/tags?post=615612"}],"curies":[{"name":"wp","href":"https:\/\/api.w.org\/{rel}","templated":true}]}}