{"id":615623,"date":"2025-12-22T10:38:11","date_gmt":"2025-12-22T10:38:11","guid":{"rendered":"https:\/\/www.europesays.com\/fr\/615623\/"},"modified":"2025-12-22T10:38:11","modified_gmt":"2025-12-22T10:38:11","slug":"la-communication-au-coeur-de-la-croissance","status":"publish","type":"post","link":"https:\/\/www.europesays.com\/fr\/615623\/","title":{"rendered":"La communication au coeur de la croissance"},"content":{"rendered":"<p melodystyle=\"\">R\u00e9unis le 20 novembre \u00e0 la CCI Nice C\u00f4te d\u2019Azur, professionnels de la communication, dirigeants et entrepreneurs ont particip\u00e9 \u00e0 l\u2019\u00e9v\u00e9nement \u00ab\u00a0Le secret des marques qui performent\u00a0\u00bb, organis\u00e9 par l\u2019UCC Grand Sud (l\u2019Union des conseils en communication). Ouvert \u00e0 tous les professionnels du secteur, ce rendez-vous gratuit s\u2019inscrit dans un cycle de rencontres d\u00e9ploy\u00e9 dans plusieurs grandes villes du sud, avec un objectif constant : d\u00e9montrer que la communication constitue un levier strat\u00e9gique de cr\u00e9ation de valeur pour les entreprises, en particulier dans un contexte \u00e9conomique incertain.<\/p>\n<p>Des strat\u00e9gies concr\u00e8tes au service de la performance<\/p>\n<p melodystyle=\"\">\u00c0 Nice, six agences de communication sont venues pr\u00e9senter un projet phare illustrant le th\u00e8me de l\u2019\u00e9v\u00e9nement. Des t\u00e9moignages qui ont mis en lumi\u00e8re la diversit\u00e9 des approches possibles. Pix Associates (Nice et Paris) a ouvert la matin\u00e9e en montrant comment une strat\u00e9gie de contenu et de SEO, pens\u00e9e \u00e0 partir de l\u2019ADN de marque, peut transformer un h\u00e9ritage historique en moteur de croissance digitale. Do Ingenia (Valbonne) a, pour sa part, illustr\u00e9 la mani\u00e8re dont l\u2019analyse des donn\u00e9es et des comportements de recherche nourrit la cr\u00e9ativit\u00e9 et renforce la l\u00e9gitimit\u00e9 d\u2019une marque sur des march\u00e9s tr\u00e8s concurrentiels. La dimension digitale a \u00e9galement occup\u00e9 une place centrale. Avec Le Parfait, l\u2019agence Shakebiz (Nice) a pr\u00e9sent\u00e9 une refonte globale associant site e-commerce et application mobile, con\u00e7ue pour prolonger l\u2019exp\u00e9rience utilisateur au quotidien et activer durablement le capital de marque. BHB Communication (Nice) a, quant \u00e0 elle, d\u00e9taill\u00e9 la trajectoire de Coverpla, pass\u00e9e d\u2019une pr\u00e9sence locale quasi inexistante sur les r\u00e9seaux sociaux \u00e0 une influence internationale multilingue, avec un impact direct sur le d\u00e9veloppement commercial.<\/p>\n<p>Communication, image et responsabilit\u00e9<\/p>\n<p melodystyle=\"\">Au-del\u00e0 de la performance \u00e9conomique, plusieurs interventions ont soulign\u00e9 l\u2019importance d\u2019aligner communication et engagement. Gazelle Communication (Le Cannet) a ainsi expos\u00e9 le cas du golf Old Course de Cannes-Mandelieu, repositionn\u00e9 comme un acteur exemplaire de la responsabilit\u00e9 soci\u00e9tale et environnementale. En s\u2019appuyant sur des actions concr\u00e8tes et une strat\u00e9gie de p\u00e9dagogie, la communication a contribu\u00e9 \u00e0 faire \u00e9voluer les perceptions aupr\u00e8s des m\u00e9dias, des institutions et des acteurs du territoire. Enfin, l\u2019exp\u00e9rience de la Fondation Lenval, pr\u00e9sent\u00e9e par l\u2019agence Nocta (Nice), a rappel\u00e9 que la communication ne s\u2019adresse pas uniquement aux publics externes. Pens\u00e9e comme un outil de coh\u00e9sion et de management, la communication interne peut renforcer l\u2019engagement des \u00e9quipes et leur fiert\u00e9 d\u2019appartenance. Au fil des \u00e9changes, un constat partag\u00e9 s\u2019est impos\u00e9 : loin d\u2019\u00eatre un simple poste de d\u00e9pense, la communication appara\u00eet comme un investissement structurant, capable d\u2019accompagner les transformations des entreprises et de soutenir durablement leur performance.<\/p>\n","protected":false},"excerpt":{"rendered":"R\u00e9unis le 20 novembre \u00e0 la CCI Nice C\u00f4te d\u2019Azur, professionnels de la communication, dirigeants et entrepreneurs ont&hellip;\n","protected":false},"author":2,"featured_media":615624,"comment_status":"","ping_status":"","sticky":false,"template":"","format":"standard","meta":{"footnotes":""},"categories":[2819],"tags":[1111,11,1777,674,1011,27,12,2401,882,25],"class_list":{"0":"post-615623","1":"post","2":"type-post","3":"status-publish","4":"format-standard","5":"has-post-thumbnail","7":"category-nice","8":"tag-actu","9":"tag-actualites","10":"tag-eu","11":"tag-europe","12":"tag-fr","13":"tag-france","14":"tag-news","15":"tag-nice","16":"tag-provence-alpes-cote-dazur","17":"tag-republique-francaise"},"share_on_mastodon":{"url":"https:\/\/pubeurope.com\/@fr\/115762790641776737","error":""},"_links":{"self":[{"href":"https:\/\/www.europesays.com\/fr\/wp-json\/wp\/v2\/posts\/615623","targetHints":{"allow":["GET"]}}],"collection":[{"href":"https:\/\/www.europesays.com\/fr\/wp-json\/wp\/v2\/posts"}],"about":[{"href":"https:\/\/www.europesays.com\/fr\/wp-json\/wp\/v2\/types\/post"}],"author":[{"embeddable":true,"href":"https:\/\/www.europesays.com\/fr\/wp-json\/wp\/v2\/users\/2"}],"replies":[{"embeddable":true,"href":"https:\/\/www.europesays.com\/fr\/wp-json\/wp\/v2\/comments?post=615623"}],"version-history":[{"count":0,"href":"https:\/\/www.europesays.com\/fr\/wp-json\/wp\/v2\/posts\/615623\/revisions"}],"wp:featuredmedia":[{"embeddable":true,"href":"https:\/\/www.europesays.com\/fr\/wp-json\/wp\/v2\/media\/615624"}],"wp:attachment":[{"href":"https:\/\/www.europesays.com\/fr\/wp-json\/wp\/v2\/media?parent=615623"}],"wp:term":[{"taxonomy":"category","embeddable":true,"href":"https:\/\/www.europesays.com\/fr\/wp-json\/wp\/v2\/categories?post=615623"},{"taxonomy":"post_tag","embeddable":true,"href":"https:\/\/www.europesays.com\/fr\/wp-json\/wp\/v2\/tags?post=615623"}],"curies":[{"name":"wp","href":"https:\/\/api.w.org\/{rel}","templated":true}]}}