{"id":615625,"date":"2025-12-22T10:39:21","date_gmt":"2025-12-22T10:39:21","guid":{"rendered":"https:\/\/www.europesays.com\/fr\/615625\/"},"modified":"2025-12-22T10:39:21","modified_gmt":"2025-12-22T10:39:21","slug":"il-tente-de-poignarder-des-passants-et-recite-des-versets-du-coran","status":"publish","type":"post","link":"https:\/\/www.europesays.com\/fr\/615625\/","title":{"rendered":"il tente de poignarder des passants et r\u00e9cite des versets du Coran"},"content":{"rendered":"<p>            <img decoding=\"async\" alt=\"Image d'illustration.\" src=\"https:\/\/www.europesays.com\/fr\/wp-content\/uploads\/2025\/12\/sipa_01242354_000003.jpg\" width=\"375\" height=\"250\" loading=\"lazy\"\/><\/p>\n<p>\n    Image d&rsquo;illustration.<\/p>\n<p>                SIPA<br \/>\n                                        \/<br \/>\n                                                    \u00a9 Mourad Allili<\/p>\n<p>La ville de Nice aurait \u00e9chapp\u00e9 de justesse \u00e0 une attaque sanglante. Le 9\u00a0d\u00e9cembre dernier, Taoufik R. \u00e9tait interpell\u00e9 par la police \u00e0 l\u2019issue d\u2019une \u00ab\u00a0rixe\u00a0\u00bb. L\u2019individu, arm\u00e9 d\u2019un couteau, \u00e9tait sous l\u2019emprise de la coca\u00efne. Devant les forces de l\u2019ordre, il l\u00e2che son arme, mais tente de s\u2019emparer d\u2019un pistolet d&rsquo;un policier, tout en mordant un fonctionnaire.<\/p>\n<p>Versets du Coran<\/p>\n<p>L\u2019affaire est trait\u00e9e comme un simple fait divers par la presse locale. Mais selon <a href=\"https:\/\/www.valeursactuelles.com\/clubvaleurs\/faits-divers\/allah-akbar-et-versets-du-coran-une-attaque-au-couteau-evitee-de-justesse-a-nice\" target=\"_blank\" rel=\"noopener\">Valeurs actuelles<\/a>, l\u2019agression pourrait rev\u00eatir un caract\u00e8re islamiste. Avant son arrestation, l\u2019individu aurait tent\u00e9 de poignarder un couple en voiture, avant de s\u2019en prendre aux passants de ce quartier. Un vent de panique s\u2019empare des riverains et des familles venues chercher leurs enfants \u00e0 l\u2019\u00e9cole toute proche.<\/p>\n<p>    La suite apr\u00e8s cette publicit\u00e9<\/p>\n<p>Arme au poing, les policiers s\u2019avancent vers l\u2019homme \u00e2g\u00e9 de 40\u00a0ans. Celui-ci aurait alors brandi un couteau de cuisine de trente centim\u00e8tres, tout en criant \u00ab\u00a0Allah Akbar\u00a0\u00bb. Selon le proc\u00e8s-verbal consult\u00e9 par Valeurs actuelles, l\u2019individu r\u00e9siste, et r\u00e9cite des versets du Coran, expliquant que Dieu \u00ab\u00a0le remboursera de toutes ses dettes s\u2019il parvient \u00e0 faire quelque chose\u00a0\u00bb. N\u00e9 en Tunisie, le suspect est agent de s\u00e9curit\u00e9 de profession. Il a \u00e9t\u00e9 plac\u00e9 en d\u00e9tention provisoire dans l&rsquo;attente de son jugement.<\/p>\n","protected":false},"excerpt":{"rendered":"Image d&rsquo;illustration. SIPA \/ \u00a9 Mourad Allili La ville de Nice aurait \u00e9chapp\u00e9 de justesse \u00e0 une attaque&hellip;\n","protected":false},"author":2,"featured_media":615626,"comment_status":"","ping_status":"","sticky":false,"template":"","format":"standard","meta":{"footnotes":""},"categories":[2819],"tags":[1111,11,1777,674,1011,27,12,2401,882,25],"class_list":{"0":"post-615625","1":"post","2":"type-post","3":"status-publish","4":"format-standard","5":"has-post-thumbnail","7":"category-nice","8":"tag-actu","9":"tag-actualites","10":"tag-eu","11":"tag-europe","12":"tag-fr","13":"tag-france","14":"tag-news","15":"tag-nice","16":"tag-provence-alpes-cote-dazur","17":"tag-republique-francaise"},"share_on_mastodon":{"url":"https:\/\/pubeurope.com\/@fr\/115762795547483041","error":""},"_links":{"self":[{"href":"https:\/\/www.europesays.com\/fr\/wp-json\/wp\/v2\/posts\/615625","targetHints":{"allow":["GET"]}}],"collection":[{"href":"https:\/\/www.europesays.com\/fr\/wp-json\/wp\/v2\/posts"}],"about":[{"href":"https:\/\/www.europesays.com\/fr\/wp-json\/wp\/v2\/types\/post"}],"author":[{"embeddable":true,"href":"https:\/\/www.europesays.com\/fr\/wp-json\/wp\/v2\/users\/2"}],"replies":[{"embeddable":true,"href":"https:\/\/www.europesays.com\/fr\/wp-json\/wp\/v2\/comments?post=615625"}],"version-history":[{"count":0,"href":"https:\/\/www.europesays.com\/fr\/wp-json\/wp\/v2\/posts\/615625\/revisions"}],"wp:featuredmedia":[{"embeddable":true,"href":"https:\/\/www.europesays.com\/fr\/wp-json\/wp\/v2\/media\/615626"}],"wp:attachment":[{"href":"https:\/\/www.europesays.com\/fr\/wp-json\/wp\/v2\/media?parent=615625"}],"wp:term":[{"taxonomy":"category","embeddable":true,"href":"https:\/\/www.europesays.com\/fr\/wp-json\/wp\/v2\/categories?post=615625"},{"taxonomy":"post_tag","embeddable":true,"href":"https:\/\/www.europesays.com\/fr\/wp-json\/wp\/v2\/tags?post=615625"}],"curies":[{"name":"wp","href":"https:\/\/api.w.org\/{rel}","templated":true}]}}