{"id":615637,"date":"2025-12-22T10:46:39","date_gmt":"2025-12-22T10:46:39","guid":{"rendered":"https:\/\/www.europesays.com\/fr\/615637\/"},"modified":"2025-12-22T10:46:39","modified_gmt":"2025-12-22T10:46:39","slug":"leglise-saint-corneille-a-hem-rouvre-pour-noel-plus-lumineuse-que-jamais-et-avec-des-surprises","status":"publish","type":"post","link":"https:\/\/www.europesays.com\/fr\/615637\/","title":{"rendered":"L\u2019\u00e9glise Saint-Corneille \u00e0 Hem rouvre pour No\u00ebl, plus lumineuse que jamais et avec des surprises"},"content":{"rendered":"<p>                    Par<br \/>\n        <strong><br \/>\n            <a href=\"https:\/\/actu.fr\/auteur\/annesophie-2\" title=\"Consulter tous les articles de Anne-Sophie Hourdeaux\" target=\"_blank\" rel=\"noopener\">Anne-Sophie Hourdeaux<\/a><br \/>\n                    <\/strong><\/p>\n<p>        Publi\u00e9 le<\/p>\n<p>            22 d\u00e9c. 2025 \u00e0 7h50        <\/p>\n<p>Apr\u00e8s <b>15 mois de travaux<\/b>, l\u2019<b>\u00e9glise Saint-Corneille<\/b> de <a href=\"https:\/\/actu.fr\/hauts-de-france\/hem_59299\" target=\"_blank\" rel=\"noopener\">Hem<\/a> (Nord), place de la R\u00e9publique, va rouvrir ses portes \u00e0 l\u2019occasion des festivit\u00e9s de <a href=\"https:\/\/actu.fr\/tag\/noel\" target=\"_blank\" rel=\"noopener\">No\u00ebl<\/a> mercredi 24\u00a0d\u00e9cembre 2025. Rendez-vous \u00e0 17\u2009h pour la <b>messe des familles<\/b>, et \u00e0 minuit pour la <b>messe de la nuit de No\u00ebl\u2009<\/b>! C\u2019est une \u00e9glise compl\u00e8tement r\u00e9nov\u00e9e que les habitants vont retrouver. On vous explique les travaux, qui ont <b>mis en valeur des p\u00e9pites oubli\u00e9es<\/b>.<\/p>\n<p>    <img   decoding=\"async\" loading=\"lazy\" class=\"size-large\" src=\"https:\/\/www.europesays.com\/fr\/wp-content\/uploads\/2025\/12\/afb00ff32449683c00ff3244957c00v-960x640.jpg\" alt=\"\u00e9glise saint corneille hem r\u00e9nov\u00e9e\" width=\"960\" height=\"640\"\/><br \/>\n    L\u2019\u00e9glise Saint-Corneille de Hem, en centre-ville a \u00e9t\u00e9 r\u00e9nov\u00e9e \u00e0 l\u2019int\u00e9rieur et ext\u00e9rieur avec un chantier de 15\u00a0mois. Une partie de l\u2019\u00e9glise date du XIIe\u00a0si\u00e8cle. \u00a9Anne-Sophie Hourdeaux\/Croix du NordL\u2019\u00e9difice le plus ancien de la commune<\/p>\n<p class=\" wall-content\">Elle est l\u2019\u00e9difice le <b>plus ancien de la commune<\/b>. Construite au XIIe\u00a0si\u00e8cle dans le pur style roman, l\u2019\u00e9glise du centre de Hem, d\u00e9di\u00e9e \u00e0 saint Corneille, a <b>travers\u00e9 les \u00e9poques<\/b>. Incendi\u00e9e au XIVe\u00a0si\u00e8cle, reconstruite en 1400, \u00e0 nouveau d\u00e9truite puis reconstruite au XVIe, utilis\u00e9e comme magasin \u00e0 fourrage en 1793, incendi\u00e9e en 1803, son clocher actuel date de 1927.<\/p>\n<p class=\" wall-content\">Elle a connu un chantier de plus d\u2019un an qui a n\u00e9cessit\u00e9 sa fermeture. Et on peut dire qu\u2019elle retrouve fi\u00e8re allure\u2009! Il faudra attendre le 24\u00a0d\u00e9cembre 2025 pour que la population d\u00e9couvre son nouveau look, et des surprises sont au rendez-vous.<\/p>\n<p>    <img   decoding=\"async\" loading=\"lazy\" class=\"size-large\" src=\"https:\/\/www.europesays.com\/fr\/wp-content\/uploads\/2025\/12\/52e90ff32449626e90ff32449d9e90v-960x640.jpg\" alt=\"\u00e9glise saint corneille hem r\u00e9nov\u00e9e\" width=\"960\" height=\"640\"\/><br \/>\n    Voici les nouvelles couleurs de l\u2019\u00e9glise du centre de Hem, avec une nouvelle sono et de nouveaux \u00e9clairage et chauffage. \u00a9Anne-Sophie Hourdeaux\/Croix du NordRestaurations ext\u00e9rieure et int\u00e9rieure<\/p>\n<p class=\" wall-content\">C\u2019est un <b>relooking total<\/b> qui a \u00e9t\u00e9 mis \u00e0 l\u2019\u0153uvre. \u00c0 l\u2019ext\u00e9rieur, la r\u00e9novation a consist\u00e9 \u00e0 supprimer l\u2019enduit qui recouvrait les pierres et les briques, redonnant de l\u2019\u00e9clat \u00e0 l\u2019ensemble. \u00ab\u2009La toiture du chieur a \u00e9galement \u00e9t\u00e9 refaite, avec ardoises \u00e0 l\u2019identique\u2009\u00bb signale S\u00e9bastien Fernandes, directeur des services techniques de la ville.<\/p>\n<p>Votre r\u00e9gion, votre actu !<\/p>\n<p>Recevez chaque jour les infos qui comptent pour vous.<\/p>\n<p>\t<a href=\"https:\/\/actu.fr\/newsletter\" class=\"ac-btn ac-btn--corner ac-btn--medium ac-btn--blue800\" target=\"_blank\" rel=\"noopener\">S&rsquo;incrire<\/a><\/p>\n<p>    <img   decoding=\"async\" loading=\"lazy\" class=\"size-large\" src=\"https:\/\/www.europesays.com\/fr\/wp-content\/uploads\/2025\/12\/94049af324496e8049af32449fc049v-960x640.jpg\" alt=\"\u00e9glise saint corneille hem r\u00e9nov\u00e9e\" width=\"960\" height=\"640\"\/><br \/>\n    Tout a \u00e9t\u00e9 r\u00e9nov\u00e9 dans l\u2019\u00e9glise St-Corneille de Hem, m\u00eame la croix lat\u00e9rale. Seul l\u2019orgue, trop v\u00e9tuste a \u00e9t\u00e9 \u00f4t\u00e9. \u00a9Anne-Sophie Hourdeaux\/Croix du Nord<\/p>\n<p class=\" wall-content\">Mais c\u2019est \u00e0 l\u2019int\u00e9rieur que la r\u00e9novation est la plus remarquable. Et la liste est longue\u2009! Les <b>vitraux ayant \u00e9t\u00e9 restaur\u00e9s en 2016<\/b>, il s\u2019agissait de mettre \u00e0 neuf tout le reste. \u00ab\u2009Chauffage, \u00e9lectricit\u00e9, peintures ont \u00e9t\u00e9 enti\u00e8rement refaits\u2009\u00bb liste le directeur des services techniques. Ces 3 aspects ont \u00e9t\u00e9 particuli\u00e8rement peaufin\u00e9s dans les d\u00e9tails. S\u00e9bastien Fernandes nous montre le <b>local technique<\/b>\u2009: \u00ab\u2009Regardez ces deux \u00e9crans tactiles, le chauffage et le son sont g\u00e9r\u00e9s ici, tr\u00e8s facilement, il y a m\u00eame le bluetooth pour les chants de mariage par exemple\u2009!\u2009\u00bb<\/p>\n<p class=\" wall-content\">Les fid\u00e8les retrouveront une \u00e9glise avec des nouvelles couleurs. Les colonnes ne sont plus blanches mais grises, les portes sont bordeaux, le chapiteau des colonnes, encadrures des vitraux et le chieur se parent d\u2019ocre, l\u00e0 o\u00f9 auparavant la couleur \u00e9tait saumon, \u00ab\u2009afin d\u2019avoir des coloris plus chauds qui mettent en valeur davantage les \u00e9l\u00e9ments architecturaux\u2009\u00bb.<\/p>\n<p>    <img   decoding=\"async\" loading=\"lazy\" class=\"size-large\" src=\"https:\/\/www.europesays.com\/fr\/wp-content\/uploads\/2025\/12\/2ce72ef32449610f72ef32449f0f72v-960x640.jpg\" alt=\"\u00e9glise saint corneille hem r\u00e9nov\u00e9e\" width=\"960\" height=\"640\"\/><br \/>\n    L\u2019\u00e9glise est enti\u00e8rement habill\u00e9e de lambris sur tous ses murs int\u00e9rieurs, ils ont \u00e9t\u00e9 trait\u00e9s, vernis et redor\u00e9s. \u00a9Anne-Sophie Hourdeaux\/Croix du Nord\u00c9clairage, lambris, fresque, tableaux<\/p>\n<p class=\" wall-content\">Quant au nouvel \u00e9clairage, les leds ont remplac\u00e9 les anciens projecteurs \u00e9nergivores, et certains ont \u00e9t\u00e9 install\u00e9s \u00e0 des endroits strat\u00e9giques, \u00ab\u2009comme au sol le long des murs pour mettre en valeur les lambris\u2009!\u2009\u00bb<\/p>\n<p class=\" wall-content\">S\u00e9bastien Fernandes insiste sur un des points du chantier\u2009: la mise en valeur des lambris qui ornent tous les murs de l\u2019\u00e9glise, m\u00eame le chieur, ce qui est rare. \u00ab\u2009Chaque panneau de bois a \u00e9t\u00e9 d\u00e9mont\u00e9, trait\u00e9 contre les insectes, vernis. Dans le chieur, sous le grand retable, il manquait une partie de lambris, qui a \u00e9t\u00e9 refaite tellement bien qu\u2019on a du mal \u00e0 diff\u00e9rencier l\u2019ancien du neuf\u2009!\u2009\u00bb<\/p>\n<p class=\" wall-content\">Mr le maire, Francis Vercamer, ajoute\u2009: \u00ab\u2009<b>On a l\u2019impression d\u2019une cath\u00e9drale ici maintenant\u2009!\u2009<\/b>\u00bb Il pr\u00e9cise que le budget du chantier a \u00e9t\u00e9 de 2,6\u00a0millions d\u2019euros, dont 1\u00a0million par la MEL et 18\u2009000\u00a0\u20ac par la Fondation du Patrimoine.<\/p>\n<p class=\" wall-content\">La fresque du couronnement de la Vierge sur l\u2019arche s\u00e9parant la nef de la vo\u00fbte a \u00e9galement connu une restauration. \u00ab\u2009Elle \u00e9tait bien noircie, c\u2019est du tissu\u2009!\u2009\u00bb<\/p>\n<p>    <img   decoding=\"async\" loading=\"lazy\" class=\"size-large\" src=\"https:\/\/www.europesays.com\/fr\/wp-content\/uploads\/2025\/12\/d8911cf3244961d911cf3244921a11v-960x640.jpg\" alt=\"\u00e9glise saint corneille hem r\u00e9nov\u00e9e\" width=\"960\" height=\"640\"\/><br \/>\n    D\u00e9tail d\u2019une des 15 stations du chemin de croix, r\u00e9nov\u00e9 lui aussi. il sera bient\u00f4t \u00e9clair\u00e9. \u00a9Anne-Sophie Hourdeaux\/Croix du Nord<\/p>\n<p class=\" wall-content\">Les grands tableaux du XIXe\u00a0si\u00e8cle du chemin de croix ont subi aussi un lifting, ainsi qu\u2019une crucifixion offerte \u00e0 la paroisse par\u2026 l\u2019Empereur Napol\u00e9on III\u2009!<\/p>\n<p class=\" wall-content\">Le mobilier liturgique, en bois, autel et ambon, a \u00e9t\u00e9 restaur\u00e9 \u00e9galement.<\/p>\n<p>    <img   decoding=\"async\" loading=\"lazy\" class=\"size-large\" src=\"https:\/\/www.europesays.com\/fr\/wp-content\/uploads\/2025\/12\/d5de910424496b9de910424499dde9v-960x640.jpg\" alt=\"\u00e9glise saint corneille hem r\u00e9nov\u00e9e\" width=\"960\" height=\"640\"\/><br \/>\n    Dans le chieur, le mobilier liturgique dont l\u2019autel a \u00e9t\u00e9 r\u00e9nov\u00e9. \u00a9Anne-Sophie Hourdeaux\/Croix du NordDes nouveaut\u00e9s et des surprises<\/p>\n<p class=\" wall-content\">En plus des nombreux \u00e9l\u00e9ments restaur\u00e9s \u00e0 l\u2019identique, il y a aussi des nouveaut\u00e9s. Dans le chieur, l\u2019estrade a \u00e9t\u00e9 \u00f4t\u00e9e, \u00ab\u2009ce qui a permis de remettre en valeur le carrelage d\u2019origine\u2009\u00bb d\u00e9taille S\u00e9bastien Fernandes. \u00c0 cette occasion, des plaques fun\u00e9raires sur le sol du chieur, pr\u00e8s du retable du fond, ont \u00e9t\u00e9 retrouv\u00e9es, \u00ab\u2009laissant supposer qu\u2019il y a des tombes en dessous\u2009\u00bb.<\/p>\n<p>    <img   decoding=\"async\" loading=\"lazy\" class=\"size-large\" src=\"https:\/\/www.europesays.com\/fr\/wp-content\/uploads\/2025\/12\/f182e10424496e782e1042449db82ev-960x640.jpg\" alt=\"\u00e9glise saint corneille hem r\u00e9nov\u00e9e\" width=\"960\" height=\"640\"\/><br \/>\n    Des pierres tombales ont \u00e9t\u00e9 mises \u00e0 jour dans le chieur. \u00a9Anne-Sophie Hourdeaux\/Croix du Nord<\/p>\n<p class=\" wall-content\">En d\u00e9montant les lambris des murs de la nef, une surprise a \u00e9t\u00e9 d\u00e9voil\u00e9e\u2009: \u00ab\u2009On a d\u00e9couvert des confessionnaux cach\u00e9s, en plus des 2 d\u00e9j\u00e0 visibles\u2009!\u2009\u00bb Il ouvre une porte dissimul\u00e9e dans le bois et d\u00e9plie plusieurs panneaux, le \u00ab\u2009placard\u2009\u00bb devient confessionnal avec banc int\u00e9gr\u00e9\u2009! \u00ab\u2009Il y a en a 4 en tout, 2 de chaque c\u00f4t\u00e9\u2009\u00bb.<\/p>\n<p>Un mur du XIIe\u00a0si\u00e8cle d\u00e9couvert et mis en valeur\u2009!<\/p>\n<p class=\" wall-content\">Avec les travaux, l\u2019\u00e9glise a perdu un \u00e9l\u00e9ment notable, pour en mettre en valeur un autre\u2009: la tribune avec l\u2019orgue a disparu\u2009! \u00ab\u2009L\u2019orgue \u00e9tait trop ab\u00eem\u00e9 pour \u00eatre restaur\u00e9, et on a d\u00e9couvert que la tribune cachait une partie importante, un mur de pierres de la partie la plus ancienne de l\u2019\u00e9difice\u2009!\u2009\u00bb ajoute le directeur des services techniques.<\/p>\n<p>    <img   decoding=\"async\" loading=\"lazy\" class=\"size-large\" src=\"https:\/\/www.europesays.com\/fr\/wp-content\/uploads\/2025\/12\/ec9eae8ef7496f0aeae8ef749b4aeav-960x640.jpg\" alt=\"\u00e9glise saint corneille hem\" width=\"960\" height=\"640\"\/><br \/>\n    Voici le mur du XIIe\u00a0si\u00e8cle et la rosace qui \u00e9taient jusqu\u2019ici cach\u00e9s par la tribune de l\u2019orgue. \u00a9Anne-Sophie Hourdeaux\/Croix du Nord<\/p>\n<p class=\" wall-content\">Vous pourrez donc d\u00e9sormais d\u00e9couvrir le mur du XIIe\u00a0si\u00e8cle, vestige de l\u2019\u00e9glise romane originelle qui \u00e9tait jusqu\u2019ici invisible. \u00ab\u2009Il a \u00e9t\u00e9 restaur\u00e9, les parties manquantes ont \u00e9t\u00e9 combl\u00e9es avec de la brique, pour bien d\u00e9marquer la partie originelle\u2009\u00bb d\u00e9taille S\u00e9bastien Fernandes. Cela a permis de d\u00e9voiler une p\u00e9pite de ce mur\u2009: un vitrail rosace avec une colombe, cach\u00e9 jusque-l\u00e0 par l\u2019orgue.<\/p>\n<p class=\" wall-content\">L\u2019orgue de la tribune \u00e9tait irr\u00e9cup\u00e9rable. Mais l\u2019\u00e9glise ne se retrouve cependant pas sans instrument\u2009: \u00ab\u2009Un orgue portatif existe, moins majestueux que celui \u00e0 gros tuyaux, mais qui est assez performant pour assurer les c\u00e9l\u00e9brations\u2009\u00bb appuie Francis Vercamer.<\/p>\n<p>    <img   decoding=\"async\" loading=\"lazy\" class=\"size-large\" src=\"https:\/\/www.europesays.com\/fr\/wp-content\/uploads\/2025\/12\/dad09ff3244966fd09ff3244973e09v-960x640.jpg\" alt=\"\u00e9glise saint corneille hem r\u00e9nov\u00e9e\" width=\"960\" height=\"640\"\/><br \/>\n    Le sas, avec ses 3 arches, sera vitr\u00e9 courant 2026. \u00a9Anne-Sophie Hourdeaux\/Croix du NordEncore quelques travaux en 2026<\/p>\n<p class=\" wall-content\">De l\u2019ext\u00e9rieur, vous verrez sans doute une diff\u00e9rence entre les murs refaits \u00e0 neufs et la grisaille du clocher. Ce n\u2019est que partie remise\u2009: celui-ci sera r\u00e9nov\u00e9 en 2026. Il verra aussi une nouveaut\u00e9\u2009: un sans vitr\u00e9. \u00ab\u2009Il est form\u00e9 de 3 arches qui forment un espace abrit\u00e9 mais ouvert. Ces 3 arches seront \u2018ferm\u00e9es\u2019 par des portes en verre. Ce qui permettra, quand l\u2019\u00e9glise est ferm\u00e9e, de pouvoir s\u2019abriter dans cet espace et de profiter de la vue \u00e0 l\u2019int\u00e9rieur\u2009\u00bb pr\u00e9cise le maire. Presque comme \u00e0 l\u2019<a href=\"https:\/\/actu.fr\/hauts-de-france\/villeneuve-d-ascq_59009\/apres-4-ans-de-travaux-et-plus-de-3-millions-deuros-cette-eglise-de-villeneuve-dascq-rouvre-ses-portes_63583315.html\" target=\"_blank\" rel=\"noopener\">\u00e9glise Saint-Pierre de Flers-Bourg de Villeneuve-d\u2019Ascq<\/a>\u2009!<\/p>\n<p class=\" wall-content\">Les tableaux de chemin de croix auront bient\u00f4t un \u00e9clairage sp\u00e9cial pour les mettre en valeur. Le presbyt\u00e8re face \u00e0 l\u2019\u00e9glise conna\u00eetra aussi un chantier.<\/p>\n<p>    <img   decoding=\"async\" loading=\"lazy\" class=\"size-large\" src=\"https:\/\/www.europesays.com\/fr\/wp-content\/uploads\/2025\/12\/f3f2fef32449669f2fef324496df2fv-960x640.jpg\" alt=\"\u00e9glise saint corneille hem r\u00e9nov\u00e9e\" width=\"960\" height=\"640\"\/><br \/>\n    Le clocher reste \u00e0 r\u00e9nover, ce sera fait en 2026. \u00a9Anne-Sophie Hourdeaux\/Croix du NordNouveaux horaires de messe<\/p>\n<p class=\" wall-content\">Avec cette r\u00e9ouverture, l\u2019horaire de la messe du dimanche est modifi\u00e9\u2009: \u00e0 compter du dimanche 28\u00a0d\u00e9cembre, la messe dominicale sera c\u00e9l\u00e9br\u00e9e chaque dimanche \u00e0 10\u2009h en l\u2019\u00e9glise Saint-Corneille de Hem. Exception\u2009: le 4e dimanche du mois o\u00f9 la messe sera alors c\u00e9l\u00e9br\u00e9e \u00e0 l\u2019\u00e9glise Saint-Jean-Baptiste de Forest-sur-Marque, \u00e9galement \u00e0 10\u2009h. La 3e \u00e9glise de la paroisse, Saint-Joseph \u00e0 Hem, garde son horaire de messe le samedi \u00e0 18\u2009h.<\/p>\n<p>Pr\u00e9voir plus d\u2019ouvertures en semaine<\/p>\n<p class=\" wall-content\">L\u2019enjeu est d\u00e9sormais d\u2019ouvrir davantage l\u2019\u00e9glise Saint-Corneille restaur\u00e9e. \u00ab\u2009On y r\u00e9fl\u00e9chit, c\u2019est important d\u2019offrir \u00e0 la population plus d\u2019occasion de rentrer dans cette \u00e9glise, et pas seulement lors des messes\u2009\u00bb dit Marine Requillart, membre de l\u2019\u00e9quipe d\u2019animation paroissiale. 2026 verra donc des nouveaut\u00e9s pour cette \u00e9glise, notamment en semaine.<\/p>\n<p class=\" wall-content\">Le cur\u00e9 de la paroisse de la Bonne Nouvelle, Gustave D\u2019Almedeia, est ravi\u2009: \u00ab\u2009La mairie s\u2019est vraiment investie pour ce chantier. Pour la communaut\u00e9 qui attendait cette r\u00e9ouverture, c\u2019est un nouveau d\u00e9part spirituel. Le neuf incite \u00e0 la pri\u00e8re\u2009! On a maintenant un lieu de culte qui donne envie de prier. Peut-\u00eatre aura-t-on des nouveaux chr\u00e9tiens qui nous rejoindront\u2026\u2009\u00bb<\/p>\n<p class=\" wall-content\">En attendant, ce sera un beau cadeau de No\u00ebl pour la paroisse que la r\u00e9ouverture de cette belle \u00e9glise le 24\u00a0d\u00e9cembre, avec non pas une mais deux messes\u2009! Aussi, de 21\u2009h \u00e0 22\u2009h\u200930, une auberge espagnole de No\u00ebl est m\u00eame propos\u00e9e avec chocolat chaud offert (il est demand\u00e9 d\u2019apporter une coquille). Joyeux No\u00ebl\u2009!<\/p>\n<p><a href=\"https:\/\/labonnenouvelle.doyennederoubaix.com\/la-lettre-dinformation\/\" target=\"_blank\" rel=\"noopener\">Plus d\u2019informations sur la paroisse, cliquer ici.<\/a><\/p>\n<p class=\" wall-content\">Personnalisez votre actualit\u00e9 en ajoutant vos villes et m\u00e9dias en favori avec <a href=\"https:\/\/moncompte.actu.fr\" title=\"D\u00e9couvez Mon Actu\" rel=\"nofollow noopener\" data-trk=\"{&quot;cta&quot;:{&quot;action&quot;:&quot;https:\\\/\\\/moncompte.actu.fr&quot;,&quot;category&quot;:&quot;mon compte&quot;,&quot;from&quot;:&quot;article footer&quot;,&quot;name&quot;:&quot;Mon actu&quot;,&quot;type&quot;:&quot;cta&quot;}}\" target=\"_blank\">Mon Actu<\/a>.<\/p>\n","protected":false},"excerpt":{"rendered":"Par Anne-Sophie Hourdeaux Publi\u00e9 le 22 d\u00e9c. 2025 \u00e0 7h50 Apr\u00e8s 15 mois de travaux, l\u2019\u00e9glise Saint-Corneille de&hellip;\n","protected":false},"author":2,"featured_media":615638,"comment_status":"","ping_status":"","sticky":false,"template":"","format":"standard","meta":{"footnotes":""},"categories":[2815],"tags":[1111,11,1777,674,1011,27,811,1307,12,2551,4020,25,104],"class_list":{"0":"post-615637","1":"post","2":"type-post","3":"status-publish","4":"format-standard","5":"has-post-thumbnail","7":"category-lille","8":"tag-actu","9":"tag-actualites","10":"tag-eu","11":"tag-europe","12":"tag-fr","13":"tag-france","14":"tag-hauts-de-france","15":"tag-lille","16":"tag-news","17":"tag-patrimoine","18":"tag-religion","19":"tag-republique-francaise","20":"tag-societe"},"share_on_mastodon":{"url":"https:\/\/pubeurope.com\/@fr\/115762823540813625","error":""},"_links":{"self":[{"href":"https:\/\/www.europesays.com\/fr\/wp-json\/wp\/v2\/posts\/615637","targetHints":{"allow":["GET"]}}],"collection":[{"href":"https:\/\/www.europesays.com\/fr\/wp-json\/wp\/v2\/posts"}],"about":[{"href":"https:\/\/www.europesays.com\/fr\/wp-json\/wp\/v2\/types\/post"}],"author":[{"embeddable":true,"href":"https:\/\/www.europesays.com\/fr\/wp-json\/wp\/v2\/users\/2"}],"replies":[{"embeddable":true,"href":"https:\/\/www.europesays.com\/fr\/wp-json\/wp\/v2\/comments?post=615637"}],"version-history":[{"count":0,"href":"https:\/\/www.europesays.com\/fr\/wp-json\/wp\/v2\/posts\/615637\/revisions"}],"wp:featuredmedia":[{"embeddable":true,"href":"https:\/\/www.europesays.com\/fr\/wp-json\/wp\/v2\/media\/615638"}],"wp:attachment":[{"href":"https:\/\/www.europesays.com\/fr\/wp-json\/wp\/v2\/media?parent=615637"}],"wp:term":[{"taxonomy":"category","embeddable":true,"href":"https:\/\/www.europesays.com\/fr\/wp-json\/wp\/v2\/categories?post=615637"},{"taxonomy":"post_tag","embeddable":true,"href":"https:\/\/www.europesays.com\/fr\/wp-json\/wp\/v2\/tags?post=615637"}],"curies":[{"name":"wp","href":"https:\/\/api.w.org\/{rel}","templated":true}]}}