{"id":615639,"date":"2025-12-22T10:47:14","date_gmt":"2025-12-22T10:47:14","guid":{"rendered":"https:\/\/www.europesays.com\/fr\/615639\/"},"modified":"2025-12-22T10:47:14","modified_gmt":"2025-12-22T10:47:14","slug":"gare-saint-sauveur-nouvel-equipement-sportif-actualites","status":"publish","type":"post","link":"https:\/\/www.europesays.com\/fr\/615639\/","title":{"rendered":"Gare Saint-Sauveur : nouvel \u00e9quipement sportif \/ Actualit\u00e9s"},"content":{"rendered":"<p><strong><strong>Une nouvelle salle de sport municipale est en cours d\u2019ach\u00e8vement dans la ZAC Saint-Sauveur. Con\u00e7u sur trois niveaux, l\u2019\u00e9quipement ouvrira ses portes apr\u00e8s les vacances de f\u00e9vrier.\u00a0<\/strong><\/strong><\/p>\n<p>            <img loading=\"lazy\" decoding=\"async\" src=\"\/var\/www\/storage\/images\/mediatheque\/mairie-de-lille\/actualites\/images\/2025\/decembre-2025\/salle-de-sport-saint-sauveur-drone\/3912976-1-fre-FR\/Salle-de-sport-saint-sauveur-drone_news_image_top.jpg\" width=\"776\" height=\"582\" alt=\"\"\/><br \/>\n    \tPhoto Daniel Rapaich<\/p>\n<p>Le nouvel \u00e9quipement sportif situ\u00e9 dans la ZAC Saint-Sauveur, c\u00f4t\u00e9 rue Camille Gu\u00e9rin, ne passe pas inaper\u00e7u.<\/p>\n<p>Son architecture, sa hauteur et surtout sa charpente en forme d\u2019arches renvers\u00e9es interpellent le passant. Apr\u00e8s <strong>24 mois de travaux<\/strong>, le chantier se termine. La salle de sport municipale, imagin\u00e9e par le <strong>cabinet lillois Bureau face B<\/strong>, ouvrira ses portes aux associations et aux clubs apr\u00e8s les vacances de f\u00e9vrier. Le projet est d\u2019autant plus attendu depuis que deux salles d\u2019activit\u00e9s ont ferm\u00e9 dans le secteur.\u00a0<\/p>\n<p>Le projet, men\u00e9 sur une <strong>surface fonci\u00e8re limit\u00e9e \u00e0 1 900 m\u00b2<\/strong>, donne naissance \u00e0 un \u00e9difice de 2 400 m\u00b2 d\u2019espaces sportifs empil\u00e9s sur trois niveaux.\u00a0<strong>Le rez-de-chauss\u00e9e<\/strong> est une grande salle multi-activit\u00e9s (gym, danse, etc.), modulable gr\u00e2ce \u00e0 une cloison mobile. <strong>L\u2019\u00e9tage interm\u00e9diaire<\/strong> est consacr\u00e9 au judo, avec deux dojos et des vestiaires hommes et femmes.<\/p>\n<p>            <img src-full=\"\/var\/www\/storage\/images\/mediatheque\/mairie-de-lille\/actualites\/images\/2025\/decembre-2025\/salle-de-sport-saint-sauveur-interieur\/3912980-1-fre-FR\/salle-de-sport-saint-sauveur-interieur.jpg\" data-caption-full=\"Photo Daniel Rapaich\" width=\"320\" height=\"213\" alt=\"salle de sport saint sauveur int\u00e9rieur \" title=\"salle de sport saint sauveur int\u00e9rieur \" class=\"align-\"\/>\n    <\/p>\n<p>Dernier \u00e9tage\u00a0: spectaculaire\u00a0!<\/p>\n<p>Le dernier \u00e9tage est sans aucun doute le plus spectaculaire\u00a0: d\u00e9di\u00e9 \u00e0 la pratique du basket, du volley et du badminton, il en impose avec sa hauteur sous plafond de 12 m et son bandeau vitr\u00e9 sur trois c\u00f4t\u00e9s qui offre un panorama sur le quartier.\u00a0<\/p>\n<p><strong>La charpente, apparente et ondul\u00e9e, est une prouesse technique\u00a0!<\/strong> La courbure invers\u00e9e de ses quatre coques en bois modifie la trajectoire de la lumi\u00e8re \u00e0 l\u2019int\u00e9rieur de la salle sans qu\u2019un seul rayon de soleil ne touche le sol ni n\u2019\u00e9blouisse les joueurs.<\/p>\n<p>Label \u00ab\u00a0Passivhaus\u00a0\u00bb<\/p>\n<p>Mais au-del\u00e0 de ses usages, le b\u00e2timent impressionne par son ambition environnementale. C\u2019est en effet\u00a0l\u2019un des premiers \u00e9quipements sportifs en France \u00e0 viser le label \u00ab\u00a0Passivhaus\u00a0\u00bb, garantissant une consommation \u00e9nerg\u00e9tique minimale. Raccord\u00e9 au r\u00e9seau de chauffage urbain, il b\u00e9n\u00e9ficie d\u2019une isolation exceptionnelle et d\u2019un syst\u00e8me de ventilation naturelle nocturne: le \u00ab\u00a0<strong>free cooling<\/strong>\u00a0\u00bb qui rafra\u00eechit gratuitement le b\u00e2timent en \u00e9t\u00e9 en utilisant l\u2019air ext\u00e9rieur. Les eaux pluviales sont aussi r\u00e9cup\u00e9r\u00e9es dans un bassin de 150 m\u00b3 pour alimenter les sanitaires et servir \u00e0 l\u2019entretien.<\/p>\n<p><strong>Par Sabine Duez<\/strong><\/p>\n<p>            Lire aussi<\/p>\n<p>            <img loading=\"lazy\" decoding=\"async\" src=\"\/var\/www\/storage\/images\/mediatheque\/mairie-de-lille\/actualites\/images\/2025\/decembre-2025\/grimonprez-jooris\/3913003-1-fre-FR\/Grimonprez-Jooris_crossreading.jpg\" width=\"95\" height=\"95\" alt=\"\"\/>           <\/p>\n<p>            <img loading=\"lazy\" decoding=\"async\" src=\"\/var\/www\/storage\/images\/mediatheque\/mairie-de-lille\/actualites\/images\/avant-2024\/2022\/decembre-2022\/quefaire1512\/3193874-1-fre-FR\/quefaire1512_crossreading.jpg\" width=\"95\" height=\"95\" alt=\"Cr\u00e9dit : Daniel Rapaich\"\/>           <\/p>\n<p>            <img loading=\"lazy\" decoding=\"async\" src=\"\/var\/www\/storage\/images\/mediatheque\/mairie-de-lille\/actualites\/images\/2025\/decembre-2025\/luc-metropole-water-polo-eurocup\/3898477-1-fre-FR\/LUC-METROPOlE-WATER-POLO-EUROCUP_crossreading.jpg\" width=\"95\" height=\"95\" alt=\"LUC METROPOlE WATER-POLO - EUROCUP\"\/>           <\/p>\n<p>        <a href=\"https:\/\/www.lille.fr\/Actualites\/Le-sport-a-Lille-en-decembre\" class=\"actuTitle\" title=\"Le sport \u00e0 Lille en d\u00e9cembre\" target=\"_blank\" rel=\"noopener\">Le sport \u00e0 Lille en d\u00e9cembre<\/a>Enfance et famille<\/p>\n<p>\u00c0 Lille, d\u00e9cembre n\u2019est pas un mois calme. Du roller derby au basket fauteuil, en passant par la boxe professionnelle, le badminton, le tennis, le&#8230;<\/p>\n<p>        <a href=\"https:\/\/www.lille.fr\/Actualites\/Le-sport-a-Lille-en-decembre\" class=\"voirActus\" target=\"_blank\" rel=\"noopener\">Voir<\/a><\/p>\n","protected":false},"excerpt":{"rendered":"Une nouvelle salle de sport municipale est en cours d\u2019ach\u00e8vement dans la ZAC Saint-Sauveur. Con\u00e7u sur trois niveaux,&hellip;\n","protected":false},"author":2,"featured_media":615640,"comment_status":"","ping_status":"","sticky":false,"template":"","format":"standard","meta":{"footnotes":""},"categories":[2815],"tags":[1111,11,4763,1777,674,1011,27,811,1307,5415,12,25],"class_list":{"0":"post-615639","1":"post","2":"type-post","3":"status-publish","4":"format-standard","5":"has-post-thumbnail","7":"category-lille","8":"tag-actu","9":"tag-actualites","10":"tag-agenda","11":"tag-eu","12":"tag-europe","13":"tag-fr","14":"tag-france","15":"tag-hauts-de-france","16":"tag-lille","17":"tag-mairie","18":"tag-news","19":"tag-republique-francaise"},"share_on_mastodon":{"url":"https:\/\/pubeurope.com\/@fr\/115762826326503317","error":""},"_links":{"self":[{"href":"https:\/\/www.europesays.com\/fr\/wp-json\/wp\/v2\/posts\/615639","targetHints":{"allow":["GET"]}}],"collection":[{"href":"https:\/\/www.europesays.com\/fr\/wp-json\/wp\/v2\/posts"}],"about":[{"href":"https:\/\/www.europesays.com\/fr\/wp-json\/wp\/v2\/types\/post"}],"author":[{"embeddable":true,"href":"https:\/\/www.europesays.com\/fr\/wp-json\/wp\/v2\/users\/2"}],"replies":[{"embeddable":true,"href":"https:\/\/www.europesays.com\/fr\/wp-json\/wp\/v2\/comments?post=615639"}],"version-history":[{"count":0,"href":"https:\/\/www.europesays.com\/fr\/wp-json\/wp\/v2\/posts\/615639\/revisions"}],"wp:featuredmedia":[{"embeddable":true,"href":"https:\/\/www.europesays.com\/fr\/wp-json\/wp\/v2\/media\/615640"}],"wp:attachment":[{"href":"https:\/\/www.europesays.com\/fr\/wp-json\/wp\/v2\/media?parent=615639"}],"wp:term":[{"taxonomy":"category","embeddable":true,"href":"https:\/\/www.europesays.com\/fr\/wp-json\/wp\/v2\/categories?post=615639"},{"taxonomy":"post_tag","embeddable":true,"href":"https:\/\/www.europesays.com\/fr\/wp-json\/wp\/v2\/tags?post=615639"}],"curies":[{"name":"wp","href":"https:\/\/api.w.org\/{rel}","templated":true}]}}