{"id":615641,"date":"2025-12-22T10:48:13","date_gmt":"2025-12-22T10:48:13","guid":{"rendered":"https:\/\/www.europesays.com\/fr\/615641\/"},"modified":"2025-12-22T10:48:13","modified_gmt":"2025-12-22T10:48:13","slug":"les-policiers-jouent-les-peres-noel-a-lhopital-saint-joseph","status":"publish","type":"post","link":"https:\/\/www.europesays.com\/fr\/615641\/","title":{"rendered":"Les policiers jouent les p\u00e8res No\u00ebl \u00e0 l\u2019h\u00f4pital Saint-Joseph"},"content":{"rendered":"\n<p>\u00ab\u00a0Merciiiiiiii p\u00e8re No\u00ebl\u00a0!\u00a0\u00bb Dans les couloirs de l\u2019h\u00f4pital Saint-Joseph en cette veille de week-end c\u2019est un peu les festivit\u00e9s avant l\u2019heure. Avec Minnie, L\u00e9o le lion policier et le bonhomme No\u00ebl, les membres de l\u2019association Partenaires police 13 assurent la distribution de cadeaux aux enfants malades du service p\u00e9diatrie.<\/p>\n<p>\u00ab\u00a0On fait \u00e7a chaque ann\u00e9e depuis 5 ans, on a fait appel \u00e0 une collecte nationale avec une autre association parisienne qui s\u2019appelle Fraternit\u00e9 police\u00a0\u00bb, explique Cyrille Faure, pr\u00e9sident fondateur de l\u2019association. L\u2019id\u00e9e\u00a0: \u00ab\u00a0Apporter des c\u0153urs dans les yeux des enfants\u00a0\u00bb, ajoute-t-il, mais aussi donner une autre image des gardiens de la paix, montrer que derri\u00e8re l\u2019uniforme, \u00ab\u00a0il y a des papas No\u00ebl, des mamans No\u00ebl\u00a0\u00bb. Un moment \u00e9galement \u00ab\u00a0solennel, fraternel qui rapproche tout le monde\u00a0\u00bb. Et d\u2019en profiter pour rappeler que \u00ab\u00a0les parents sont l\u00e0 pour \u00e9duquer les enfants, nous, on est l\u00e0 pour les prot\u00e9ger\u00a0\u00bb.<\/p>\n<p>Coiff\u00e9s d\u2019un bonnet, on retrouve l\u00e0 des personnels du Raid, de la BRI (brigade de recherche et d\u2019intervention), de la S\u00fbret\u00e9 urbaine ou de la Bac (brigade anti-criminalit\u00e9) qui se relaient pour remettre les puzzles, jeux de soci\u00e9t\u00e9, poup\u00e9es et autres petites voitures aux petits malades. Parmi eux, Alain, la cinquantaine, membre de la brigade motocycliste qui insiste sur le c\u00f4t\u00e9 humain de son m\u00e9tier. Pour lui, \u00ab\u00a0donner de la joie aux enfants cela n\u2019a pas de prix\u00a0\u00bb. Dans une des salles d\u2019attente, Ranya, bout de chou de 3 ans, n\u2019en croit pas ses yeux, ravie. \u00ab\u00a0Franchement c\u2019est tr\u00e8s sympa, car ici ce n\u2019est pas tr\u00e8s gai\u00a0\u00bb, commente sa maman. Au fil des chambres, l\u2019accueil est chaleureux.<\/p>\n<p> Bouff\u00e9e d\u2019air frais<br \/>\n               <br \/>pour les parents aussi\n              <\/p>\n<p>Depuis son lit \u00e0 barreau, Soan, 2 ans et demi, qui bataille avec son asthme, n\u2019est pas franchement rassur\u00e9 mais un check avec L\u00e9o le lion le convainc, il finira par un petit sourire. Une bouff\u00e9e d\u2019air frais pour son papa, \u00ab\u00a0les journ\u00e9es sont interminables, on esp\u00e8re en sortir tr\u00e8s bient\u00f4t\u00a0\u00bb nous confie-t-il. Plus loin cette petite-fille raconte\u00a0: \u00ab\u00a0Quand j\u2019ai vu les policiers tous en rond par la fen\u00eatre de la chambre de mon petit fr\u00e8re, j\u2019ai cru qu\u2019il y avait un probl\u00e8me. Il a l\u2019appendicite mon petit fr\u00e8re\u00a0\u00bb. Impressionn\u00e9e, sa grand-m\u00e8re envoie\u00a0: \u00ab\u00a0Eh bien c\u2019est toute la brigade qui s\u2019est d\u00e9plac\u00e9e, et pour une fois en douceur\u00a0\u00bb. Alain encaisse la pique\u00a0: \u00ab\u00a0Vous savez pour nous c\u2019est chaud quand c\u2019est chaud en face\u00a0\u00bb. Un petit tour en n\u00e9onatologie et il est temps de prendre la pose avec les soignants, tout aussi emball\u00e9s par la pr\u00e9sence des policiers qui promettent \u00e9videmment de revenir l\u2019ann\u00e9e prochaine.<\/p>\n","protected":false},"excerpt":{"rendered":"\u00ab\u00a0Merciiiiiiii p\u00e8re No\u00ebl\u00a0!\u00a0\u00bb Dans les couloirs de l\u2019h\u00f4pital Saint-Joseph en cette veille de week-end c\u2019est un peu les&hellip;\n","protected":false},"author":2,"featured_media":615642,"comment_status":"","ping_status":"","sticky":false,"template":"","format":"standard","meta":{"footnotes":""},"categories":[2814],"tags":[1111,11,1777,674,1011,27,37064,884,12,882,25],"class_list":{"0":"post-615641","1":"post","2":"type-post","3":"status-publish","4":"format-standard","5":"has-post-thumbnail","7":"category-marseille","8":"tag-actu","9":"tag-actualites","10":"tag-eu","11":"tag-europe","12":"tag-fr","13":"tag-france","14":"tag-fraternite","15":"tag-marseille","16":"tag-news","17":"tag-provence-alpes-cote-dazur","18":"tag-republique-francaise"},"share_on_mastodon":{"url":"https:\/\/pubeurope.com\/@fr\/115762829988366485","error":""},"_links":{"self":[{"href":"https:\/\/www.europesays.com\/fr\/wp-json\/wp\/v2\/posts\/615641","targetHints":{"allow":["GET"]}}],"collection":[{"href":"https:\/\/www.europesays.com\/fr\/wp-json\/wp\/v2\/posts"}],"about":[{"href":"https:\/\/www.europesays.com\/fr\/wp-json\/wp\/v2\/types\/post"}],"author":[{"embeddable":true,"href":"https:\/\/www.europesays.com\/fr\/wp-json\/wp\/v2\/users\/2"}],"replies":[{"embeddable":true,"href":"https:\/\/www.europesays.com\/fr\/wp-json\/wp\/v2\/comments?post=615641"}],"version-history":[{"count":0,"href":"https:\/\/www.europesays.com\/fr\/wp-json\/wp\/v2\/posts\/615641\/revisions"}],"wp:featuredmedia":[{"embeddable":true,"href":"https:\/\/www.europesays.com\/fr\/wp-json\/wp\/v2\/media\/615642"}],"wp:attachment":[{"href":"https:\/\/www.europesays.com\/fr\/wp-json\/wp\/v2\/media?parent=615641"}],"wp:term":[{"taxonomy":"category","embeddable":true,"href":"https:\/\/www.europesays.com\/fr\/wp-json\/wp\/v2\/categories?post=615641"},{"taxonomy":"post_tag","embeddable":true,"href":"https:\/\/www.europesays.com\/fr\/wp-json\/wp\/v2\/tags?post=615641"}],"curies":[{"name":"wp","href":"https:\/\/api.w.org\/{rel}","templated":true}]}}