{"id":615647,"date":"2025-12-22T10:51:13","date_gmt":"2025-12-22T10:51:13","guid":{"rendered":"https:\/\/www.europesays.com\/fr\/615647\/"},"modified":"2025-12-22T10:51:13","modified_gmt":"2025-12-22T10:51:13","slug":"sous-pression-gregory-doucet-et-bruno-bernard-revelent-enfin-leurs-notes-de-frais","status":"publish","type":"post","link":"https:\/\/www.europesays.com\/fr\/615647\/","title":{"rendered":"sous pression, Gr\u00e9gory Doucet et Bruno Bernard r\u00e9v\u00e8lent enfin leurs notes de frais"},"content":{"rendered":"<p>                    Par<br \/>\n        <strong><br \/>\n            <a href=\"https:\/\/actu.fr\/auteur\/nicolas-zaugra\" title=\"Consulter tous les articles de Nicolas Zaugra\" target=\"_blank\" rel=\"noopener\">Nicolas Zaugra<\/a><br \/>\n                    <\/strong><\/p>\n<p>        Publi\u00e9 le<\/p>\n<p>            22 d\u00e9c. 2025 \u00e0 11h49        <\/p>\n<p>24 heures de pol\u00e9mique en pleine campagne des municipales : mis sous pression, le maire de Lyon <a href=\"https:\/\/actu.fr\/auvergne-rhone-alpes\/lyon_69123\/lyon-municipales-2026-les-premiers-soutiens-de-gregory-doucet-devoiles-une-star-s-engage_63600154.html\" target=\"_blank\" rel=\"noopener\">Gr\u00e9gory Doucet<\/a> et le pr\u00e9sident de la M\u00e9tropole <a href=\"https:\/\/actu.fr\/auvergne-rhone-alpes\/lyon_69123\/les-loyers-explosent-ailleurs-mais-pas-a-lyon-bruno-bernard-defend-cette-mesure-contestee_63563975.html\" target=\"_blank\" rel=\"noopener\">Bruno Bernard<\/a> ont finalement c\u00e9d\u00e9.<\/p>\n<p class=\" wall-content\">Les deux \u00e9lus \u00e9cologistes qui <a href=\"https:\/\/actu.fr\/auvergne-rhone-alpes\/lyon_69123\/lyon-gregory-doucet-et-bruno-bernard-cachent-leurs-depenses-sans-reelle-explication_63582954.html\" target=\"_blank\" rel=\"noopener\">refusaient de transmettre leurs d\u00e9penses et notes de frais \u00e0 actu Lyon<\/a> au pr\u00e9texte qu\u2019ils voulaient aussi que la R\u00e9gion publie les siennes, ce qu\u2019elle refuse depuis des ann\u00e9es, ont d\u00e9cid\u00e9 de rendre public aupr\u00e8s de notre r\u00e9daction et quelques m\u00e9dias locaux leurs <strong>d\u00e9penses de transports, de restauration et d\u2019h\u00e9bergement<\/strong>.\u00a0<\/p>\n<p class=\" wall-content\">Nous avons \u00e9pluch\u00e9 les documents transmis (que nous publions par transparence) par les deux collectivit\u00e9s \u2013 sans toutefois obtenir les factures originales. Ce qu\u2019il faut en retenir.\u00a0<\/p>\n<p>Les d\u00e9penses du maire de Lyon<\/p>\n<p class=\" wall-content\">Selon les documents que nous avons re\u00e7us sur la p\u00e9riode 2020-2024, on apprend que le maire a d\u00e9pens\u00e9 <strong>22 090,91 euros de frais de restauration<\/strong>. L\u2019ann\u00e9e la moins d\u00e9pensi\u00e8re est 2020 (Covid oblige et arriv\u00e9e au pouvoir en juillet) avec 2 639,93 \u20ac de repas, l\u2019ann\u00e9e la plus d\u00e9pensi\u00e8re est 2023 avec 8 631,62 euros.\u00a0<\/p>\n<p class=\" wall-content\">On apprend que le maire d\u00e9jeune avec des invit\u00e9s (les noms ne sont pas indiqu\u00e9s sur le document contrairement \u00e0 Bruno Bernard) dans des brasseries bien connues de Lyon, que son entourage pr\u00e9sente comme \u00ab\u00a0refl\u00e9tant la diversit\u00e9 de la sc\u00e8ne gastronomique locale\u00a0\u00bb. Il a ses habitudes au Nord Bocuse, au Bouillon Baratte, au Cintra, au Caf\u00e9 des F\u00e9d\u00e9rations, chez Daniel et Denise ou encore au Comptoir Abel.<\/p>\n<p class=\" wall-content\">Des plateaux repas sont aussi command\u00e9s pour des d\u00e9jeuners de travail en dehors de restaurants aupr\u00e8s de traiteurs. \u00ab\u00a0Sur la p\u00e9riode 2020 \u00e0 avril 2024, ce sont pr\u00e8s de 750 couverts, avec un co\u00fbt moyen de 29 \u20ac par couvert\u00a0\u00bb, vante l\u2019entourage de Gr\u00e9gory Doucet. Qui tacle au passage les <a href=\"https:\/\/actu.fr\/auvergne-rhone-alpes\/lyon_69123\/la-region-cache-les-notes-de-frais-de-laurent-wauquiez-un-recours-met-la-pression_62521046.html\" target=\"_blank\" rel=\"noopener\">d\u00e9penses de Laurent Wauquiez<\/a> (LR), ancien pr\u00e9sident de la R\u00e9gion, qui refuse depuis des ann\u00e9es la transparence sur ses notes de frais : \u00ab\u00a0le maire de Lyon a d\u00e9pens\u00e9 en un mandat moins qu\u2019un seul <a href=\"https:\/\/actu.fr\/auvergne-rhone-alpes\/lyon_69123\/diner-de-luxe-ski-laurent-wauquiez-dans-la-tourmente-apres-un-voyage-secret-au-japon_60978406.html\" target=\"_blank\" rel=\"noopener\">D\u00eener des sommets<\/a>\u00ab\u00a0.\u00a0<\/p>\n<p class=\" wall-content\"><strong>Les d\u00e9penses de restauration de Gr\u00e9gory Doucet :<\/strong><\/p>\n<p><a href=\"https:\/\/static.actu.fr\/uploads\/2025\/12\/frais-de-restauration-maire-2020-28-03-2024-1.pdf\" target=\"_blank\" rel=\"noopener\">Afficher ou t\u00e9l\u00e9charger le fichier.<\/a><\/p>\n<p>Votre r\u00e9gion, votre actu !<\/p>\n<p>Recevez chaque jour les infos qui comptent pour vous.<\/p>\n<p>\t<a href=\"https:\/\/actu.fr\/newsletter\" class=\"ac-btn ac-btn--corner ac-btn--medium ac-btn--blue800\" target=\"_blank\" rel=\"noopener\">S&rsquo;incrire<\/a><br \/>\nSurtout du train et peu d\u2019avion pour Gr\u00e9gory Doucet<\/p>\n<p class=\" wall-content\">Pour les frais de mission (transports et h\u00e9bergements notamment), on apprend que l\u2019activit\u00e9 du maire de Lyon a co\u00fbt\u00e9 seulement 18 673,60 euros pour environ une <strong>trentaine de d\u00e9placements en France et \u00e0 l\u2019\u00e9tranger<\/strong>.\u00a0<\/p>\n<p class=\" wall-content\">Le d\u00e9placement le plus co\u00fbteux pour Gr\u00e9gory Doucet et sa d\u00e9l\u00e9gation est celui \u00e0 Erevan en <strong>Arm\u00e9nie<\/strong> en 2023 pour 2 477,44 euros. La somme comprend des billets de train, d\u2019avion et les h\u00f4tels.\u00a0<\/p>\n<p class=\" wall-content\">Globalement, les d\u00e9placements se sont font tous en train et seuls deux en avion, l\u2019Arm\u00e9nie en 2023 et l\u2019Ukraine en 2022.<\/p>\n<p class=\" wall-content\">Gr\u00e9gory Doucet se rend aussi plusieurs fois \u00e0 Paris (salon des maires, de l\u2019Agriculture, interviews, r\u00e9unions). Des d\u00e9placements sont aussi inscrits \u00e0 Marseille, Avignon, Nantes ou Cannes pour le salon du March\u00e9 international des professionnels de l\u2019immobilier. A l\u2019\u00e9tranger, il se rend en train \u00e0 Milan et Turin, Barcelone, Bruxelles, Gen\u00e8ve.<\/p>\n<p class=\" wall-content\"><strong>Les d\u00e9penses de frais de mission du maire de Lyon<\/strong><\/p>\n<p><a href=\"https:\/\/static.actu.fr\/uploads\/2025\/12\/frais-de-mission-mandat-2020-28-03-2024-1.pdf\" target=\"_blank\" rel=\"noopener\">Afficher ou t\u00e9l\u00e9charger le fichier.<\/a><\/p>\n<p>Les d\u00e9penses de Bruno Bernard, pr\u00e9sident de la M\u00e9tropole<\/p>\n<p class=\" wall-content\">Du c\u00f4t\u00e9 du pr\u00e9sident de la M\u00e9tropole, qui s\u2019est <a href=\"https:\/\/x.com\/actufr_lyon\/status\/2001971301817180636\">d\u00e9fendu publiquement vendredi en affirmant que toutes ses d\u00e9penses \u00e9taient publiques<\/a> \u2013 or seuls des frais de repas avaient \u00e9t\u00e9 publi\u00e9s par une association Transparence Citoyenne, nous avons aussi \u00e9pluch\u00e9 plusieurs documents.\u00a0<\/p>\n<p class=\" wall-content\">Pour les frais de restauration, <strong>11 639,50 euros ont \u00e9t\u00e9 d\u00e9pens\u00e9s entre 2020 et 2024 par Bruno Bernard.<\/strong><\/p>\n<p class=\" wall-content\">Les noms sont inscrits et on y d\u00e9couvre des vice-pr\u00e9sidents de son ex\u00e9cutif, des maires de la m\u00e9tropole, d\u2019arrondissements de Lyon (6e, 7e), Thierry Fremaux, le pr\u00e9sident du festival Lumi\u00e8re, C\u00e9cile Duflot, des journalistes, l\u2019ancien maire de Villeurbanne Jean-Paul Bret, le maire de Lyon Gr\u00e9gory Doucet, la pr\u00e9f\u00e8te du Rh\u00f4ne Fabienne Buccio, Olivier Ginon, le patron de GL Events, le s\u00e9nateur LR Fran\u00e7ois No\u00ebl Buffet, le PDG du Progr\u00e8s Pierre Fanneau, l\u2019ex-pr\u00e9sident de la RATP <a href=\"https:\/\/actu.fr\/ile-de-france\/paris_75056\/ratp-c-est-magnifique-jean-castex-remporte-une-grande-victoire-a-paris-avant-son-depart-a-la-sncf_63320529.html\" target=\"_blank\" rel=\"noopener\">Jean Castex<\/a>\u2026<\/p>\n<p class=\" wall-content\"><strong>Les frais de restauration de Bruno Bernard<\/strong><\/p>\n<p><a href=\"https:\/\/static.actu.fr\/uploads\/2025\/12\/25-08-29-repas-travail-pdt-2020-2024-1.pdf\" target=\"_blank\" rel=\"noopener\">Afficher ou t\u00e9l\u00e9charger le fichier.<\/a><\/p>\n<p>Beaucoup de train et plus d\u2019avion pour le pr\u00e9sident de la M\u00e9tropole<\/p>\n<p class=\" wall-content\">Pour les d\u00e9placements, on apprend que l\u2019\u00e9lu \u00e9cologiste se d\u00e9place lui aussi <strong>majoritairement en train<\/strong> \u00e0 Paris, Nantes, Cannes, Marseille, Reims, Bruxelles, Strasbourg, Barcelone et Bruxelles.\u00a0<\/p>\n<p class=\" wall-content\"><strong>Cinq voyages en avion<\/strong> apparaissent : Nantes (aller simple \u00e0 82,79 euros), Barcelone (1 582 euros avec h\u00f4tels), Montr\u00e9al (4 092,68 euros avec h\u00e9bergements), G\u00f6teborg et Stockholm en Su\u00e8de (976,88 euros avec h\u00f4tels) et Glasgow (2 991,52 euros avec trains, vols et h\u00f4tels). Le pr\u00e9sident de la M\u00e9tropole est plus friand de l\u2019avion que son homologue Gr\u00e9gory Doucet qui s\u2019est engag\u00e9 \u00e0 prendre seulement ce mode de transport tr\u00e8s polluant une fois par an.<\/p>\n<p><a href=\"https:\/\/static.actu.fr\/uploads\/2025\/12\/25-07-02-frais-deplacements-2020-1.pdf\" target=\"_blank\" rel=\"noopener\">Afficher ou t\u00e9l\u00e9charger le fichier.<\/a><\/p>\n<p><a href=\"https:\/\/static.actu.fr\/uploads\/2025\/12\/25-07-02-frais-deplacements-2021-1.pdf\" target=\"_blank\" rel=\"noopener\">Afficher ou t\u00e9l\u00e9charger le fichier.<\/a><\/p>\n<p><a href=\"https:\/\/static.actu.fr\/uploads\/2025\/12\/25-07-02-frais-deplacements-2022-1.pdf\" target=\"_blank\" rel=\"noopener\">Afficher ou t\u00e9l\u00e9charger le fichier.<\/a><\/p>\n<p><a href=\"https:\/\/static.actu.fr\/uploads\/2025\/12\/25-07-02-frais-deplacements-2023-1.pdf\" target=\"_blank\" rel=\"noopener\">Afficher ou t\u00e9l\u00e9charger le fichier.<\/a><\/p>\n<p class=\" wall-content\">Personnalisez votre actualit\u00e9 en ajoutant vos villes et m\u00e9dias en favori avec <a href=\"https:\/\/moncompte.actu.fr\" title=\"D\u00e9couvez Mon Actu\" rel=\"nofollow noopener\" data-trk=\"{&quot;cta&quot;:{&quot;action&quot;:&quot;https:\\\/\\\/moncompte.actu.fr&quot;,&quot;category&quot;:&quot;mon compte&quot;,&quot;from&quot;:&quot;article footer&quot;,&quot;name&quot;:&quot;Mon actu&quot;,&quot;type&quot;:&quot;cta&quot;}}\" target=\"_blank\">Mon Actu<\/a>.<\/p>\n","protected":false},"excerpt":{"rendered":"Par Nicolas Zaugra Publi\u00e9 le 22 d\u00e9c. 2025 \u00e0 11h49 24 heures de pol\u00e9mique en pleine campagne des&hellip;\n","protected":false},"author":2,"featured_media":615648,"comment_status":"","ping_status":"","sticky":false,"template":"","format":"standard","meta":{"footnotes":""},"categories":[1889],"tags":[1111,11,2430,5921,4188,1777,674,1011,27,5226,2428,3434,12,316,25],"class_list":{"0":"post-615647","1":"post","2":"type-post","3":"status-publish","4":"format-standard","5":"has-post-thumbnail","7":"category-lyon","8":"tag-actu","9":"tag-actualites","10":"tag-auvergne-rhone-alpes","11":"tag-bruno-bernard","12":"tag-elections-municipales","13":"tag-eu","14":"tag-europe","15":"tag-fr","16":"tag-france","17":"tag-gregory-doucet","18":"tag-lyon","19":"tag-municipales-2026","20":"tag-news","21":"tag-politique","22":"tag-republique-francaise"},"share_on_mastodon":{"url":"https:\/\/pubeurope.com\/@fr\/115762841741792069","error":""},"_links":{"self":[{"href":"https:\/\/www.europesays.com\/fr\/wp-json\/wp\/v2\/posts\/615647","targetHints":{"allow":["GET"]}}],"collection":[{"href":"https:\/\/www.europesays.com\/fr\/wp-json\/wp\/v2\/posts"}],"about":[{"href":"https:\/\/www.europesays.com\/fr\/wp-json\/wp\/v2\/types\/post"}],"author":[{"embeddable":true,"href":"https:\/\/www.europesays.com\/fr\/wp-json\/wp\/v2\/users\/2"}],"replies":[{"embeddable":true,"href":"https:\/\/www.europesays.com\/fr\/wp-json\/wp\/v2\/comments?post=615647"}],"version-history":[{"count":0,"href":"https:\/\/www.europesays.com\/fr\/wp-json\/wp\/v2\/posts\/615647\/revisions"}],"wp:featuredmedia":[{"embeddable":true,"href":"https:\/\/www.europesays.com\/fr\/wp-json\/wp\/v2\/media\/615648"}],"wp:attachment":[{"href":"https:\/\/www.europesays.com\/fr\/wp-json\/wp\/v2\/media?parent=615647"}],"wp:term":[{"taxonomy":"category","embeddable":true,"href":"https:\/\/www.europesays.com\/fr\/wp-json\/wp\/v2\/categories?post=615647"},{"taxonomy":"post_tag","embeddable":true,"href":"https:\/\/www.europesays.com\/fr\/wp-json\/wp\/v2\/tags?post=615647"}],"curies":[{"name":"wp","href":"https:\/\/api.w.org\/{rel}","templated":true}]}}