{"id":615651,"date":"2025-12-22T10:54:10","date_gmt":"2025-12-22T10:54:10","guid":{"rendered":"https:\/\/www.europesays.com\/fr\/615651\/"},"modified":"2025-12-22T10:54:10","modified_gmt":"2025-12-22T10:54:10","slug":"meteo-france-prevoit-un-noel-enneige-a-paris-et-en-ile-de-france","status":"publish","type":"post","link":"https:\/\/www.europesays.com\/fr\/615651\/","title":{"rendered":"M\u00e9t\u00e9o France pr\u00e9voit un No\u00ebl enneig\u00e9 \u00e0 Paris et en \u00cele-de-France"},"content":{"rendered":"<p>                    Par<br \/>\n        <strong><br \/>\n            <a href=\"https:\/\/actu.fr\/auteur\/redaction-paris\" title=\"Consulter tous les articles de R\u00e9daction Paris\" target=\"_blank\" rel=\"noopener\">R\u00e9daction Paris<\/a><br \/>\n                    <\/strong><\/p>\n<p>        Publi\u00e9 le<\/p>\n<p>            22 d\u00e9c. 2025 \u00e0 11h12        <\/p>\n<p>Un air froid venu de Sib\u00e9rie pourrait bien faire tomber quelques flocons.\u00a0Apr\u00e8s plusieurs semaines de douceur inhabituelle pour la saison, la m\u00e9t\u00e9o devrait amorcer <strong>une bascule significative avant No\u00ebl \u00e0 Paris et en \u00cele-de-France<\/strong>. D\u2019apr\u00e8s <a href=\"https:\/\/meteofrance.com\/\" target=\"_blank\" rel=\"noopener\">M\u00e9t\u00e9o-France<\/a>, une baisse nette des temp\u00e9ratures est attendue \u00e0 partir du 23\u00a0d\u00e9cembre 2025. Un flux continental de nord-est, souvent appel\u00e9 \u00ab\u2009Moscou-Paris\u2009\u00bb, devrait s\u2019installer durablement et apporter un temps froid et sec en dessous des moyennes de saison pour la p\u00e9riode de No\u00ebl jusqu\u2019au d\u00e9but de l\u2019ann\u00e9e 2026.<\/p>\n<p>Fortes incertitudes<\/p>\n<p class=\" wall-content\">\u00c0 Paris et en \u00cele-de-France, cette tendance devrait se traduire par <strong>des journ\u00e9es fra\u00eeches<\/strong> autour des mercredi\u00a024 et jeudi 25\u00a0d\u00e9cembre, avec des temp\u00e9ratures maximales passant difficilement la barre des 0\u00a0\u00b0C. L\u2019influence anticyclonique et le vent d\u2019est renforceront cette sensation de froid, m\u00eame si les conditions resteront g\u00e9n\u00e9ralement loin de records extr\u00eames, indique M\u00e9t\u00e9o France.<\/p>\n<p class=\" wall-content\">En ce qui concerne la neige pour les f\u00eates, <strong>l\u2019incertitude demeure<\/strong>. \u00c0 basse altitude, comme en r\u00e9gion parisienne, les flocons peinent \u00e0 tomber car cela varie \u00e0 un degr\u00e9 pr\u00e8s. Par ailleurs, cela se joue en fonction du positionnement favorable d\u2019une froide d\u2019altitude. Le temps devrait rester froid et sec, avec du gel dans la nuit.<\/p>\n<p class=\" wall-content\">\n<p class=\" wall-content\">.<\/p>\n<p class=\" wall-content\">Personnalisez votre actualit\u00e9 en ajoutant vos villes et m\u00e9dias en favori avec <a href=\"https:\/\/moncompte.actu.fr\" title=\"D\u00e9couvez Mon Actu\" rel=\"nofollow noopener\" data-trk=\"{&quot;cta&quot;:{&quot;action&quot;:&quot;https:\\\/\\\/moncompte.actu.fr&quot;,&quot;category&quot;:&quot;mon compte&quot;,&quot;from&quot;:&quot;article footer&quot;,&quot;name&quot;:&quot;Mon actu&quot;,&quot;type&quot;:&quot;cta&quot;}}\" target=\"_blank\">Mon Actu<\/a>.<\/p>\n","protected":false},"excerpt":{"rendered":"Par R\u00e9daction Paris Publi\u00e9 le 22 d\u00e9c. 2025 \u00e0 11h12 Un air froid venu de Sib\u00e9rie pourrait bien&hellip;\n","protected":false},"author":2,"featured_media":615652,"comment_status":"","ping_status":"","sticky":false,"template":"","format":"standard","meta":{"footnotes":""},"categories":[1888],"tags":[1111,1928,11,1927,1777,674,1011,27,2487,2357,10584,12,1926,626,1925,25],"class_list":{"0":"post-615651","1":"post","2":"type-post","3":"status-publish","4":"format-standard","5":"has-post-thumbnail","7":"category-paris","8":"tag-actu","9":"tag-actu-paris","10":"tag-actualites","11":"tag-actualites-paris","12":"tag-eu","13":"tag-europe","14":"tag-fr","15":"tag-france","16":"tag-meteo","17":"tag-meteo-france","18":"tag-neige","19":"tag-news","20":"tag-news-paris","21":"tag-paris","22":"tag-paris-news","23":"tag-republique-francaise"},"share_on_mastodon":{"url":"https:\/\/pubeurope.com\/@fr\/115762853647539261","error":""},"_links":{"self":[{"href":"https:\/\/www.europesays.com\/fr\/wp-json\/wp\/v2\/posts\/615651","targetHints":{"allow":["GET"]}}],"collection":[{"href":"https:\/\/www.europesays.com\/fr\/wp-json\/wp\/v2\/posts"}],"about":[{"href":"https:\/\/www.europesays.com\/fr\/wp-json\/wp\/v2\/types\/post"}],"author":[{"embeddable":true,"href":"https:\/\/www.europesays.com\/fr\/wp-json\/wp\/v2\/users\/2"}],"replies":[{"embeddable":true,"href":"https:\/\/www.europesays.com\/fr\/wp-json\/wp\/v2\/comments?post=615651"}],"version-history":[{"count":0,"href":"https:\/\/www.europesays.com\/fr\/wp-json\/wp\/v2\/posts\/615651\/revisions"}],"wp:featuredmedia":[{"embeddable":true,"href":"https:\/\/www.europesays.com\/fr\/wp-json\/wp\/v2\/media\/615652"}],"wp:attachment":[{"href":"https:\/\/www.europesays.com\/fr\/wp-json\/wp\/v2\/media?parent=615651"}],"wp:term":[{"taxonomy":"category","embeddable":true,"href":"https:\/\/www.europesays.com\/fr\/wp-json\/wp\/v2\/categories?post=615651"},{"taxonomy":"post_tag","embeddable":true,"href":"https:\/\/www.europesays.com\/fr\/wp-json\/wp\/v2\/tags?post=615651"}],"curies":[{"name":"wp","href":"https:\/\/api.w.org\/{rel}","templated":true}]}}