{"id":615657,"date":"2025-12-22T10:57:12","date_gmt":"2025-12-22T10:57:12","guid":{"rendered":"https:\/\/www.europesays.com\/fr\/615657\/"},"modified":"2025-12-22T10:57:12","modified_gmt":"2025-12-22T10:57:12","slug":"les-essais-de-la-ligne-18-du-metro-ont-demarre-sur-le-viaduc-en-essonne","status":"publish","type":"post","link":"https:\/\/www.europesays.com\/fr\/615657\/","title":{"rendered":"les essais de la ligne 18 du m\u00e9tro ont d\u00e9marr\u00e9 sur le viaduc en Essonne"},"content":{"rendered":"<p>                    Par<br \/>\n        <strong><br \/>\n            <a href=\"https:\/\/actu.fr\/auteur\/thibaut-faussabry\" title=\"Consulter tous les articles de Thibaut Faussabry\" target=\"_blank\" rel=\"noopener\">Thibaut Faussabry<\/a><br \/>\n                    <\/strong><\/p>\n<p>        Publi\u00e9 le<\/p>\n<p>            22 d\u00e9c. 2025 \u00e0 11h49        <\/p>\n<p>Certains automobilistes l\u2019ont aper\u00e7ue en direct depuis la N118. Une <strong>premi\u00e8re rame<\/strong> a circul\u00e9 sur le<strong> viaduc de la ligne 18<\/strong> du <a href=\"https:\/\/actu.fr\/tag\/grand-paris-express\" target=\"_blank\" rel=\"noopener\">Grand Paris Express<\/a> enjambant l\u2019axe routier au niveau d\u2019<a href=\"https:\/\/actu.fr\/ile-de-france\/orsay_91471\" target=\"_blank\" rel=\"noopener\">Orsay<\/a> (<a href=\"https:\/\/actu.fr\/essonne\/\" target=\"_blank\" rel=\"noopener\">Essonne<\/a>), jeudi 18 d\u00e9cembre 2025, peu avant 20\u2009h. <br \/>Un premier roulage qui\u00a0 marque le <strong>d\u00e9but<\/strong> des <strong>essais<\/strong> du <strong>m\u00e9tro<\/strong> qui doit ouvrir en octobre\u00a02026, sur un premier tron\u00e7on entre les gares de Massy \u2013 Palaiseau et de Christ de Saclay.<\/p>\n<p>Les premiers essais sur un ouvrage a\u00e9rien du Grand Paris Express<\/p>\n<p class=\" wall-content\">S\u2019il sera automatique lors de sa mise en service, la rame est <strong>conduite manuellement<\/strong> durant cette premi\u00e8re phase des essais qui doit permettre le recueil et l\u2019analyse de donn\u00e9es.<\/p>\n<p class=\" wall-content\">Des mises en situations comme une op\u00e9ration de secours entre deux trains, des exercices d\u2019acc\u00e9l\u00e9ration et de freinage ou encore la v\u00e9rification de l\u2019alimentation \u00e9lectrique par le troisi\u00e8me rail, sont pr\u00e9vues sur la <a href=\"https:\/\/actu.fr\/ile-de-france\/palaiseau_91477\/video-voici-a-quoi-ressembleront-les-rames-du-metro-18-attendues-pour-octobre-2026-en-essonne_62783879.html\" target=\"_blank\" rel=\"noopener\">rame<\/a> lors des prochaines semaines sur le viaduc ferroviaire de<strong> 6,7\u00a0km<\/strong>, le plus long en Europe.<\/p>\n<p class=\" wall-content\">\u00ab\u2009Toutes ses fonctionnalit\u00e9s seront <strong>pass\u00e9es au peigne fin<\/strong> pour v\u00e9rifier qu\u2019elle r\u00e9pond parfaitement aux exigences de s\u00e9curit\u00e9 et de conception\u2009\u00bb, r\u00e9sume la Soci\u00e9t\u00e9 des Grand Projets dans une newsletter.<\/p>\n<p>Des essais en mode automatique pr\u00e9vus en d\u00e9but d\u2019ann\u00e9e 2026<\/p>\n<p class=\" wall-content\">Une fois ces essais en mode manuel achev\u00e9s, le roulage du m\u00e9tro pourra se faire <strong>en mode automatique<\/strong> avec un pilotage assur\u00e9 \u00e0 distance depuis le centre d\u2019exploitation Palaiseau.<\/p>\n<p class=\" wall-content\">\u00ab\u2009Il s\u2019agira alors de tester l\u2019ensemble du syst\u00e8me de <a href=\"https:\/\/actu.fr\/tag\/transport\" target=\"_blank\" rel=\"noopener\">transport<\/a> <strong>en conditions r\u00e9elles\u2009\u00bb,<\/strong> pr\u00e9cise la Soci\u00e9t\u00e9 des Grand Projets.<\/p>\n<p>Votre r\u00e9gion, votre actu !<\/p>\n<p>Recevez chaque jour les infos qui comptent pour vous.<\/p>\n<p>\t<a href=\"https:\/\/actu.fr\/newsletter\" class=\"ac-btn ac-btn--corner ac-btn--medium ac-btn--blue800\" target=\"_blank\" rel=\"noopener\">S&rsquo;incrire<\/a><\/p>\n<p class=\" wall-content\">La <strong>marche \u00e0 blanc,<\/strong> elle, interviendra bien plus tard. Men\u00e9e par Keolis, l\u2019exploitant de la ligne <a href=\"https:\/\/actu.fr\/societe\/essonne-ile-de-france-mobilites-vote-le-changement-d-operateur-du-tram-t12-et-attribue-la-ligne-18-a-keolis_61227766.html\" target=\"_blank\" rel=\"noopener\">d\u00e9sign\u00e9 par \u00cele-de-France Mobilit\u00e9s<\/a>, elle permettra de peaufiner les derniers d\u00e9tails avant la mise en service attendue en octobre\u00a02026 sur le<a href=\"https:\/\/actu.fr\/tag\/paris-saclay\" target=\"_blank\" rel=\"noopener\"> plateau de Saclay.<\/a><\/p>\n<p>Quatre gares seront desservies lors du lancement du premier tron\u00e7on<\/p>\n<p class=\" wall-content\">Elle desservira alors <strong>quatre gares<\/strong>\u2009: Christ de Saclay o\u00f9 se situe le commissariat \u00e0 l\u2019\u00e9nergie automatique (CEA)\u2009; Universit\u00e9 Paris-Saclay dans la ZAC du quartier de Moulon\u2009; Polytechnique au c\u0153ur du campus de Palaiseau et enfin le p\u00f4le intermodal de Massy Palaiseau qui permettra une correspondance avec la gare TGV de Massy, les RER B et C, la ligne V du Transilien et le tram T12.<\/p>\n<p>    <img   decoding=\"async\" loading=\"lazy\" src=\"https:\/\/www.europesays.com\/fr\/wp-content\/uploads\/2025\/12\/324969-premier-roulage-de-la-ligne-18-sur-le-viaduc-gerard-rollando-960x640.png\" alt=\"La rame en essai sur le viaduc pr\u00e8s de la gare Universit\u00e9 Paris-Saclay situ\u00e9e entre Orsay et Gif-sur-Yvette.\" width=\"960\" height=\"640\"\/><br \/>\n    La rame en essai sur le viaduc pr\u00e8s de la gare Universit\u00e9 Paris-Saclay situ\u00e9e entre Orsay et Gif-sur-Yvette. (\u00a9G\u00e9rard Rollando \/ Soci\u00e9t\u00e9 des grands projets.)<\/p>\n<p class=\" wall-content\">Un an plus tard, fin 2027, c\u2019est le<strong> tron\u00e7on entre Massy Palaiseau et l\u2019a\u00e9roport d\u2019Orly<\/strong> qui sevrait \u00eatre mis en service. R\u00e9cemment, dix kilom\u00e8tres de voie ferr\u00e9e ont \u00e9t\u00e9 pos\u00e9s, soud\u00e9es et b\u00e9tonn\u00e9es entre les deux futures stations.<\/p>\n<p class=\" wall-content\">Personnalisez votre actualit\u00e9 en ajoutant vos villes et m\u00e9dias en favori avec <a href=\"https:\/\/moncompte.actu.fr\" title=\"D\u00e9couvez Mon Actu\" rel=\"nofollow noopener\" data-trk=\"{&quot;cta&quot;:{&quot;action&quot;:&quot;https:\\\/\\\/moncompte.actu.fr&quot;,&quot;category&quot;:&quot;mon compte&quot;,&quot;from&quot;:&quot;article footer&quot;,&quot;name&quot;:&quot;Mon actu&quot;,&quot;type&quot;:&quot;cta&quot;}}\" target=\"_blank\">Mon Actu<\/a>.<\/p>\n","protected":false},"excerpt":{"rendered":"Par Thibaut Faussabry Publi\u00e9 le 22 d\u00e9c. 2025 \u00e0 11h49 Certains automobilistes l\u2019ont aper\u00e7ue en direct depuis la&hellip;\n","protected":false},"author":2,"featured_media":615658,"comment_status":"","ping_status":"","sticky":false,"template":"","format":"standard","meta":{"footnotes":""},"categories":[1888],"tags":[11,1777,674,1011,27,12284,12,626,19894,25,104,2803],"class_list":{"0":"post-615657","1":"post","2":"type-post","3":"status-publish","4":"format-standard","5":"has-post-thumbnail","7":"category-paris","8":"tag-actualites","9":"tag-eu","10":"tag-europe","11":"tag-fr","12":"tag-france","13":"tag-grand-paris-express","14":"tag-news","15":"tag-paris","16":"tag-paris-saclay","17":"tag-republique-francaise","18":"tag-societe","19":"tag-transport"},"share_on_mastodon":{"url":"https:\/\/pubeurope.com\/@fr\/115762866334796014","error":""},"_links":{"self":[{"href":"https:\/\/www.europesays.com\/fr\/wp-json\/wp\/v2\/posts\/615657","targetHints":{"allow":["GET"]}}],"collection":[{"href":"https:\/\/www.europesays.com\/fr\/wp-json\/wp\/v2\/posts"}],"about":[{"href":"https:\/\/www.europesays.com\/fr\/wp-json\/wp\/v2\/types\/post"}],"author":[{"embeddable":true,"href":"https:\/\/www.europesays.com\/fr\/wp-json\/wp\/v2\/users\/2"}],"replies":[{"embeddable":true,"href":"https:\/\/www.europesays.com\/fr\/wp-json\/wp\/v2\/comments?post=615657"}],"version-history":[{"count":0,"href":"https:\/\/www.europesays.com\/fr\/wp-json\/wp\/v2\/posts\/615657\/revisions"}],"wp:featuredmedia":[{"embeddable":true,"href":"https:\/\/www.europesays.com\/fr\/wp-json\/wp\/v2\/media\/615658"}],"wp:attachment":[{"href":"https:\/\/www.europesays.com\/fr\/wp-json\/wp\/v2\/media?parent=615657"}],"wp:term":[{"taxonomy":"category","embeddable":true,"href":"https:\/\/www.europesays.com\/fr\/wp-json\/wp\/v2\/categories?post=615657"},{"taxonomy":"post_tag","embeddable":true,"href":"https:\/\/www.europesays.com\/fr\/wp-json\/wp\/v2\/tags?post=615657"}],"curies":[{"name":"wp","href":"https:\/\/api.w.org\/{rel}","templated":true}]}}