{"id":615659,"date":"2025-12-22T10:58:15","date_gmt":"2025-12-22T10:58:15","guid":{"rendered":"https:\/\/www.europesays.com\/fr\/615659\/"},"modified":"2025-12-22T10:58:15","modified_gmt":"2025-12-22T10:58:15","slug":"un-membre-de-letat-major-russe-tue-dans-une-explosion-a-moscou","status":"publish","type":"post","link":"https:\/\/www.europesays.com\/fr\/615659\/","title":{"rendered":"Un membre de l\u2019\u00e9tat-major russe tu\u00e9 dans une explosion \u00e0 Moscou"},"content":{"rendered":"<p>                      <img loading=\"lazy\" decoding=\"async\" src=\"https:\/\/www.europesays.com\/fr\/wp-content\/uploads\/2025\/12\/dcd31de_ftp-1-yjxaazpuml9n-5735455-01-06.jpg\" alt=\"La voiture \u00e0 bord de laquelle le lieutenant-g\u00e9n\u00e9ral Fanil Sarvarov, membre de l\u2019\u00e9tat-major russe, a \u00e9t\u00e9 tu\u00e9 dans le sud de Moscou, le 22\u00a0d\u00e9cembre 2025. Photo fournie par le Comit\u00e9 d\u2019enqu\u00eate de la F\u00e9d\u00e9ration de Russie. \"   width=\"664\" height=\"443\"\/>    La voiture \u00e0 bord de laquelle le lieutenant-g\u00e9n\u00e9ral Fanil Sarvarov, membre de l\u2019\u00e9tat-major russe, a \u00e9t\u00e9 tu\u00e9 dans le sud de Moscou, le 22\u00a0d\u00e9cembre 2025. Photo fournie par le Comit\u00e9 d\u2019enqu\u00eate de la F\u00e9d\u00e9ration de Russie.  HANDOUT \/ AFP                          <\/p>\n<p class=\"article__paragraph  \">Le lieutenant-g\u00e9n\u00e9ral Fanil Sarvarov, membre de l\u2019\u00e9tat-major russe, a \u00e9t\u00e9 tu\u00e9, lundi 22\u00a0d\u00e9cembre \u00e0 Moscou, par un engin explosif plac\u00e9 sous une voiture, \u00e0 Moscou, a annonc\u00e9 le Comit\u00e9 d\u2019enqu\u00eate de la F\u00e9d\u00e9ration de Russie, qui dit \u00e9tudier la piste des \u00ab\u00a0services sp\u00e9ciaux ukrainiens\u00a0\u00bb. Les faits se sont produits dans la rue Iasseneva\u00efa, dans le sud de la capitale, pr\u00e9cise-t-il.<\/p>\n<p class=\"article__paragraph  \">L\u2019officier, qui \u00e9tait \u00e0 la t\u00eate du d\u00e9partement de la formation op\u00e9rationnelle au sein de l\u2019\u00e9tat-major, \u00ab\u00a0a succomb\u00e9 \u00e0 ses blessures\u00a0\u00bb, \u00e9crit le comit\u00e9 dans un communiqu\u00e9, ajoutant. Une enqu\u00eate pour \u00ab\u00a0meurtre\u00a0\u00bb et \u00ab\u00a0trafic d\u2019explosifs\u00a0\u00bb a \u00e9t\u00e9 ouverte.<\/p>\n<p class=\"article__paragraph  \">Ag\u00e9 de 56\u00a0ans, selon les m\u00e9dias russes, Fanil Sarvarov \u00e9tait un militaire de carri\u00e8re n\u00e9 dans l\u2019Oural et dipl\u00f4m\u00e9 de plusieurs instituts militaires. Il a particip\u00e9 \u00e0 la guerre en Tch\u00e9tch\u00e9nie, dans les ann\u00e9es 1990 et 2000, \u00e0 l\u2019intervention russe en Syrie, en\u00a02015-2016, et \u00e0 la guerre en Ukraine depuis 2022. Les autorit\u00e9s ukrainiennes n\u2019ont, pour le moment, fait aucun commentaire.<\/p>\n<p>                                       Lire aussi |  Article r\u00e9serv\u00e9 \u00e0 nos abonn\u00e9s  <a href=\"https:\/\/www.lemonde.fr\/international\/article\/2025\/04\/25\/un-general-de-l-etat-major-russe-meurt-dans-l-explosion-d-une-voiture-piegee-en-banlieue-de-moscou_6600044_3210.html\" class=\"js-article-read-also catcher--favoris__link\" data-premium=\"1\" id=\"article-title-3420021\" target=\"_blank\" rel=\"noopener\">Un g\u00e9n\u00e9ral de l\u2019\u00e9tat-major russe meurt dans l\u2019explosion d\u2019une voiture pi\u00e9g\u00e9e, en banlieue de Moscou<\/a>    <\/p>\n<p>   Lire plus tard  <\/p>\n<p class=\"article__paragraph  \">En avril, le g\u00e9n\u00e9ral Iaroslav Moskalik, chef adjoint de la direction g\u00e9n\u00e9rale op\u00e9rationnelle de l\u2019\u00e9tat-major russe, avait \u00e9t\u00e9 tu\u00e9 dans des circonstances similaires, pr\u00e8s de Moscou. En d\u00e9cembre\u00a02024, une trottinette \u00e9lectrique pi\u00e9g\u00e9e avait, en outre, co\u00fbt\u00e9 la vie au commandant des forces russes de d\u00e9fense radiologique, chimique et biologique, Igor Kirillov, \u00e9galement dans la capitale. <a href=\"https:\/\/www.lemonde.fr\/international\/article\/2024\/12\/17\/a-moscou-igor-kirillov-haut-responsable-russe-tue-dans-une-explosion_6453012_3210.html\" target=\"_blank\" rel=\"noopener\">Son assassinat avait \u00e9t\u00e9 revendiqu\u00e9 par le Services de s\u00e9curit\u00e9 d\u2019Ukraibne<\/a> (SBU).<\/p>\n<p>                    S\u00e9quence diplomatique en Floride                    <\/p>\n<p class=\"article__paragraph  \">Daria Douguina, fille de l\u2019id\u00e9ologue ultranationaliste Alexandre Douguine, a \u00e9galement p\u00e9ri dans l\u2019explosion d\u2019une voiture pi\u00e9g\u00e9e, en ao\u00fbt\u00a02022, et, en avril\u00a02023, le blogueur militaire russe Maxime Fomine avait \u00e9t\u00e9 tu\u00e9 par une statuette pi\u00e9g\u00e9e qui lui avait \u00e9t\u00e9 offerte dans un caf\u00e9 de Saint-P\u00e9tersbourg.<\/p>\n<p>                                       Lire aussi :  Article r\u00e9serv\u00e9 \u00e0 nos abonn\u00e9s  <a href=\"https:\/\/www.lemonde.fr\/international\/article\/2022\/08\/22\/en-russie-poutine-sous-pression-du-camp-conservateur-apres-l-assassinat-de-daria-douguina_6138635_3210.html\" class=\"js-article-read-also catcher--favoris__link\" data-premium=\"1\" id=\"article-title-3286225\" target=\"_blank\" rel=\"noopener\">En Russie, Poutine sous la pression du camp ultranationaliste apr\u00e8s l\u2019assassinat de Daria Douguina<\/a>    <\/p>\n<p>   Lire plus tard  <\/p>\n<p class=\"article__paragraph  \">L\u2019assassinat de lundi survient en pleine s\u00e9quence diplomatique. Des n\u00e9gociateurs ukrainiens et russes ont rencontr\u00e9 s\u00e9par\u00e9ment les \u00e9missaires Am\u00e9ricains, ces trois derniers jours en Floride, pour \u00e9tudier le plan de r\u00e8glement du conflit pr\u00e9sent\u00e9 par Washington il y a pr\u00e8s d\u2019un mois.<\/p>\n<p class=\"article__paragraph  \">Si ce nouveau cycle de pourparlers n\u2019a donn\u00e9 lieu \u00e0 aucune perc\u00e9e significative, les Etats-Unis et l\u2019Ukraine ont jug\u00e9 les \u00e9changes \u00ab\u00a0productifs et constructifs\u00a0\u00bb.<\/p>\n<p class=\"article__paragraph  \">Le pr\u00e9sident russe, Vladimir Poutine, avait affirm\u00e9 vendredi que \u00ab\u00a0la balle [\u00e9tait] dans le camp\u00a0\u00bb de Kiev et de ses alli\u00e9s europ\u00e9ens. Le porte-parole du Kremlin, Dmitri Peskov, et la directrice du renseignement national am\u00e9ricain, Tulsi Gabbard, ont d\u00e9menti, lundi, des informations de l\u2019agence de presse Reuters, selon laquelle des responsables des services renseignement am\u00e9ricains pr\u00eatent \u00e0 Moscou l\u2019intention de conqu\u00e9rir toute l\u2019Ukraine et de s\u2019en prendre \u00e0 l\u2019Europe.<\/p>\n<p class=\"author__detail\">  Le Monde avec AFP  <\/p>\n<p>                <a href=\"https:\/\/www.lemonde.fr\/syndication\/\" class=\"reuse__content\" title=\"R\u00e9utiliser ce contenu\" target=\"_blank\" rel=\"noopener\">R\u00e9utiliser ce contenu<\/a>      <\/p>\n","protected":false},"excerpt":{"rendered":"La voiture \u00e0 bord de laquelle le lieutenant-g\u00e9n\u00e9ral Fanil Sarvarov, membre de l\u2019\u00e9tat-major russe, a \u00e9t\u00e9 tu\u00e9 dans&hellip;\n","protected":false},"author":2,"featured_media":615660,"comment_status":"","ping_status":"","sticky":false,"template":"","format":"standard","meta":{"footnotes":""},"categories":[1591],"tags":[11,1887,12,1885,1886,132],"class_list":{"0":"post-615659","1":"post","2":"type-post","3":"status-publish","4":"format-standard","5":"has-post-thumbnail","7":"category-russie","8":"tag-actualites","9":"tag-federation-de-russie","10":"tag-news","11":"tag-russia","12":"tag-russian-federation","13":"tag-russie"},"share_on_mastodon":{"url":"https:\/\/pubeurope.com\/@fr\/115762871170440420","error":""},"_links":{"self":[{"href":"https:\/\/www.europesays.com\/fr\/wp-json\/wp\/v2\/posts\/615659","targetHints":{"allow":["GET"]}}],"collection":[{"href":"https:\/\/www.europesays.com\/fr\/wp-json\/wp\/v2\/posts"}],"about":[{"href":"https:\/\/www.europesays.com\/fr\/wp-json\/wp\/v2\/types\/post"}],"author":[{"embeddable":true,"href":"https:\/\/www.europesays.com\/fr\/wp-json\/wp\/v2\/users\/2"}],"replies":[{"embeddable":true,"href":"https:\/\/www.europesays.com\/fr\/wp-json\/wp\/v2\/comments?post=615659"}],"version-history":[{"count":0,"href":"https:\/\/www.europesays.com\/fr\/wp-json\/wp\/v2\/posts\/615659\/revisions"}],"wp:featuredmedia":[{"embeddable":true,"href":"https:\/\/www.europesays.com\/fr\/wp-json\/wp\/v2\/media\/615660"}],"wp:attachment":[{"href":"https:\/\/www.europesays.com\/fr\/wp-json\/wp\/v2\/media?parent=615659"}],"wp:term":[{"taxonomy":"category","embeddable":true,"href":"https:\/\/www.europesays.com\/fr\/wp-json\/wp\/v2\/categories?post=615659"},{"taxonomy":"post_tag","embeddable":true,"href":"https:\/\/www.europesays.com\/fr\/wp-json\/wp\/v2\/tags?post=615659"}],"curies":[{"name":"wp","href":"https:\/\/api.w.org\/{rel}","templated":true}]}}