{"id":615663,"date":"2025-12-22T11:00:22","date_gmt":"2025-12-22T11:00:22","guid":{"rendered":"https:\/\/www.europesays.com\/fr\/615663\/"},"modified":"2025-12-22T11:00:22","modified_gmt":"2025-12-22T11:00:22","slug":"donald-trump-nomme-un-envoye-special-pour-le-groenland","status":"publish","type":"post","link":"https:\/\/www.europesays.com\/fr\/615663\/","title":{"rendered":"Donald Trump nomme un envoy\u00e9 sp\u00e9cial pour le Groenland"},"content":{"rendered":"<p>                                                                                          <a href=\"https:\/\/focus.courrierinternational.com\/2025\/01\/13\/0\/0\/2000\/3528\/1280\/0\/60\/0\/cd7c7c4_sirius-fs-upload-1-cord9zgng8xj-1736784460402-baf1785-danemark-groenland-ressources.png\" data-pswp-width=\"1280\" data-pswp-height=\"2258\" target=\"_blank\" rel=\"noopener\">      <img decoding=\"async\" loading=\"lazy\" onerror=\"this.classList.add(`img--error`)\" src=\"https:\/\/www.europesays.com\/fr\/wp-content\/uploads\/2025\/12\/cd7c7c4_sirius-fs-upload-1-cord9zgng8xj-1736784460402-baf1785-danemark-groenland-ressources.png\"  width=\"640\" height=\"1129\" alt=\"Photo\"\/>     <\/a>       SOURCES\u00a0: GEOLOGICAL SURVEY OF DENMARK AND GREENLAND, \u201cALTERNATIVES \u00c9CONOMIQUES\u201d.               <\/p>\n<p>Le pr\u00e9sident am\u00e9ricain, Donald Trump, a annonc\u00e9 dimanche 21\u00a0d\u00e9cembre qu\u2019il nommait \u201cle gouverneur r\u00e9publicain de Louisiane, Jeff Landry, envoy\u00e9 sp\u00e9cial pour le Groenland, un territoire autonome qui appartient au Danemark et que le locataire de la Maison-Blanche a d\u00e9clar\u00e9 \u00e0 plusieurs reprises vouloir acqu\u00e9rir pour les \u00c9tats-Unis\u201d, <a class=\"ithalc\" data-ithal=\"lien_externe\" data-ithalc=\"[nav_article]\" target=\"_blank\" href=\"https:\/\/www.washingtonpost.com\/national-security\/2025\/12\/22\/jeff-landry-trump-greenland-envoy\/\" rel=\"noopener\">indique <strong>The<\/strong> <strong>Washington Post<\/strong><\/a><strong>.<\/strong><\/p>\n<p>Dans un message post\u00e9 sur son r\u00e9seau Truth Social, le locataire de la Maison-Blanche a soulign\u00e9\u00a0: \u201cJeff comprend \u00e0 quel point le Groenland est essentiel \u00e0 notre s\u00e9curit\u00e9 nationale et fera progresser avec force les int\u00e9r\u00eats de notre pays pour la s\u00fbret\u00e9, la s\u00e9curit\u00e9 et la survie de nos alli\u00e9s, et m\u00eame du monde entier.\u201d<\/p>\n<p>L\u2019int\u00e9ress\u00e9, qui occupe le poste de gouverneur de Louisiane depuis janvier 2024, a remerci\u00e9 le pr\u00e9sident am\u00e9ricain, soulignant, dans un message post\u00e9 <a class=\"ithalc\" data-ithal=\"lien_externe\" data-ithalc=\"[nav_article]\" target=\"_blank\" href=\"https:\/\/x.com\/LAGovJeffLandry\/status\/2002950029494124986\">sur la plateforme X<\/a>, qu\u2019il s\u2019agissait d\u2019un honneur pour lui d\u2019accepter cette \u201cfonction b\u00e9n\u00e9vole\u201d, qu\u2019il compte exercer parall\u00e8lement \u00e0 celle de gouverneur.<\/p>\n<p>\u201cFervent partisan de Trump et r\u00e9publicain pur et dur, Jeff Landry avait d\u00e9j\u00e0 exprim\u00e9 son soutien \u00e0 la volont\u00e9 de Trump d\u2019int\u00e9grer le Groenland aux \u00c9tats-Unis\u201d, souligne le quotidien de la capitale f\u00e9d\u00e9rale am\u00e9ricaine. Donald Trump a d\u00e9clar\u00e9 \u00e0 plusieurs reprises que les \u00c9tats-Unis allaient prendre possession du Groenland, pr\u00e9sentant cela comme un objectif strat\u00e9gique de s\u00e9curit\u00e9 nationale. Au-del\u00e0 de cet argument officiel, \u201cl\u2019administration am\u00e9ricaine convoite \u00e9galement le Groenland pour ses m\u00e9taux rares inexploit\u00e9s\u201d, rappelle le journal.<\/p>\n","protected":false},"excerpt":{"rendered":"SOURCES\u00a0: GEOLOGICAL SURVEY OF DENMARK AND GREENLAND, \u201cALTERNATIVES \u00c9CONOMIQUES\u201d. Le pr\u00e9sident am\u00e9ricain, Donald Trump, a annonc\u00e9 dimanche 21\u00a0d\u00e9cembre&hellip;\n","protected":false},"author":2,"featured_media":615664,"comment_status":"","ping_status":"","sticky":false,"template":"","format":"standard","meta":{"footnotes":""},"categories":[1589],"tags":[11,3822,145,73,1866,674,146,1892,12,770,1864,1865,1863,308],"class_list":{"0":"post-615663","1":"post","2":"type-post","3":"status-publish","4":"format-standard","5":"has-post-thumbnail","7":"category-etats-unis","8":"tag-actualites","9":"tag-amu00e9riques","10":"tag-danemark","11":"tag-etats-unis","12":"tag-etats-unis-damerique","13":"tag-europe","14":"tag-groenland","15":"tag-gu00e9opolitique","16":"tag-news","17":"tag-u00e9tats-unis","18":"tag-united-states","19":"tag-united-states-of-america","20":"tag-us","21":"tag-usa"},"share_on_mastodon":{"url":"https:\/\/pubeurope.com\/@fr\/115762877912062346","error":""},"_links":{"self":[{"href":"https:\/\/www.europesays.com\/fr\/wp-json\/wp\/v2\/posts\/615663","targetHints":{"allow":["GET"]}}],"collection":[{"href":"https:\/\/www.europesays.com\/fr\/wp-json\/wp\/v2\/posts"}],"about":[{"href":"https:\/\/www.europesays.com\/fr\/wp-json\/wp\/v2\/types\/post"}],"author":[{"embeddable":true,"href":"https:\/\/www.europesays.com\/fr\/wp-json\/wp\/v2\/users\/2"}],"replies":[{"embeddable":true,"href":"https:\/\/www.europesays.com\/fr\/wp-json\/wp\/v2\/comments?post=615663"}],"version-history":[{"count":0,"href":"https:\/\/www.europesays.com\/fr\/wp-json\/wp\/v2\/posts\/615663\/revisions"}],"wp:featuredmedia":[{"embeddable":true,"href":"https:\/\/www.europesays.com\/fr\/wp-json\/wp\/v2\/media\/615664"}],"wp:attachment":[{"href":"https:\/\/www.europesays.com\/fr\/wp-json\/wp\/v2\/media?parent=615663"}],"wp:term":[{"taxonomy":"category","embeddable":true,"href":"https:\/\/www.europesays.com\/fr\/wp-json\/wp\/v2\/categories?post=615663"},{"taxonomy":"post_tag","embeddable":true,"href":"https:\/\/www.europesays.com\/fr\/wp-json\/wp\/v2\/tags?post=615663"}],"curies":[{"name":"wp","href":"https:\/\/api.w.org\/{rel}","templated":true}]}}