{"id":615665,"date":"2025-12-22T11:02:15","date_gmt":"2025-12-22T11:02:15","guid":{"rendered":"https:\/\/www.europesays.com\/fr\/615665\/"},"modified":"2025-12-22T11:02:15","modified_gmt":"2025-12-22T11:02:15","slug":"avec-20-de-britanniques-ce-village-de-dordogne-intrigue-toute-la-france","status":"publish","type":"post","link":"https:\/\/www.europesays.com\/fr\/615665\/","title":{"rendered":"Avec 20% de britanniques, ce village de Dordogne intrigue toute la France"},"content":{"rendered":"<p>\ud83d\udd52 Article publi\u00e9 le 22 d\u00e9cembre 2025<br \/>&#13;<br \/>\n\u2705 Mis \u00e0 jour le 22 d\u00e9cembre 2025<\/p>\n<p><strong>\u00c0 Eymet<\/strong>, bastide m\u00e9di\u00e9vale du P\u00e9rigord, <strong>un habitant sur cinq vient du Royaume-Uni<\/strong>. Cette commune de 2 553 \u00e2mes vit au rythme d\u2019une cohabitation unique en France. Le fish &amp; chips c\u00f4toie le foie gras, l\u2019anglais se m\u00eale au fran\u00e7ais, et un terrain de cricket tr\u00f4ne au c\u0153ur du village.<\/p>\n<p>Village de Eymet dans le P\u00e9rigord \u00a9 Julia Blt<\/p>\n<p>510 Britanniques ont choisi ce village du P\u00e9rigord<\/p>\n<p>Eymet ne ressemble \u00e0 aucun autre village de Dordogne. Ici, environ <strong>510 Britanniques ont \u00e9lu domicile parmi les 2 550 habitants<\/strong>. Dans les rues de cette bastide fond\u00e9e en 1270, l\u2019accent du sud-ouest c\u00f4toie celui de Londres. Les commer\u00e7ants jonglent naturellement entre les deux langues.<\/p>\n<p>Au Caf\u00e9 Tortoni, on se croirait dans un pub londonien. Ainsi, l\u2019\u00e9tablissement accueille r\u00e9guli\u00e8rement les <strong>expatri\u00e9s britanniques<\/strong> pour suivre les \u00e9v\u00e9nements du Royaume-Uni. En septembre 2022, c\u2019est ici que la communaut\u00e9 anglaise s\u2019est r\u00e9unie pour les fun\u00e9railles de la Reine Elizabeth II. L\u2019\u00e9motion \u00e9tait palpable dans ce coin du P\u00e9rigord pourpre.<\/p>\n<p>Elizabeth II : les britanniques du village d\u2019Eymet endeuill\u00e9s<\/p>\n<p>\u00a0<\/p>\n<p>Le jeudi matin, le march\u00e9 hebdomadaire refl\u00e8te cette <strong>double identit\u00e9<\/strong>. D\u2019un c\u00f4t\u00e9, les producteurs locaux proposent leurs sp\u00e9cialit\u00e9s p\u00e9rigourdines. De l\u2019autre, des \u00e9tals britanniques attirent une client\u00e8le fid\u00e8le. Les conversations passent d\u2019une langue \u00e0 l\u2019autre sans effort. Cette fusion culturelle surprend les visiteurs et enchante les habitants.<\/p>\n<p>Comment les expatri\u00e9s britanniques ont sauv\u00e9 Eymet<\/p>\n<p>Tout commence dans les ann\u00e9es 1970. Des <strong>retrait\u00e9s britanniques d\u00e9couvrent alors Eymet<\/strong> et son patrimoine en p\u00e9ril. Le climat temp\u00e9r\u00e9, les maisons en pierre \u00e0 r\u00e9nover et les prix accessibles les s\u00e9duisent imm\u00e9diatement. Ils s\u2019installent et entreprennent la restauration des b\u00e2tisses abandonn\u00e9es.<\/p>\n<p>Ces pionniers sauvent le village de l\u2019oubli. Ensuite, ils redonnent vie aux vieilles pierres en respectant l\u2019architecture locale. <a href=\"https:\/\/partir.ouest-france.fr\/magazine\/mais-pourquoi-y-a-t-il-autant-de-britanniques-en-dordogne\/\" target=\"_blank\" rel=\"noopener\">Les familles britanniques suivent<\/a> dans les ann\u00e9es 1980 et 1990. Elles ouvrent des commerces, cr\u00e9ent des associations et participent activement \u00e0 l\u2019\u00e9conomie locale. Cette vague migratoire transforme progressivement Eymet en <strong>\u201cLittle England\u201d du P\u00e9rigord<\/strong>.<\/p>\n<p><img loading=\"lazy\" decoding=\"async\" aria-describedby=\"caption-attachment-25821\" class=\"wp-image-25821 size-full lazyload ewww_webp_lazy_load\" title=\"Visite aux lampions \u00e0 Eymet\" src=\"https:\/\/www.europesays.com\/fr\/wp-content\/uploads\/2025\/12\/visite-lampions-eymet.jpg\" alt=\"Visite aux lampions \u00e0 Eymet\" width=\"1024\" height=\"673\" style=\"--smush-placeholder-width: 1024px; --smush-placeholder-aspect-ratio: 1024\/673;\" src-webp=\"https:\/\/www.europesays.com\/fr\/wp-content\/uploads\/2025\/12\/visite-lampions-eymet.jpg.webp\"\/><\/p>\n<p id=\"caption-attachment-25821\" class=\"wp-caption-text\">Visite aux lampions \u00e0 Eymet \u00a9 Pierre Bacogne<\/p>\n<p>Le Brexit de 2020 marque un tournant. N\u00e9anmoins, la communaut\u00e9 britannique reste solidement implant\u00e9e. Les expatri\u00e9s ont d\u00fb g\u00e9rer les incertitudes administratives concernant leur s\u00e9curit\u00e9 sociale et leurs retraites. Malgr\u00e9 ces d\u00e9fis, ils affirment leur attachement profond au village. D\u2019ailleurs, plus de <strong>7 000 Britanniques vivent aujourd\u2019hui dans toute la Dordogne<\/strong>.<\/p>\n<p>Salons de th\u00e9 anglais et fish &amp; chips en plein P\u00e9rigord<\/p>\n<p>Le salon de th\u00e9 Roses incarne parfaitement cette fusion. L\u2019\u00e9tablissement propose un <strong>authentique full English breakfast<\/strong> jusqu\u2019\u00e0 midi. Les scones, le Victoria sponge cake et le th\u00e9 \u00e0 l\u2019anglaise figurent au menu. Ce lieu attire les nostalgiques du Royaume-Uni comme les curieux fran\u00e7ais. La d\u00e9coration vintage et la vaisselle d\u00e9pareill\u00e9e cr\u00e9ent une atmosph\u00e8re des Cotswolds en plein P\u00e9rigord.<\/p>\n<p>The Dordogne Chippy, food truck itin\u00e9rant, s\u2019arr\u00eate \u00e0 Eymet chaque jeudi. Le fish &amp; chips traditionnel trouve ainsi sa place sur les tables p\u00e9rigourdines. Par ailleurs, cette offre culinaire britannique compl\u00e8te naturellement les restaurants fran\u00e7ais du village. Les habitants appr\u00e9cient cette <strong>diversit\u00e9 gastronomique<\/strong> inattendue.<\/p>\n<p>Le <strong>terrain de cricket<\/strong> constitue la curiosit\u00e9 majeure. Fond\u00e9 dans les ann\u00e9es 1980, le <a href=\"https:\/\/eymetcricket.club\/\" target=\"_blank\" rel=\"noopener\">Club Eymetois de Cricket<\/a> occupe le stade du Br\u00e9tou. Les matchs rassemblent joueurs fran\u00e7ais et britanniques chaque week-end. Cette discipline rarissime en France attire les regards amus\u00e9s des P\u00e9rigourdins. En effet, les enfants du village grandissent en d\u00e9couvrant le cricket autant que le rugby. Le club participe m\u00eame \u00e0 la ligue r\u00e9gionale du Sud-Ouest et re\u00e7oit r\u00e9guli\u00e8rement des \u00e9quipes britanniques en visite.<\/p>\n<p>La bastide de Dordogne qui reste profond\u00e9ment fran\u00e7aise<\/p>\n<p>Malgr\u00e9 cette forte pr\u00e9sence anglaise, <strong>Eymet garde farouchement son identit\u00e9<\/strong>. L\u2019architecture m\u00e9di\u00e9vale demeure intacte depuis 1270. La place centrale, avec ses arcades typiques des bastides, accueille toujours le march\u00e9 traditionnel. Les f\u00eates locales c\u00e9l\u00e8brent le patrimoine p\u00e9rigourdin avec le m\u00eame enthousiasme qu\u2019autrefois.<\/p>\n<p>Les Britanniques s\u2019investissent d\u2019ailleurs dans la <strong>pr\u00e9servation du patrimoine<\/strong>. Ils participent aux associations, restaurent les vieilles pierres et d\u00e9fendent l\u2019histoire locale. Cette implication sinc\u00e8re facilite une cohabitation harmonieuse. Le temple protestant, h\u00e9ritage des huguenots du XVIe si\u00e8cle, accueille aujourd\u2019hui croyants fran\u00e7ais et britanniques.<\/p>\n<p><img loading=\"lazy\" decoding=\"async\" aria-describedby=\"caption-attachment-5491\" class=\"wp-image-5491 size-full lazyload ewww_webp_lazy_load\" title=\"La Bastide d\u2019Eymet\" src=\"https:\/\/www.europesays.com\/fr\/wp-content\/uploads\/2025\/12\/bastide-eymet.jpg\" alt=\"La Bastide d\u2019Eymet\" width=\"1024\" height=\"540\" style=\"--smush-placeholder-width: 1024px; --smush-placeholder-aspect-ratio: 1024\/540;\" src-webp=\"https:\/\/www.europesays.com\/fr\/wp-content\/uploads\/2025\/12\/bastide-eymet.jpg.webp\"\/><\/p>\n<p id=\"caption-attachment-5491\" class=\"wp-caption-text\">La bastide d\u2019Eymet \u00a9 P\u00e8re Igor (Own work)<\/p>\n<p>Le festival Jazz Off\u2019 anime le village depuis vingt ans. D\u00e9sormais, cet \u00e9v\u00e9nement attire des artistes de renom du printemps \u00e0 l\u2019automne. La f\u00eate de l\u2019hu\u00eetre, organis\u00e9e chaque 15 ao\u00fbt, r\u00e9unit toute la communaut\u00e9. Ces <strong>traditions locales f\u00e9d\u00e8rent Fran\u00e7ais et Britanniques<\/strong> autour d\u2019une passion commune pour Eymet.<\/p>\n<p>Cette <a href=\"https:\/\/passion-aquitaine.ouest-france.fr\/bastides-perigord\/\" target=\"_blank\" rel=\"noopener\">bastide<\/a> prouve qu\u2019un village peut \u00eatre profond\u00e9ment fran\u00e7ais tout en accueillant une dimension internationale. Eymet invente quotidiennement une cohabitation unique en France. L\u2019ironie de l\u2019histoire n\u2019\u00e9chappe \u00e0 personne : fond\u00e9e en 1270 pour se d\u00e9fendre contre les Anglais, la bastide abrite aujourd\u2019hui leur plus importante communaut\u00e9 hexagonale. Un \u00e9quilibre rare qui fait tout le charme de ce coin de Dordogne pas comme les autres.<\/p>\n","protected":false},"excerpt":{"rendered":"\ud83d\udd52 Article publi\u00e9 le 22 d\u00e9cembre 2025&#13; \u2705 Mis \u00e0 jour le 22 d\u00e9cembre 2025 \u00c0 Eymet, bastide&hellip;\n","protected":false},"author":2,"featured_media":615666,"comment_status":"","ping_status":"","sticky":false,"template":"","format":"standard","meta":{"footnotes":""},"categories":[1588],"tags":[11,72632,1777,674,72629,72631,12,473,1853,1851,1850,1852,72630],"class_list":{"0":"post-615665","1":"post","2":"type-post","3":"status-publish","4":"format-standard","5":"has-post-thumbnail","7":"category-royaume-uni","8":"tag-actualites","9":"tag-dordogne-expatriu00e9s-britanniques","10":"tag-eu","11":"tag-europe","12":"tag-eymet","13":"tag-little-england-pu00e9rigord","14":"tag-news","15":"tag-royaume-uni","16":"tag-royaume-uni-de-grande-bretagne-et-dirlande-du-nord","17":"tag-uk","18":"tag-united-kingdom","19":"tag-united-kingdom-of-great-britain-and-northern-ireland","20":"tag-village-britanniques-france"},"share_on_mastodon":{"url":"https:\/\/pubeurope.com\/@fr\/115762886100778313","error":""},"_links":{"self":[{"href":"https:\/\/www.europesays.com\/fr\/wp-json\/wp\/v2\/posts\/615665","targetHints":{"allow":["GET"]}}],"collection":[{"href":"https:\/\/www.europesays.com\/fr\/wp-json\/wp\/v2\/posts"}],"about":[{"href":"https:\/\/www.europesays.com\/fr\/wp-json\/wp\/v2\/types\/post"}],"author":[{"embeddable":true,"href":"https:\/\/www.europesays.com\/fr\/wp-json\/wp\/v2\/users\/2"}],"replies":[{"embeddable":true,"href":"https:\/\/www.europesays.com\/fr\/wp-json\/wp\/v2\/comments?post=615665"}],"version-history":[{"count":0,"href":"https:\/\/www.europesays.com\/fr\/wp-json\/wp\/v2\/posts\/615665\/revisions"}],"wp:featuredmedia":[{"embeddable":true,"href":"https:\/\/www.europesays.com\/fr\/wp-json\/wp\/v2\/media\/615666"}],"wp:attachment":[{"href":"https:\/\/www.europesays.com\/fr\/wp-json\/wp\/v2\/media?parent=615665"}],"wp:term":[{"taxonomy":"category","embeddable":true,"href":"https:\/\/www.europesays.com\/fr\/wp-json\/wp\/v2\/categories?post=615665"},{"taxonomy":"post_tag","embeddable":true,"href":"https:\/\/www.europesays.com\/fr\/wp-json\/wp\/v2\/tags?post=615665"}],"curies":[{"name":"wp","href":"https:\/\/api.w.org\/{rel}","templated":true}]}}