{"id":615671,"date":"2025-12-22T11:05:14","date_gmt":"2025-12-22T11:05:14","guid":{"rendered":"https:\/\/www.europesays.com\/fr\/615671\/"},"modified":"2025-12-22T11:05:14","modified_gmt":"2025-12-22T11:05:14","slug":"decouvrez-la-carte-des-zones-de-france-qui-nont-jamais-eu-aussi-chaud-en-2025","status":"publish","type":"post","link":"https:\/\/www.europesays.com\/fr\/615671\/","title":{"rendered":"D\u00e9couvrez la carte des zones de France qui n&rsquo;ont jamais eu aussi chaud en 2025"},"content":{"rendered":"<p>Au niveau national, la <a href=\"https:\/\/www.futura-sciences.com\/planete\/questions-reponses\/rechauffement-climatique-rechauffement-climatique-temperature-planete-deviendrait-invivable-11778\/\" title=\"R\u00e9chauffement climatique : \u00e0 quelle temp\u00e9rature la plan\u00e8te deviendrait invivable ?\" target=\"_blank\" rel=\"noopener\">temp\u00e9rature<\/a> moyenne est estim\u00e9e \u00e0 14 \u00b0C en 2025, soit + 1 \u00b0C par rapport \u00e0 la normale. L&rsquo;ann\u00e9e 2025 se classera au 4\u00e8 ou au 3\u00e8 rang des ann\u00e9es les plus chaudes en France depuis le d\u00e9but des relev\u00e9s. \u00ab\u00a0Les \u00e9pisodes anormalement froids ont \u00e9t\u00e9 peu nombreux et peu intenses\u00a0\u00bb pr\u00e9cise <a href=\"https:\/\/www.futura-sciences.com\/tech\/definitions\/logiciels-meteo-france-27300\/\" target=\"_blank\" rel=\"noopener\">M\u00e9t\u00e9o France<\/a> dans son bilan de l&rsquo;ann\u00e9e. \u00ab\u00a0Les <a href=\"https:\/\/www.futura-sciences.com\/planete\/questions-reponses\/meteorologie-records-chaleur-50-c-ne-sont-plus-impossibles-france-23031\/#:~:text=Cela%20vous%20int%C3%A9ressera%20aussi&amp;text=La%20temp%C3%A9rature%20la%20plus%20%C3%A9lev%C3%A9e,H%C3%A9rault%2C%20le%2028%20juin%202019.\" title=\"Records de chaleur : pourquoi les 50 \u00b0C ne sont plus impossibles en France\" target=\"_blank\" rel=\"noopener\">records de chaleur<\/a> ont \u00e9t\u00e9 10 fois plus nombreux que les records de froid. Sans <a href=\"https:\/\/www.futura-sciences.com\/planete\/definitions\/changement-climatique-rechauffement-climatique-13827\/\" target=\"_blank\" rel=\"noopener\">changement climatique<\/a>, on enregistrerait autant de records chauds que froids\u00a0\u00bb annonce l&rsquo;organisme m\u00e9t\u00e9o.<\/p>\n<p>L\u2019ouest de la France a enregistr\u00e9 la majorit\u00e9 des records de chaleur<\/p>\n<p><a href=\"https:\/\/meteofrance.fr\/sites\/meteofrance.fr\/files\/files\/editorial\/20251215_MeteoFrance_BilanClimat2025.pdf\" title=\"Bilan climatique 2025\" target=\"_blank\" rel=\"noopener\">M\u00e9t\u00e9o France<\/a> a justement publi\u00e9 une carte frappante\u00a0: celle des zones qui ont enregistr\u00e9 de nouveaux records mensuels chauds en 2025 :<\/p>\n<p class=\"fs-media\">\n<p><img decoding=\"async\" data-imgid=\"full\" src=\"https:\/\/www.europesays.com\/fr\/wp-content\/uploads\/2025\/12\/carte france record.jpg\" width=\"1080\" height=\"1080\" alt=\"\" loading=\"lazy\"\/>\n<\/p>\n<p class=\"fs-media\">De nouveaux records de chaleur mensuels ont \u00e9t\u00e9 enregistr\u00e9s en 205 sur les zones en rouge : cela veut dire qu&rsquo;il n&rsquo;a jamais fait aussi chaud lors d&rsquo;un mois donn\u00e9 sur ces zones depuis le d\u00e9but des relev\u00e9s m\u00e9t\u00e9o. \u00a9 M\u00e9t\u00e9o France<\/p>\n<p>\u00a0\u00ab\u00a0Environ un tiers de la France a connu au moins un record mensuel chaud (la nuit ou le jour) au cours de l&rsquo;ann\u00e9e 2025\u00a0\u00bb. C&rsquo;est surtout l&rsquo;ouest du pays qui a \u00e9t\u00e9 concern\u00e9 (en particulier la Charente, la Charente-Maritime et la Dordogne), puis le quart sud-est, beaucoup moins le nord-est, la r\u00e9gion parisienne et l&rsquo;extr\u00eame nord. \u00ab\u00a0Les maximales ont \u00e9t\u00e9 nettement plus chaudes en moyenne sur l&rsquo;ann\u00e9e, notamment en Nouvelle-Aquitaine, Occitanie et Auvergne-Rh\u00f4ne-Alpes o\u00f9 elles sont + 1,4 degr\u00e9 au-dessus des normales\u00a0\u00bb explique M\u00e9t\u00e9o France.<\/p>\n<p>Parmi les temp\u00e9ratures les plus remarquables de l&rsquo;ann\u00e9e, on peut citer\u00a0:<\/p>\n<ul>\n<li>42,5 \u00b0C \u00e0 Angoul\u00eame (<a href=\"https:\/\/www.futura-sciences.com\/planete\/dossiers\/geographie-tourisme-charente-1177\/\" title=\"Tourisme en Charente\" target=\"_blank\" rel=\"noopener\">Charente<\/a>) le 11 ao\u00fbt ;<\/li>\n<li>42,1 \u00b0C \u00e0 Bergerac (Dordogne) le 11 ao\u00fbt ;<\/li>\n<li>30,4 \u00b0C au plus frais de la nuit \u00e0 Caixas (<a href=\"https:\/\/www.futura-sciences.com\/planete\/dossiers\/tourisme-tourisme-pyrenees-orientales-2371\/page\/4\/\" title=\"Pyr\u00e9n\u00e9es-Orientales : autres lieux d\u2019int\u00e9r\u00eat\" target=\"_blank\" rel=\"noopener\">Pyr\u00e9n\u00e9es-Orientales<\/a>) le 16 ao\u00fbt.<\/li>\n<\/ul>\n","protected":false},"excerpt":{"rendered":"Au niveau national, la temp\u00e9rature moyenne est estim\u00e9e \u00e0 14 \u00b0C en 2025, soit + 1 \u00b0C par&hellip;\n","protected":false},"author":2,"featured_media":615672,"comment_status":"","ping_status":"","sticky":false,"template":"","format":"standard","meta":{"footnotes":""},"categories":[1586],"tags":[11,35330,6698,62363,13208,1777,674,1779,1011,27,8527,12,5140,16487,25,1778,364],"class_list":{"0":"post-615671","1":"post","2":"type-post","3":"status-publish","4":"format-standard","5":"has-post-thumbnail","7":"category-europe","8":"tag-actualites","9":"tag-adaptation-au-changement-climatique","10":"tag-canicule","11":"tag-catastrophe-meteo","12":"tag-chaleur","13":"tag-eu","14":"tag-europe","15":"tag-european-union","16":"tag-fr","17":"tag-france","18":"tag-meteorologie","19":"tag-news","20":"tag-rechauffement-climatique","21":"tag-records-de-temperature","22":"tag-republique-francaise","23":"tag-ue","24":"tag-union-europeenne"},"share_on_mastodon":{"url":"https:\/\/pubeurope.com\/@fr\/115762897598418898","error":""},"_links":{"self":[{"href":"https:\/\/www.europesays.com\/fr\/wp-json\/wp\/v2\/posts\/615671","targetHints":{"allow":["GET"]}}],"collection":[{"href":"https:\/\/www.europesays.com\/fr\/wp-json\/wp\/v2\/posts"}],"about":[{"href":"https:\/\/www.europesays.com\/fr\/wp-json\/wp\/v2\/types\/post"}],"author":[{"embeddable":true,"href":"https:\/\/www.europesays.com\/fr\/wp-json\/wp\/v2\/users\/2"}],"replies":[{"embeddable":true,"href":"https:\/\/www.europesays.com\/fr\/wp-json\/wp\/v2\/comments?post=615671"}],"version-history":[{"count":0,"href":"https:\/\/www.europesays.com\/fr\/wp-json\/wp\/v2\/posts\/615671\/revisions"}],"wp:featuredmedia":[{"embeddable":true,"href":"https:\/\/www.europesays.com\/fr\/wp-json\/wp\/v2\/media\/615672"}],"wp:attachment":[{"href":"https:\/\/www.europesays.com\/fr\/wp-json\/wp\/v2\/media?parent=615671"}],"wp:term":[{"taxonomy":"category","embeddable":true,"href":"https:\/\/www.europesays.com\/fr\/wp-json\/wp\/v2\/categories?post=615671"},{"taxonomy":"post_tag","embeddable":true,"href":"https:\/\/www.europesays.com\/fr\/wp-json\/wp\/v2\/tags?post=615671"}],"curies":[{"name":"wp","href":"https:\/\/api.w.org\/{rel}","templated":true}]}}