{"id":615679,"date":"2025-12-22T11:09:15","date_gmt":"2025-12-22T11:09:15","guid":{"rendered":"https:\/\/www.europesays.com\/fr\/615679\/"},"modified":"2025-12-22T11:09:15","modified_gmt":"2025-12-22T11:09:15","slug":"lombez-le-golf-de-barbet-entre-projet-solaire-et-espoir-de-reprise-sportive","status":"publish","type":"post","link":"https:\/\/www.europesays.com\/fr\/615679\/","title":{"rendered":"Lombez : le golf de Barbet entre projet solaire et espoir de reprise sportive"},"content":{"rendered":"<p>L\u2019exploitation du golf de Barbet a cess\u00e9 fin d\u00e9cembre 2022 au grand dam de ses membres qui \u00e9taient plus de 200 en 2020. Malgr\u00e9 une forte mobilisation et des propositions de reprise du golf, toutes rejet\u00e9es, le terrain a \u00e9t\u00e9 vendu par d\u00e9cision du tribunal de commerce d\u2019Auch le 23 juillet 2024 \u00e0 la soci\u00e9t\u00e9 ENOE qui a un projet de d\u00e9veloppement d\u2019une centrale photovolta\u00efque sur une partie du terrain. Une \u00e9tude d\u2019impact environnementale est en cours et devrait arriver \u00e0 son terme au 1er trimestre 2026. La mise en service du projet solaire n\u2019interviendrait qu\u2019en 2030, apr\u00e8s toutes les \u00e9tudes, la concertation avec les autorit\u00e9s locales et gouvernementales. ENOE d\u00e9clare \u00eatre pr\u00eat \u00e0 c\u00e9der une grande partie du terrain non utilis\u00e9 pour une autre activit\u00e9 qui restera \u00e0 d\u00e9finir en fonction des int\u00e9r\u00eats d\u2019\u00e9ventuels repreneurs et ce, \u00e0 partir de l\u2019\u00e9t\u00e9 2026. La reprise d\u2019une activit\u00e9 sportive autour du golf reste toujours possible si un investisseur est pr\u00eat \u00e0 remettre terrain et infrastructures en \u00e9tat de marche. La mairie de Lombez poss\u00e8de toutes les informations sur ce sujet. En attendant une \u00e9ventuelle reprise, un groupe d\u2019anciens du golf de Barbet r\u00e9siste et se tient pr\u00eat au travers de l\u2019association sportive municipale de Lombez golf en Sav\u00e8s. Cette structure compte encore une cinquantaine de membres et une trentaine de licenci\u00e9s participant \u00e0 des comp\u00e9titions r\u00e9gionales et organisant des comp\u00e9titions internes, ainsi que des sorties en groupe o\u00f9 la convivialit\u00e9 et la camaraderie sont de mises. Pour la pratique, elle s\u2019appuie sur des golfs partenaires, comme Masseube et Lannemezan. De bons r\u00e9sultats sportifs ont \u00e9t\u00e9 obtenus en 2025. On peut les rejoindre en les contactant par mail (<a href=\"https:\/\/www.ladepeche.fr\/2025\/12\/21\/mailto:as.golfensaves@gmail.com\" target=\"_blank\" rel=\"noopener\">as.golfensaves@gmail.com<\/a>).<\/p>\n","protected":false},"excerpt":{"rendered":"L\u2019exploitation du golf de Barbet a cess\u00e9 fin d\u00e9cembre 2022 au grand dam de ses membres qui \u00e9taient&hellip;\n","protected":false},"author":2,"featured_media":615680,"comment_status":"","ping_status":"","sticky":false,"template":"","format":"standard","meta":{"footnotes":""},"categories":[1418],"tags":[3062,1011,27,11328,1472,72633,517,60],"class_list":{"0":"post-615679","1":"post","2":"type-post","3":"status-publish","4":"format-standard","5":"has-post-thumbnail","7":"category-golf","8":"tag-autres-sports","9":"tag-fr","10":"tag-france","11":"tag-gers","12":"tag-golf","13":"tag-lombez","14":"tag-sport","15":"tag-sports"},"share_on_mastodon":{"url":"https:\/\/pubeurope.com\/@fr\/115762912523611317","error":""},"_links":{"self":[{"href":"https:\/\/www.europesays.com\/fr\/wp-json\/wp\/v2\/posts\/615679","targetHints":{"allow":["GET"]}}],"collection":[{"href":"https:\/\/www.europesays.com\/fr\/wp-json\/wp\/v2\/posts"}],"about":[{"href":"https:\/\/www.europesays.com\/fr\/wp-json\/wp\/v2\/types\/post"}],"author":[{"embeddable":true,"href":"https:\/\/www.europesays.com\/fr\/wp-json\/wp\/v2\/users\/2"}],"replies":[{"embeddable":true,"href":"https:\/\/www.europesays.com\/fr\/wp-json\/wp\/v2\/comments?post=615679"}],"version-history":[{"count":0,"href":"https:\/\/www.europesays.com\/fr\/wp-json\/wp\/v2\/posts\/615679\/revisions"}],"wp:featuredmedia":[{"embeddable":true,"href":"https:\/\/www.europesays.com\/fr\/wp-json\/wp\/v2\/media\/615680"}],"wp:attachment":[{"href":"https:\/\/www.europesays.com\/fr\/wp-json\/wp\/v2\/media?parent=615679"}],"wp:term":[{"taxonomy":"category","embeddable":true,"href":"https:\/\/www.europesays.com\/fr\/wp-json\/wp\/v2\/categories?post=615679"},{"taxonomy":"post_tag","embeddable":true,"href":"https:\/\/www.europesays.com\/fr\/wp-json\/wp\/v2\/tags?post=615679"}],"curies":[{"name":"wp","href":"https:\/\/api.w.org\/{rel}","templated":true}]}}