{"id":615683,"date":"2025-12-22T11:16:13","date_gmt":"2025-12-22T11:16:13","guid":{"rendered":"https:\/\/www.europesays.com\/fr\/615683\/"},"modified":"2025-12-22T11:16:13","modified_gmt":"2025-12-22T11:16:13","slug":"cc-termonde-la-selection-francaise-actualite","status":"publish","type":"post","link":"https:\/\/www.europesays.com\/fr\/615683\/","title":{"rendered":"CC &#8211; Termonde : La s\u00e9lection fran\u00e7aise &#8211; Actualit\u00e9"},"content":{"rendered":"<p>La huiti\u00e8me manche de la Coupe du Monde de cyclo-cross se disputera le dimanche 28 d\u00e9cembre \u00e0 Termonde en Flandre-Orientale (Belgique). Retrouvez ci-dessous la s\u00e9lection fran\u00e7aise \u00e9tablie par Fran\u00e7ois Trarieux.<\/p>\n<p><strong>La s\u00e9lection fran\u00e7aise :<\/strong><br \/><strong>Juniors Femmes<\/strong><br \/><a class=\"rider-link mention\" href=\"https:\/\/www.directvelo.com\/coureur\/58640\/lucie-elizalde\" rel=\"external noopener\" data-rider=\"58640\" target=\"_blank\">Lucie ELIZALDE<\/a> (AS Bike)<br \/><a class=\"rider-link mention\" href=\"https:\/\/www.directvelo.com\/coureur\/52490\/zelie-lambert\" rel=\"external noopener\" data-rider=\"52490\" target=\"_blank\">Z\u00e9lie LAMBERT<\/a>\u00a0(VC Ornans)<br \/><a class=\"rider-link mention\" href=\"https:\/\/www.directvelo.com\/coureur\/58632\/laly-pichon\" rel=\"external noopener\" data-rider=\"58632\" target=\"_blank\">Laly PICHON<\/a>\u00a0(VTT Pays de Vilaine)<br \/><a class=\"rider-link mention\" href=\"https:\/\/www.directvelo.com\/coureur\/46229\/lise-revol\" rel=\"external noopener\" data-rider=\"46229\" target=\"_blank\">Lise REVOL<\/a> (AS Bike)<\/p>\n<p><strong>Juniors Hommes<\/strong><br \/><a class=\"rider-link mention\" href=\"https:\/\/www.directvelo.com\/coureur\/53220\/soren-bruyere-joumard\" rel=\"external noopener\" data-rider=\"53220\" target=\"_blank\">Soren BRUY\u00c8RE JOUMARD<\/a>\u00a0(Cyclisme Seyssinet-Seyssins)<br \/><a class=\"rider-link mention\" href=\"https:\/\/www.directvelo.com\/coureur\/53254\/caliste-chainel\" rel=\"external noopener\" data-rider=\"53254\" target=\"_blank\">Caliste CHAINEL<\/a> (Club Cycliste)\u00a0<br \/><a class=\"rider-link mention\" href=\"https:\/\/www.directvelo.com\/coureur\/58581\/victor-devos\" rel=\"external noopener\" data-rider=\"58581\" target=\"_blank\">Victor DEVOS<\/a>\u00a0(Club neutre Nord-Pas-de-Calais)\u00a0<br \/><a href=\"https:\/\/www.directvelo.com\/coureur\/53266\/augustin-fahy\" target=\"_blank\" rel=\"noopener\">Augustin FAHY<\/a> (Team Cycliste Linas Montlh\u00e9ry)<br \/><a class=\"rider-link mention\" href=\"https:\/\/www.directvelo.com\/coureur\/53241\/soen-le-pann\" rel=\"external noopener\" data-rider=\"53241\" target=\"_blank\">Soen LE PANN<\/a> (EC Plestin Pays du Tr\u00e9gor)\u00a0<\/p>\n<p><strong>Espoirs Hommes<br \/><\/strong><a href=\"https:\/\/www.directvelo.com\/coureur\/37792\/leo-bisiaux\" target=\"_blank\" rel=\"noopener\">L\u00e9o BISIAUX<\/a> (Decathlon AG2R La Mondiale)<br \/><a class=\"rider-link mention\" href=\"https:\/\/www.directvelo.com\/coureur\/37796\/alexis-david\" rel=\"external noopener\" data-rider=\"37796\" target=\"_blank\">Alexis DAVID<\/a>\u00a0(AC Bisontine)<br \/><a class=\"rider-link mention\" href=\"https:\/\/www.directvelo.com\/coureur\/37826\/romain-debord\" rel=\"external noopener\" data-rider=\"37826\" target=\"_blank\">Romain DEBORD<\/a>\u00a0(AS Bike Racing-France Literie)\u00a0<br \/><a class=\"rider-link mention\" href=\"https:\/\/www.directvelo.com\/coureur\/36827\/corentin-lequet\" rel=\"external noopener\" data-rider=\"36827\" target=\"_blank\">Corentin LEQUET<\/a>\u00a0(ACT Cycking)\u00a0<br \/><a class=\"rider-link mention\" href=\"https:\/\/www.directvelo.com\/coureur\/43346\/jules-simon\" rel=\"external noopener\" data-rider=\"43346\" target=\"_blank\">Jules SIMON<\/a>\u00a0(AS Bike Racing-France Literie)<br \/><a class=\"rider-link mention\" href=\"https:\/\/www.directvelo.com\/coureur\/43328\/aubin-sparfel\" rel=\"external noopener\" data-rider=\"43328\" target=\"_blank\">Aubin SPARFEL<\/a> (Decathlon AG2R La Mondiale DT)<br \/><a class=\"rider-link mention\" href=\"https:\/\/www.directvelo.com\/coureur\/47430\/theophile-vassal\" rel=\"external noopener\" data-rider=\"47430\" target=\"_blank\">Th\u00e9ophile VASSAL<\/a> (Jura Cyclisme)<\/p>\n<p><strong>Espoirs Femmes<br \/><\/strong><a href=\"https:\/\/www.directvelo.com\/coureur\/47395\/lison-desprez\" target=\"_blank\" rel=\"noopener\">Lison DESPREZ<\/a> (ACT Cycling) &#8211; notre photo<br \/><a class=\"rider-link mention\" href=\"https:\/\/www.directvelo.com\/coureur\/36873\/celia-gery\" rel=\"external noopener\" data-rider=\"36873\" target=\"_blank\">C\u00e9lia GERY<\/a>\u00a0(AS Bike Racing-France Literie)\u00a0<br \/><a class=\"rider-link mention\" href=\"https:\/\/www.directvelo.com\/coureur\/43366\/amandine-muller\" rel=\"external noopener\" data-rider=\"43366\" target=\"_blank\">Amandine MULLER<\/a> (AS Bike Racing-France Literie)<\/p>\n","protected":false},"excerpt":{"rendered":"La huiti\u00e8me manche de la Coupe du Monde de cyclo-cross se disputera le dimanche 28 d\u00e9cembre \u00e0 Termonde&hellip;\n","protected":false},"author":2,"featured_media":615684,"comment_status":"","ping_status":"","sticky":false,"template":"","format":"standard","meta":{"footnotes":""},"categories":[1411],"tags":[834,828,836,829,837,827,83,826,824,823,1154,207,814,817,815,816,822,821,832,211,839,1011,27,820,818,819,835,831,830,833,838,60,212,208,825],"class_list":{"0":"post-615683","1":"post","2":"type-post","3":"status-publish","4":"format-standard","5":"has-post-thumbnail","7":"category-cyclisme","8":"tag-attaque","9":"tag-belgique","10":"tag-braquet","11":"tag-bretagne","12":"tag-chute","13":"tag-competition","14":"tag-coupe-de-france","15":"tag-coureur","16":"tag-course-cyclisme","17":"tag-course-cycliste","18":"tag-cycling","19":"tag-cyclisme","20":"tag-direct","21":"tag-direct-velo","22":"tag-directvelo","23":"tag-directvelo-com","24":"tag-epreuve","25":"tag-epreuve-cycliste","26":"tag-federation-francaise-de-cyclisme","27":"tag-ffc","28":"tag-flandres","29":"tag-fr","30":"tag-france","31":"tag-live","32":"tag-live-course","33":"tag-live-epreuve","34":"tag-peloton","35":"tag-radio-peloton","36":"tag-radio-tour","37":"tag-ravitaillement","38":"tag-relance","39":"tag-sports","40":"tag-uci","41":"tag-velo","42":"tag-velos"},"share_on_mastodon":{"url":"https:\/\/pubeurope.com\/@fr\/115762940222326695","error":""},"_links":{"self":[{"href":"https:\/\/www.europesays.com\/fr\/wp-json\/wp\/v2\/posts\/615683","targetHints":{"allow":["GET"]}}],"collection":[{"href":"https:\/\/www.europesays.com\/fr\/wp-json\/wp\/v2\/posts"}],"about":[{"href":"https:\/\/www.europesays.com\/fr\/wp-json\/wp\/v2\/types\/post"}],"author":[{"embeddable":true,"href":"https:\/\/www.europesays.com\/fr\/wp-json\/wp\/v2\/users\/2"}],"replies":[{"embeddable":true,"href":"https:\/\/www.europesays.com\/fr\/wp-json\/wp\/v2\/comments?post=615683"}],"version-history":[{"count":0,"href":"https:\/\/www.europesays.com\/fr\/wp-json\/wp\/v2\/posts\/615683\/revisions"}],"wp:featuredmedia":[{"embeddable":true,"href":"https:\/\/www.europesays.com\/fr\/wp-json\/wp\/v2\/media\/615684"}],"wp:attachment":[{"href":"https:\/\/www.europesays.com\/fr\/wp-json\/wp\/v2\/media?parent=615683"}],"wp:term":[{"taxonomy":"category","embeddable":true,"href":"https:\/\/www.europesays.com\/fr\/wp-json\/wp\/v2\/categories?post=615683"},{"taxonomy":"post_tag","embeddable":true,"href":"https:\/\/www.europesays.com\/fr\/wp-json\/wp\/v2\/tags?post=615683"}],"curies":[{"name":"wp","href":"https:\/\/api.w.org\/{rel}","templated":true}]}}