{"id":615687,"date":"2025-12-22T11:18:14","date_gmt":"2025-12-22T11:18:14","guid":{"rendered":"https:\/\/www.europesays.com\/fr\/615687\/"},"modified":"2025-12-22T11:18:14","modified_gmt":"2025-12-22T11:18:14","slug":"lacteur-americain-james-ransone-connu-pour-son-role-dans-la-serie-the-wire-est-mort-a-46-ans","status":"publish","type":"post","link":"https:\/\/www.europesays.com\/fr\/615687\/","title":{"rendered":"L&rsquo;acteur am\u00e9ricain James Ransone, connu pour son r\u00f4le dans la s\u00e9rie \u00ab\u00a0The Wire\u00a0\u00bb, est mort \u00e0 46 ans"},"content":{"rendered":"<p class=\"article-p mdl\">Son passage bouleversant dans la s\u00e9rie The Wire\u00a0a marqu\u00e9 les m\u00e9moires. L&rsquo;acteur am\u00e9ricain James Ransone, connu pour son r\u00f4le de Ziggy Sobotka, docker devenu gangster,\u00a0<a class=\"link\" href=\"https:\/\/www.rtl.fr\/actu\/international\/the-wire-a-20-ans-comment-la-meilleure-serie-de-l-histoire-a-raconte-l-amerique-7900169618\" title=\"&quot;The Wire&quot; a 20 ans : comment &quot;la meilleure s\u00e9rie de l&#039;Histoire&quot; a racont\u00e9 l&#039;Am\u00e9rique\" target=\"_blank\" rel=\"noopener\">dans la s\u00e9rie The Wire<\/a>\u00a0(Sur \u00e9coute en fran\u00e7ais), est mort \u00e0 l&rsquo;\u00e2ge de 46 ans, a-t-on appris aupr\u00e8s des autorit\u00e9s californiennes dimanche 21 d\u00e9cembre. Selon le bureau du m\u00e9decin l\u00e9giste du comt\u00e9 de Los Angeles, James Ransone s&rsquo;est suicid\u00e9 deux jours plus t\u00f4t.<\/p>\n<p class=\"article-p mdl\">L&rsquo;acteur, natif de Baltimore (la ville o\u00f9 se d\u00e9roule l&rsquo;histoire de The Wire), demeurera connu pour avoir interpr\u00e9t\u00e9 le r\u00f4le de Ziggy Sobotka, un docker devenu dealer, dans les douze \u00e9pisodes de la deuxi\u00e8me saison de cette s\u00e9rie. En 2021, il avait r\u00e9v\u00e9l\u00e9 sur son compte Instagram avoir \u00e9t\u00e9 agress\u00e9 sexuellement durant son adolescence. Il avait expliqu\u00e9 qu&rsquo;\u00e0 la suite de cette agression il avait plong\u00e9 dans diverses addictions notamment \u00e0 l&rsquo;alcool et l&rsquo;h\u00e9ro\u00efne.<\/p>\n<p class=\"article-p mdl\">En plus de ses r\u00f4les pour la t\u00e9l\u00e9vision, notamment dans la s\u00e9rie Generation Kill o\u00f9 il incarnait un capitaine des Marines, l&rsquo;acteur a jou\u00e9 notamment au cin\u00e9ma dans le film d&rsquo;horreur \u00c7a : Chapitre Deux (2019), Black Phone (2021) et Black Phone\u00a02 (2025). Il \u00e9tait mari\u00e9 et p\u00e8re de deux enfants.<\/p>\n<p>    La r\u00e9daction vous recommande<\/p>\n<p class=\"s-newsletter__title\">\n                L\u2019actualit\u00e9 par la r\u00e9daction de RTL dans votre bo\u00eete mail.\n            <\/p>\n<p class=\"s-newsletter__subtitle\">\n                Gr\u00e2ce \u00e0 votre compte RTL abonnez-vous \u00e0 la newsletter RTL info pour suivre toute l&rsquo;actualit\u00e9 au quotidien\n            <\/p>\n<p>\n                                    Lire la suite\n                                <\/p>\n","protected":false},"excerpt":{"rendered":"Son passage bouleversant dans la s\u00e9rie The Wire\u00a0a marqu\u00e9 les m\u00e9moires. L&rsquo;acteur am\u00e9ricain James Ransone, connu pour son&hellip;\n","protected":false},"author":2,"featured_media":615688,"comment_status":"","ping_status":"","sticky":false,"template":"","format":"standard","meta":{"footnotes":""},"categories":[1359],"tags":[58,59,2414,107,1011,27,973,1314,252],"class_list":{"0":"post-615687","1":"post","2":"type-post","3":"status-publish","4":"format-standard","5":"has-post-thumbnail","7":"category-people","8":"tag-divertissement","9":"tag-entertainment","10":"tag-fil-culture","11":"tag-fil-info","12":"tag-fr","13":"tag-france","14":"tag-people","15":"tag-series","16":"tag-television"},"share_on_mastodon":{"url":"https:\/\/pubeurope.com\/@fr\/115762948070124823","error":""},"_links":{"self":[{"href":"https:\/\/www.europesays.com\/fr\/wp-json\/wp\/v2\/posts\/615687","targetHints":{"allow":["GET"]}}],"collection":[{"href":"https:\/\/www.europesays.com\/fr\/wp-json\/wp\/v2\/posts"}],"about":[{"href":"https:\/\/www.europesays.com\/fr\/wp-json\/wp\/v2\/types\/post"}],"author":[{"embeddable":true,"href":"https:\/\/www.europesays.com\/fr\/wp-json\/wp\/v2\/users\/2"}],"replies":[{"embeddable":true,"href":"https:\/\/www.europesays.com\/fr\/wp-json\/wp\/v2\/comments?post=615687"}],"version-history":[{"count":0,"href":"https:\/\/www.europesays.com\/fr\/wp-json\/wp\/v2\/posts\/615687\/revisions"}],"wp:featuredmedia":[{"embeddable":true,"href":"https:\/\/www.europesays.com\/fr\/wp-json\/wp\/v2\/media\/615688"}],"wp:attachment":[{"href":"https:\/\/www.europesays.com\/fr\/wp-json\/wp\/v2\/media?parent=615687"}],"wp:term":[{"taxonomy":"category","embeddable":true,"href":"https:\/\/www.europesays.com\/fr\/wp-json\/wp\/v2\/categories?post=615687"},{"taxonomy":"post_tag","embeddable":true,"href":"https:\/\/www.europesays.com\/fr\/wp-json\/wp\/v2\/tags?post=615687"}],"curies":[{"name":"wp","href":"https:\/\/api.w.org\/{rel}","templated":true}]}}