{"id":615691,"date":"2025-12-22T11:21:39","date_gmt":"2025-12-22T11:21:39","guid":{"rendered":"https:\/\/www.europesays.com\/fr\/615691\/"},"modified":"2025-12-22T11:21:39","modified_gmt":"2025-12-22T11:21:39","slug":"en-direct-de-telematin-louise-ekland-adresse-un-message-tres-personnel-a-damien-thevenot","status":"publish","type":"post","link":"https:\/\/www.europesays.com\/fr\/615691\/","title":{"rendered":"En direct de T\u00e9l\u00e9matin, Louise Ekland adresse un message tr\u00e8s personnel \u00e0 Damien Th\u00e9venot"},"content":{"rendered":"<p>                <img loading=\"lazy\" decoding=\"async\" src=\"https:\/\/www.europesays.com\/fr\/wp-content\/uploads\/2025\/04\/144-64f8c016610ee-35x35-1.jpg\" class=\"author-article-picture\" width=\"35\" height=\"35\"\/><\/p>\n<p>                    Par<\/p>\n<p>                                            <a class=\"author-article-bio-link\" href=\"https:\/\/www.purepeople.com\/auteur\/louise-martin_a144\" target=\"_blank\" rel=\"noopener\">Louise Martin<\/a><\/p>\n<p>                    |<\/p>\n<p>                                            R\u00e9dactrice<\/p>\n<p>\n                Koh Lanta, Les Marseillais mais aussi Mari\u00e9s au Premier regards\u2026 Louise Martin est une t\u00e9l\u00e9vore qui essaye, \u00e0 ses heures perdues, de refaire les g\u00e2teaux qu\u2019elle admire devant le Meilleur P\u00e2tissier\u2026 mais elle ne risque pas de gagner le tablier bleu ! Les r\u00e9seaux sociaux n\u2019ont pas de secret pour elle, les derniers scoops, les derni\u00e8res \u00e9missions, elle les conna\u00eet tous.\n            <\/p>\n<p>\n    Pas de vacances pour les journalistes de \u00ab\u00a0T\u00e9l\u00e9matin\u00a0\u00bb. Ce lundi 22 d\u00e9cembre, Louise Ekland \u00e9tait aux commandes de la matinale de France 2. L&rsquo;occasion pour l&rsquo;animatrice d&rsquo;adresser un message symbolique \u00e0 l&rsquo;un de ses coll\u00e8gues absents, Damien Th\u00e9venot&#8230;\n<\/p>\n<p>                            <img loading=\"lazy\" decoding=\"async\" class=\"player-thumbnail\" src=\"https:\/\/www.europesays.com\/fr\/wp-content\/uploads\/2025\/12\/449136d95ea2465c-580x326-2.png\" width=\"580\" height=\"326\"\/><\/p>\n<p>                            Capture d&rsquo;\u00e9cran de l&rsquo;\u00e9mission \u00ab\u00a0T\u00e9l\u00e9matin\u00a0\u00bb sur France 2. \u00a9 France 2, France 2<\/p>\n<p>La suite apr\u00e8s la publicit\u00e9<\/p>\n<p>Comme souvent aux vacances de No\u00ebl, le programme TV est un peu chamboul\u00e9. Ce lundi 22 d\u00e9cembre 2025, les t\u00e9l\u00e9spectateurs de France 2 ont bien pu retrouver leur \u00e9mission pr\u00e9f\u00e9r\u00e9e, T\u00e9l\u00e9matin, mais avec quelque changements. <strong>Ce n&rsquo;est pas le duo de choc <\/strong><strong>Damien Th\u00e9venot<\/strong><strong> et <\/strong><strong>Maya Lauqu\u00e9<\/strong> (<a href=\"https:\/\/www.purepeople.com\/article\/maya-lauque-absente-de-telematin-damien-thevenot-sexplique_a545133\/1\" target=\"_blank\" rel=\"noopener\">d\u00e9j\u00e0 absente au d\u00e9but du mois<\/a>) qui pr\u00e9sentait la matinale, mais Louise Ekland et C\u00e9dric Dandeville, deux visages bien connus des t\u00e9l\u00e9spectateurs, puisqu&rsquo;ils font partie de l&rsquo;\u00e9quipe des chroniqueurs.<\/p>\n<p>Ce jeudi 18 d\u00e9cembre, <a href=\"https:\/\/www.purepeople.com\/article\/damien-thevenot-chamboule-face-a-michel-drucker-lanimateur-de-telematin-a-perdu-ses-moyens-dans-vivement-dimanche_a544639\/1\" target=\"_blank\" rel=\"noopener\">Damien Th\u00e9venot, qui a r\u00e9cemment perdu ses moyens<\/a> face \u00e0 <a href=\"https:\/\/www.purepeople.com\/people\/michel-drucker_p155\" target=\"_blank\" rel=\"noopener\">Michel Drucker<\/a>, avait d&rsquo;ailleurs pr\u00e9venu les fid\u00e8les de T\u00e9l\u00e9matin de son absence : \u00ab\u00a0On vous quitte quelques jours, on va se reposer un peu et on vous souhaite de belles f\u00eates\u00a0\u00bb. Rien de surprenant, donc. N\u00e9anmoins, ce lundi, Louise Ekland a cr\u00e9\u00e9 la surprise g\u00e9n\u00e9rale en <strong>adressant un message tr\u00e8s sp\u00e9cial \u00e0 celui qu&rsquo;elle remplace<\/strong>&#8230;<\/p>\n<p>Louise Ekland interpelle Damien Th\u00e9venot en direct<\/p>\n<p>En direct de la matinale, Louise Ekland, dont <a href=\"https:\/\/www.purepeople.com\/article\/louise-ekland-telematin-ses-2-enfants-sont-nes-le-meme-jour_a525802\/1\" target=\"_blank\" rel=\"noopener\">les deux enfants partagent une particularit\u00e9 incroyable<\/a> a eu une pens\u00e9e particuli\u00e8re pour son coll\u00e8gue Damien Th\u00e9venot : \u00ab\u00a0J&rsquo;ai un petit message pour quelqu&rsquo;un qui nous regarde peut-\u00eatre\u2026 Ou peut-\u00eatre qu&rsquo;il fait la grasse mat, c&rsquo;est Damien Th\u00e9venot ! <strong>C&rsquo;est son anniversaire aujourd&rsquo;hui<\/strong>\u00ab\u00a0. Qui dit anniversaire, dit cadeau, et celui de l&rsquo;animatrice est insolite : \u00ab\u00a0Joyeux anniversaire de toute l&rsquo;\u00e9quipe : <strong>on vous offre\u2026 Une grasse matin\u00e9e. <\/strong>C&rsquo;est magnifique !\u00a0\u00bb. Il faut dire qu&rsquo;avec un d\u00e9but d&rsquo;\u00e9mission \u00e0 6h30, le rythme des animateurs de T\u00e9l\u00e9matin est intense !<\/p>\n<p>De son c\u00f4t\u00e9, C\u00e9dric Dandeville, qui est \u00e9galement sur BFMTV, a eu une pens\u00e9e pleine de tendresse pour son coll\u00e8gue : \u00ab\u00a0On lui envoie de gros bisous !\u00a0\u00bb. Ce lundi 22 d\u00e9cembre, <a href=\"https:\/\/www.purepeople.com\/article\/cetait-pour-muscler-mon-cv-sciences-po-dea-damien-thevenot-telematin-detaille-toutes-les-etudes-quil-a-faites-son-parcours-est-impressionnant_a544641\/1\" target=\"_blank\" rel=\"noopener\">Damien Th\u00e9venot, qui a un parcours professionnel qui donne le tournis<\/a>, <strong>f\u00eate donc ses 53 ans<\/strong>. Et pour rester en pleine forme, <a href=\"https:\/\/www.purepeople.com\/article\/parce-que-si-je-commence-a-en-manger-damien-thevenot-telematin-evite-a-tout-prix-ces-aliments-pour-garder-la-ligne_a545379\/1\" target=\"_blank\" rel=\"noopener\">ce dernier a <strong>une habitude alimentaire un peu particuli\u00e8re<\/strong><\/a>. Nous lui souhaitons un joyeux anniversaire \u00e0 l&rsquo;approche de No\u00ebl !<\/p>\n<p>        <img decoding=\"async\" class=\"thumb-img-100 thumb-img\" src=\"https:\/\/www.europesays.com\/fr\/wp-content\/uploads\/2025\/12\/dd45ffe9c9649159-320x180-1.jpg\" alt=\"Elle le redoutait et c\u2019est arriv\u00e9 ! Maya Lauqu\u00e9 taquin\u00e9e par Damien Th\u00e9venot \u00e0 cause d'une bourde : &quot;C'est un vrai sujet !&quot;\" width=\"320\" height=\"180\" loading=\"lazy\" role=\"presentation\"\/><\/p>\n<p>                                            Elle le redoutait et c\u2019est arriv\u00e9 ! Maya Lauqu\u00e9 taquin\u00e9e par Damien Th\u00e9venot \u00e0 cause d&rsquo;une bourde : \u00ab\u00a0C&rsquo;est un vrai sujet !\u00a0\u00bb<\/p>\n<p>        <img decoding=\"async\" class=\"thumb-img-100 thumb-img\" src=\"https:\/\/www.europesays.com\/fr\/wp-content\/uploads\/2025\/12\/7753162-maya-lauque-se-moque-du-changement-de-vi-320x180-4.jpg\" alt=\"&quot;\u00c7a c'est mesquin !&quot; : Damien Th\u00e9venot \u00e9voque un changement dans sa vie, Maya Lauqu\u00e9 se moque dans T\u00e9l\u00e9matin (VIDEO)\" width=\"320\" height=\"180\" loading=\"lazy\" role=\"presentation\"\/><\/p>\n<p>                                            \u00ab\u00a0\u00c7a c&rsquo;est mesquin !\u00a0\u00bb : Damien Th\u00e9venot \u00e9voque un changement dans sa vie, Maya Lauqu\u00e9 se moque dans T\u00e9l\u00e9matin (VIDEO)<\/p>\n<p>        <img decoding=\"async\" class=\"thumb-img-100 thumb-img\" src=\"https:\/\/www.europesays.com\/fr\/wp-content\/uploads\/2025\/12\/7548239-avec-taquinerie-maya-lauque-a-fait-une-320x180-4.jpg\" alt=\"&quot;Personne ne le savait !&quot; : Maya Lauqu\u00e9 (T\u00e9l\u00e9matin) balance un &quot;scoop&quot; sur Damien Th\u00e9venot, son partenaire \u00e0 l'antenne\" width=\"320\" height=\"180\" loading=\"lazy\" role=\"presentation\"\/><\/p>\n<p>                                            \u00ab\u00a0Personne ne le savait !\u00a0\u00bb : Maya Lauqu\u00e9 (T\u00e9l\u00e9matin) balance un \u00ab\u00a0scoop\u00a0\u00bb sur Damien Th\u00e9venot, son partenaire \u00e0 l&rsquo;antenne<\/p>\n","protected":false},"excerpt":{"rendered":"Par Louise Martin | R\u00e9dactrice Koh Lanta, Les Marseillais mais aussi Mari\u00e9s au Premier regards\u2026 Louise Martin est&hellip;\n","protected":false},"author":2,"featured_media":615692,"comment_status":"","ping_status":"","sticky":false,"template":"","format":"standard","meta":{"footnotes":""},"categories":[1356],"tags":[58,59,1011,27,252,1364],"class_list":{"0":"post-615691","1":"post","2":"type-post","3":"status-publish","4":"format-standard","5":"has-post-thumbnail","7":"category-television","8":"tag-divertissement","9":"tag-entertainment","10":"tag-fr","11":"tag-france","12":"tag-television","13":"tag-tv"},"share_on_mastodon":{"url":"https:\/\/pubeurope.com\/@fr\/115762961567332313","error":""},"_links":{"self":[{"href":"https:\/\/www.europesays.com\/fr\/wp-json\/wp\/v2\/posts\/615691","targetHints":{"allow":["GET"]}}],"collection":[{"href":"https:\/\/www.europesays.com\/fr\/wp-json\/wp\/v2\/posts"}],"about":[{"href":"https:\/\/www.europesays.com\/fr\/wp-json\/wp\/v2\/types\/post"}],"author":[{"embeddable":true,"href":"https:\/\/www.europesays.com\/fr\/wp-json\/wp\/v2\/users\/2"}],"replies":[{"embeddable":true,"href":"https:\/\/www.europesays.com\/fr\/wp-json\/wp\/v2\/comments?post=615691"}],"version-history":[{"count":0,"href":"https:\/\/www.europesays.com\/fr\/wp-json\/wp\/v2\/posts\/615691\/revisions"}],"wp:featuredmedia":[{"embeddable":true,"href":"https:\/\/www.europesays.com\/fr\/wp-json\/wp\/v2\/media\/615692"}],"wp:attachment":[{"href":"https:\/\/www.europesays.com\/fr\/wp-json\/wp\/v2\/media?parent=615691"}],"wp:term":[{"taxonomy":"category","embeddable":true,"href":"https:\/\/www.europesays.com\/fr\/wp-json\/wp\/v2\/categories?post=615691"},{"taxonomy":"post_tag","embeddable":true,"href":"https:\/\/www.europesays.com\/fr\/wp-json\/wp\/v2\/tags?post=615691"}],"curies":[{"name":"wp","href":"https:\/\/api.w.org\/{rel}","templated":true}]}}