{"id":615693,"date":"2025-12-22T11:23:19","date_gmt":"2025-12-22T11:23:19","guid":{"rendered":"https:\/\/www.europesays.com\/fr\/615693\/"},"modified":"2025-12-22T11:23:19","modified_gmt":"2025-12-22T11:23:19","slug":"vanessa-paradis-a-toujours-son-loft-a-paris-achete-a-22-ans","status":"publish","type":"post","link":"https:\/\/www.europesays.com\/fr\/615693\/","title":{"rendered":"Vanessa Paradis a toujours son loft, \u00e0 Paris, achet\u00e9 \u00e0 22 ans"},"content":{"rendered":"<p><strong>Vanessa Paradis f\u00eate ses 53 ans ce 22 d\u00e9cembre 2025<\/strong>. Plus de quatre d\u00e9cennies apr\u00e8s ses d\u00e9buts fulgurants dans la musique et le cin\u00e9ma, l\u2019artiste reste encore \u00e0 ce jour la petite fianc\u00e9e des Fran\u00e7ais. <\/p>\n<p>Ils la suivent aussi bien dans les bacs, que sur sc\u00e8ne, et sur grand et petit \u00e9cran. Forte de ses <a href=\"https:\/\/www.public.fr\/vanessa-paradis-serge-gainsbourg-lenny-kravitz-m-benjamin-biolay-un-homme-un-album\" target=\"_blank\" rel=\"noopener\">collaborations avec les plus grands<\/a>, notre Vaness nationale a amass\u00e9 <strong>une petite fortune.<\/strong> <\/p>\n<p>Et loin des exc\u00e8s et des d\u00e9monstrations, elle cultive une fid\u00e9lit\u00e9 rare : \u00e0 ses choix artistiques, \u00e0 Paris\u2026 En t\u00e9moigne l\u2019appartement qu\u2019elle s\u2019est offert <strong>\u00e0 l\u2019\u00e2ge de 22 ans, un loft<\/strong> devenu au fil du temps un v\u00e9ritable refuge.<\/p>\n<p>Son premier et seul achat<\/p>\n<p>Vanessa Paradis n\u2019a jamais multipli\u00e9 les investissements immobiliers. \u00c0 22 ans seulement, alors que sa carri\u00e8re internationale est d\u00e9j\u00e0 solidement lanc\u00e9e, la chanteuse et actrice fait <strong>l\u2019acquisition de son premier appartement \u00e0 Paris<\/strong>. Un choix instinctif, presque sentimental, qui s\u2019est r\u00e9v\u00e9l\u00e9 durable : plus de trente ans plus tard, elle y vit toujours. \u00ab\u00a0C\u2019est le premier et le seul appartement que je me suis achet\u00e9\u00a0\u00bb, confiait-elle en 2023 dans Harper\u2019s Bazaar, soulignant le lien profond qui l\u2019unit \u00e0 ce lieu.<\/p>\n<p>Situ\u00e9 <strong>dans le quartier du Marais<\/strong>, l\u2019un des plus pris\u00e9s de la capitale, ce pied-\u00e0-terre est un loft sur deux niveaux, \u00e0 l\u2019abri des regards, cach\u00e9 derri\u00e8re une cour ou une fa\u00e7ade discr\u00e8te. Un \u00e9crin de calme au c\u0153ur de Paris, baign\u00e9 de lumi\u00e8re naturelle, pens\u00e9 comme un espace de respiration loin de l\u2019agitation m\u00e9diatique.<\/p>\n<p>\u00c0 ses d\u00e9buts, l\u2019appartement refl\u00e9tait une esth\u00e9tique plus boh\u00e8me, presque <strong>baba cool<\/strong>. Foulards pos\u00e9s sur les lampes, canap\u00e9s en velours, accumulation d\u2019objets et de textiles : un d\u00e9cor libre et instinctif, \u00e0 l\u2019image d\u2019une jeune artiste en pleine exploration. Avec le temps, Vanessa Paradis a fait \u00e9voluer son int\u00e9rieur, comme elle a fait \u00e9voluer sa musique et son jeu d\u2019actrice, d&rsquo;ailleurs.<\/p>\n<p>Aujourd\u2019hui, le loft affiche <strong>un style inspir\u00e9 des ann\u00e9es 1930<\/strong> : lignes plus sobres, mobilier choisi avec soin, ambiance \u00e9l\u00e9gante et feutr\u00e9e. Une transformation progressive, jamais ostentatoire, qui accompagne sa maturit\u00e9 artistique. L\u2019espace reste lumineux, ouvert, protecteur. \u00ab\u00a0Il est parfait pour moi : il est cach\u00e9, baign\u00e9 de lumi\u00e8re, et m\u00eame quand j\u2019y suis seule, je n\u2019ai jamais peur\u00a0\u00bb, expliquait-elle encore, r\u00e9sumant en quelques mots ce sentiment de s\u00e9curit\u00e9 et d\u2019apaisement.<\/p>\n<p>Vanessa Paradis chez elle \u00e0 Paris<\/p>\n<p>Bien qu\u2019elle ait v\u00e9cu pendant de nombreuses ann\u00e9es entre la France et les \u00c9tats-Unis, Vanessa Paradis n\u2019a <strong>jamais reni\u00e9 son attachement \u00e0 Paris.<\/strong> C\u2019est \u00e0 Los Angeles qu\u2019elle a \u00e9lev\u00e9 ses deux enfants, Lily-Rose et Jack, n\u00e9s de sa relation avec Johnny Depp, trouvant l\u00e0-bas un anonymat relatif et un rythme plus doux. Mais la capitale fran\u00e7aise demeure son point d\u2019ancrage \u00e9motionnel.<\/p>\n<p>\u00ab\u00a0J\u2019ai beau avoir grandi en banlieue jusqu\u2019\u00e0 16 ans<strong>, je me suis toujours sentie parisienne\u00a0\u00bb<\/strong>, confiait-elle. M\u00eame apr\u00e8s de longs s\u00e9jours en Californie, c\u2019est toujours dans son loft du Marais qu\u2019elle retrouve ses rep\u00e8res : ses habitudes, son silence, sa libert\u00e9. Un lieu o\u00f9 elle \u00e9crit, lit, se repose, pr\u00e9pare parfois de nouveaux projets musicaux.<\/p>\n<p>Mari\u00e9e depuis 2018 \u00e0 l\u2019\u00e9crivain et r\u00e9alisateur Samuel Benchetrit, Vanessa Paradis aurait pu tourner la page sur cet appartement pour s\u2019installer ailleurs et \u00e0 deux. Mais l\u00e0 encore, elle a fait le choix de la constance. Son pr\u00e9cieux loft parisien n\u2019a jamais \u00e9t\u00e9 abandonn\u00e9, ni revendu, ni transform\u00e9 en simple r\u00e9sidence secondaire. <strong>Il reste \u00e0 ce jour son espace personnel, son cocon<\/strong>, ind\u00e9pendamment de sa vie de couple.<\/p>\n<p>Avant cela, l\u2019artiste avait d\u00e9j\u00e0 connu d\u2019autres adresses parisiennes marquantes, notamment \u00e0 la fin des ann\u00e9es 1980, lorsqu\u2019elle <a href=\"https:\/\/vsd.fr\/30453-florent-pagny-vanessa-paradis\/\" target=\"_blank\" rel=\"noopener\">partageait la vie de Florent Pagny<\/a>. Mais aucune n\u2019aura eu la m\u00eame port\u00e9e symbolique que ce loft achet\u00e9 \u00e0 22 ans, t\u00e9moin silencieux de ses succ\u00e8s, de ses doutes, de ses m\u00e9tamorphoses. Et dans un monde o\u00f9 tout change si vite, la fid\u00e9lit\u00e9 de Vanessa Paradis \u00e0 un m\u00eame lieu depuis plus de trente ans dit beaucoup de son rapport \u00e0 la c\u00e9l\u00e9brit\u00e9, \u00e0 l\u2019intimit\u00e9 et \u00e0 la libert\u00e9.<\/p>\n<p>\n          Hits &amp; People en continu\n        <\/p>\n<p>\n          Public Radio\n        <\/p>\n<p>      Mentionn\u00e9s dans cet article<\/p>\n<p>      Sur le m\u00eame sujet<\/p>\n","protected":false},"excerpt":{"rendered":"Vanessa Paradis f\u00eate ses 53 ans ce 22 d\u00e9cembre 2025. Plus de quatre d\u00e9cennies apr\u00e8s ses d\u00e9buts fulgurants&hellip;\n","protected":false},"author":2,"featured_media":615694,"comment_status":"","ping_status":"","sticky":false,"template":"","format":"standard","meta":{"footnotes":""},"categories":[1355],"tags":[9071,58,59,1011,27,34615,43373,1361,873,10245],"class_list":{"0":"post-615693","1":"post","2":"type-post","3":"status-publish","4":"format-standard","5":"has-post-thumbnail","7":"category-musique","8":"tag-appartement","9":"tag-divertissement","10":"tag-entertainment","11":"tag-fr","12":"tag-france","13":"tag-loft","14":"tag-marais","15":"tag-music","16":"tag-musique","17":"tag-vanessa-paradis"},"share_on_mastodon":{"url":"https:\/\/pubeurope.com\/@fr\/115762967723994425","error":""},"_links":{"self":[{"href":"https:\/\/www.europesays.com\/fr\/wp-json\/wp\/v2\/posts\/615693","targetHints":{"allow":["GET"]}}],"collection":[{"href":"https:\/\/www.europesays.com\/fr\/wp-json\/wp\/v2\/posts"}],"about":[{"href":"https:\/\/www.europesays.com\/fr\/wp-json\/wp\/v2\/types\/post"}],"author":[{"embeddable":true,"href":"https:\/\/www.europesays.com\/fr\/wp-json\/wp\/v2\/users\/2"}],"replies":[{"embeddable":true,"href":"https:\/\/www.europesays.com\/fr\/wp-json\/wp\/v2\/comments?post=615693"}],"version-history":[{"count":0,"href":"https:\/\/www.europesays.com\/fr\/wp-json\/wp\/v2\/posts\/615693\/revisions"}],"wp:featuredmedia":[{"embeddable":true,"href":"https:\/\/www.europesays.com\/fr\/wp-json\/wp\/v2\/media\/615694"}],"wp:attachment":[{"href":"https:\/\/www.europesays.com\/fr\/wp-json\/wp\/v2\/media?parent=615693"}],"wp:term":[{"taxonomy":"category","embeddable":true,"href":"https:\/\/www.europesays.com\/fr\/wp-json\/wp\/v2\/categories?post=615693"},{"taxonomy":"post_tag","embeddable":true,"href":"https:\/\/www.europesays.com\/fr\/wp-json\/wp\/v2\/tags?post=615693"}],"curies":[{"name":"wp","href":"https:\/\/api.w.org\/{rel}","templated":true}]}}