{"id":615707,"date":"2025-12-22T11:33:21","date_gmt":"2025-12-22T11:33:21","guid":{"rendered":"https:\/\/www.europesays.com\/fr\/615707\/"},"modified":"2025-12-22T11:33:21","modified_gmt":"2025-12-22T11:33:21","slug":"cent-vingt-mille-foyers-sans-electricite-dans-loblast-dodessa","status":"publish","type":"post","link":"https:\/\/www.europesays.com\/fr\/615707\/","title":{"rendered":"cent vingt mille foyers sans \u00e9lectricit\u00e9 dans l\u2019oblast d\u2019Odessa"},"content":{"rendered":"<p>   Un g\u00e9n\u00e9ral de l\u2019\u00e9tat-major russe tu\u00e9 dans une explosion \u00e0 Moscou, selon le Comit\u00e9 d\u2019enqu\u00eate de la F\u00e9d\u00e9ration de Russie             <\/p>\n<p class=\"post__live-container--answer-text post__space-node\">Un g\u00e9n\u00e9ral de l\u2019\u00e9tat-major russe a \u00e9t\u00e9 tu\u00e9, lundi matin, dans l\u2019explosion d\u2019une voiture dans le sud de Moscou, a annonc\u00e9 le Comit\u00e9 d\u2019enqu\u00eate de la F\u00e9d\u00e9ration de Russie, en affirmant \u00e9tudier une piste ukrainienne.<\/p>\n<p class=\"post__live-container--answer-text post__space-node\">Selon les enqu\u00eateurs, un engin explosif d\u00e9pos\u00e9 sous une voiture a \u00e9t\u00e9 d\u00e9clench\u00e9 dans la rue Iasseneva\u00efa. Le lieutenant-g\u00e9n\u00e9ral Fanil Sarvarov, chef du d\u00e9partement de la formation op\u00e9rationnelle au sein de l\u2019\u00e9tat-major, \u00ab\u00a0a succomb\u00e9 \u00e0 ses blessures\u00a0\u00bb, a pr\u00e9cis\u00e9 le comit\u00e9 dans un communiqu\u00e9.<\/p>\n<p class=\"post__live-container--answer-text post__space-node\">Une enqu\u00eate pour \u00ab\u00a0meurtre\u00a0\u00bb et \u00ab\u00a0trafic d\u2019explosifs\u00a0\u00bb a \u00e9t\u00e9 ouverte, selon la m\u00eame source. L\u2019une des pistes \u00e9tudi\u00e9es est celle \u00ab\u00a0li\u00e9e\u00a0\u00bb aux \u00ab\u00a0services sp\u00e9ciaux ukrainiens\u00a0\u00bb, a affirm\u00e9 le comit\u00e9.<\/p>\n<p class=\"post__live-container--answer-text post__space-node\">Depuis le d\u00e9but de l\u2019offensive russe contre son voisin ukrainien, en f\u00e9vrier\u00a02022, Kiev a \u00e9t\u00e9 accus\u00e9 \u00e0 plusieurs reprises d\u2019avoir men\u00e9 des attaques cibl\u00e9es contre des personnalit\u00e9s et responsables militaires russes en Russie et dans les zones occup\u00e9es par Moscou en Ukraine.<\/p>\n<p class=\"post__live-container--answer-text post__space-node\">En ao\u00fbt\u00a02022, l\u2019explosion d\u2019une voiture avait tu\u00e9 Daria Douguina, la fille de l\u2019id\u00e9ologue ultranationaliste Alexandre Douguine. En avril\u00a02023, un blogueur militaire russe, Maxime Fomine, avait perdu la vie dans la d\u00e9tonation d\u2019une statuette dans un caf\u00e9 de Saint-P\u00e9tersbourg.<\/p>\n<p>                 <img decoding=\"async\" class=\"post__live-container--img post__space-node\"  src=\"https:\/\/www.europesays.com\/fr\/wp-content\/uploads\/2025\/12\/aab1405_ftp-1-op88vtya46al-2025-12-22t073751z-1627215563-rc2jliaio2fx-rtrmadp-3-ukraine-crisis-russi.jpeg\" data- alt=\"Sur les lieux o\u00f9 le lieutenant-g\u00e9n\u00e9ral Fanil Sarvarov aurait \u00e9t\u00e9 tu\u00e9 dans un attentat \u00e0 la voiture pi\u00e9g\u00e9e, \u00e0 Moscou, en Russie, le 22\u00a0d\u00e9cembre\u00a02025.\"\/>   Sur les lieux o\u00f9 le lieutenant-g\u00e9n\u00e9ral Fanil Sarvarov aurait \u00e9t\u00e9 tu\u00e9 dans un attentat \u00e0 la voiture pi\u00e9g\u00e9e, \u00e0 Moscou, en Russie, le 22\u00a0d\u00e9cembre\u00a02025. COMIT\u00c9 D\u2019ENQU\u00caTE RUSSE VIA REUTERS               <\/p>\n<p class=\"post__live-container--answer-text post__space-node\">Plus r\u00e9cemment, en avril, le g\u00e9n\u00e9ral Iaroslav Moskalik, chef adjoint de la direction g\u00e9n\u00e9rale op\u00e9rationnelle de l\u2019\u00e9tat-major russe, a \u00e9t\u00e9 tu\u00e9 dans l\u2019explosion d\u2019une voiture pr\u00e8s de Moscou. En d\u00e9cembre\u00a02024, le commandant des forces russes de d\u00e9fense radiologique, chimique et biologique, Igor Kirillov, a \u00e9t\u00e9 tu\u00e9 par l\u2019explosion d\u2019une trottinette \u00e9lectrique pi\u00e9g\u00e9e \u00e0 Moscou, un assassinat qui avait \u00e9t\u00e9 revendiqu\u00e9 par le service de s\u00e9curit\u00e9 d\u2019Ukraine (SBU).<\/p>\n","protected":false},"excerpt":{"rendered":"Un g\u00e9n\u00e9ral de l\u2019\u00e9tat-major russe tu\u00e9 dans une explosion \u00e0 Moscou, selon le Comit\u00e9 d\u2019enqu\u00eate de la F\u00e9d\u00e9ration&hellip;\n","protected":false},"author":2,"featured_media":615708,"comment_status":"","ping_status":"","sticky":false,"template":"","format":"standard","meta":{"footnotes":""},"categories":[5],"tags":[11,1011,27,14,12,28],"class_list":{"0":"post-615707","1":"post","2":"type-post","3":"status-publish","4":"format-standard","5":"has-post-thumbnail","7":"category-international","8":"tag-actualites","9":"tag-fr","10":"tag-france","11":"tag-international","12":"tag-news","13":"tag-world"},"share_on_mastodon":{"url":"https:\/\/pubeurope.com\/@fr\/115763008462006882","error":""},"_links":{"self":[{"href":"https:\/\/www.europesays.com\/fr\/wp-json\/wp\/v2\/posts\/615707","targetHints":{"allow":["GET"]}}],"collection":[{"href":"https:\/\/www.europesays.com\/fr\/wp-json\/wp\/v2\/posts"}],"about":[{"href":"https:\/\/www.europesays.com\/fr\/wp-json\/wp\/v2\/types\/post"}],"author":[{"embeddable":true,"href":"https:\/\/www.europesays.com\/fr\/wp-json\/wp\/v2\/users\/2"}],"replies":[{"embeddable":true,"href":"https:\/\/www.europesays.com\/fr\/wp-json\/wp\/v2\/comments?post=615707"}],"version-history":[{"count":0,"href":"https:\/\/www.europesays.com\/fr\/wp-json\/wp\/v2\/posts\/615707\/revisions"}],"wp:featuredmedia":[{"embeddable":true,"href":"https:\/\/www.europesays.com\/fr\/wp-json\/wp\/v2\/media\/615708"}],"wp:attachment":[{"href":"https:\/\/www.europesays.com\/fr\/wp-json\/wp\/v2\/media?parent=615707"}],"wp:term":[{"taxonomy":"category","embeddable":true,"href":"https:\/\/www.europesays.com\/fr\/wp-json\/wp\/v2\/categories?post=615707"},{"taxonomy":"post_tag","embeddable":true,"href":"https:\/\/www.europesays.com\/fr\/wp-json\/wp\/v2\/tags?post=615707"}],"curies":[{"name":"wp","href":"https:\/\/api.w.org\/{rel}","templated":true}]}}