{"id":615709,"date":"2025-12-22T11:34:19","date_gmt":"2025-12-22T11:34:19","guid":{"rendered":"https:\/\/www.europesays.com\/fr\/615709\/"},"modified":"2025-12-22T11:34:19","modified_gmt":"2025-12-22T11:34:19","slug":"sur-rtl-une-passagere-raconte-les-pleurs-et-les-cris-a-bord-du-vol-paris-ajaccio","status":"publish","type":"post","link":"https:\/\/www.europesays.com\/fr\/615709\/","title":{"rendered":"sur RTL, une passag\u00e8re raconte les \u00ab\u00a0pleurs\u00a0\u00bb et les cris\u00a0\u00bb \u00e0 bord du vol Paris-Ajaccio"},"content":{"rendered":"<p class=\"article-p mdl\">Une aile en feu, un atterrissage d&rsquo;urgence \u00e0 Lyon&#8230; Les passagers du vol Air-France,\u00a0AF7562,\u00a0reliant Paris \u00e0 Ajaccio,\u00a0<a class=\"link\" href=\"https:\/\/www.rtl.fr\/actu\/justice-faits-divers\/c-etait-en-flammes-d-un-seul-coup-l-avion-a-chute-un-vol-paris-ajaccio-deroute-en-urgence-apres-un-incident-technique-7900581306\" target=\"_blank\" rel=\"noopener\">victime d&rsquo;une panne moteur<\/a>, ont vu leur vie d\u00e9filer ce samedi 20 d\u00e9cembre. Parmi eux, une dizaine ont d\u00e9cid\u00e9 de porter plainte apr\u00e8s cet incident technique. Comme Charlotte Cesari, avocate au barreau de Marseille, encore traumatis\u00e9e.<\/p>\n<p class=\"article-p mdl\">\u00ab\u00a0Il y avait beaucoup de familles avec leurs enfants : notamment des b\u00e9b\u00e9s, des enfants entre 3 et 6 ans, des adolescents, t\u00e9moigne l&rsquo;avocate marseillaise sur RTL. Moi, j&rsquo;\u00e9tais avec mon p\u00e8re, autant vous dire que lorsque vous avez l&rsquo;impression de mourir, vous vous dites : &lsquo;On va tous mourir ensemble'\u00a0\u00bb. <\/p>\n<p class=\"article-p mdl\">Charlotte Cesari explique avoir entendu \u00ab\u00a0des cris\u00a0\u00bb et \u00ab\u00a0des pleurs\u00a0\u00bb. \u00ab\u00a0Je pense que les h\u00f4tesses de l&rsquo;air \u00e9taient tout autant paniqu\u00e9es que nous. Il suffisait de les regarder pour comprendre que la situation \u00e9tait grande\u00a0\u00bb, poursuit-elle.\u00a0<\/p>\n<p class=\"article-p mdl\"><a class=\"link\" href=\"https:\/\/www.rtl.fr\/actu\/justice-faits-divers\/document-rtl-j-etais-en-train-de-regarder-le-moteur-exploser-une-passagere-traumatisee-du-vol-paris-ajaccio-deroute-va-porter-plainte-7900581318\" target=\"_blank\" rel=\"noopener\">D&rsquo;autres passagers &#8211; interrog\u00e9s par RTL &#8211; ont parl\u00e9 de \u00ab\u00a0beaucoup de vibrations\u00a0\u00bb<\/a>\u00a0et d&rsquo;une aile de l&rsquo;avion \u00ab\u00a0en flammes\u00a0\u00bb. \u00ab\u00a0D&rsquo;un coup, l&rsquo;avion a chut\u00e9, a expliqu\u00e9 Christelle. Les boutons, tout s&rsquo;allumait, tout clignotait. Il y a un monsieur qui a pris ses enfants dans les bras parce qu&rsquo;ils se sont dit : &lsquo;On va se crasher'\u00a0\u00bb.\u00a0<\/p>\n<p class=\"article-p mdl\">Beaucoup de voyageurs ont \u00e9galement racont\u00e9 n&rsquo;avoir pas eu d&rsquo;informations sur\u00a0<a class=\"link\" href=\"https:\/\/www.rtl.fr\/actu\/justice-faits-divers\/il-n-y-a-rien-de-sensationnel-sur-ces-faits-un-specialiste-des-avions-relativise-sur-la-frayeur-du-vol-paris-ajaccio-7900581450\" target=\"_blank\" rel=\"noopener\">la situation lors de l&rsquo;incident<\/a>. La compagnie a\u00e9rienne a fait \u00e9tat, dans un communiqu\u00e9, \u00ab\u00a0d&rsquo;un probl\u00e8me technique\u00a0\u00bb. Et de poursuivre : \u00ab\u00a0Air France regrette les d\u00e9sagr\u00e9ments li\u00e9s \u00e0 cette situation et rappelle que la s\u00e9curit\u00e9 de ses clients et de ses \u00e9quipages est son imp\u00e9ratif absolu\u00a0\u00bb. Une enqu\u00eate est en cours pour d\u00e9terminer les circonstances de cette panne moteur.<\/p>\n<p>    La r\u00e9daction vous recommande<\/p>\n<p class=\"s-newsletter__title\">\n                L\u2019actualit\u00e9 par la r\u00e9daction de RTL dans votre bo\u00eete mail.\n            <\/p>\n<p class=\"s-newsletter__subtitle\">\n                Gr\u00e2ce \u00e0 votre compte RTL abonnez-vous \u00e0 la newsletter RTL info pour suivre toute l&rsquo;actualit\u00e9 au quotidien\n            <\/p>\n<p>\n                                    Lire la suite\n                                <\/p>\n","protected":false},"excerpt":{"rendered":"Une aile en feu, un atterrissage d&rsquo;urgence \u00e0 Lyon&#8230; Les passagers du vol Air-France,\u00a0AF7562,\u00a0reliant Paris \u00e0 Ajaccio,\u00a0victime d&rsquo;une&hellip;\n","protected":false},"author":2,"featured_media":615710,"comment_status":"","ping_status":"","sticky":false,"template":"","format":"standard","meta":{"footnotes":""},"categories":[4],"tags":[11,1816,36,13796,20933,118,107,1011,27,12,25,240],"class_list":{"0":"post-615709","1":"post","2":"type-post","3":"status-publish","4":"format-standard","5":"has-post-thumbnail","7":"category-france","8":"tag-actualites","9":"tag-air-france","10":"tag-airbus","11":"tag-avions","12":"tag-avocat","13":"tag-faits-divers","14":"tag-fil-info","15":"tag-fr","16":"tag-france","17":"tag-news","18":"tag-republique-francaise","19":"tag-temoignage"},"share_on_mastodon":{"url":"https:\/\/pubeurope.com\/@fr\/115763010849063565","error":""},"_links":{"self":[{"href":"https:\/\/www.europesays.com\/fr\/wp-json\/wp\/v2\/posts\/615709","targetHints":{"allow":["GET"]}}],"collection":[{"href":"https:\/\/www.europesays.com\/fr\/wp-json\/wp\/v2\/posts"}],"about":[{"href":"https:\/\/www.europesays.com\/fr\/wp-json\/wp\/v2\/types\/post"}],"author":[{"embeddable":true,"href":"https:\/\/www.europesays.com\/fr\/wp-json\/wp\/v2\/users\/2"}],"replies":[{"embeddable":true,"href":"https:\/\/www.europesays.com\/fr\/wp-json\/wp\/v2\/comments?post=615709"}],"version-history":[{"count":0,"href":"https:\/\/www.europesays.com\/fr\/wp-json\/wp\/v2\/posts\/615709\/revisions"}],"wp:featuredmedia":[{"embeddable":true,"href":"https:\/\/www.europesays.com\/fr\/wp-json\/wp\/v2\/media\/615710"}],"wp:attachment":[{"href":"https:\/\/www.europesays.com\/fr\/wp-json\/wp\/v2\/media?parent=615709"}],"wp:term":[{"taxonomy":"category","embeddable":true,"href":"https:\/\/www.europesays.com\/fr\/wp-json\/wp\/v2\/categories?post=615709"},{"taxonomy":"post_tag","embeddable":true,"href":"https:\/\/www.europesays.com\/fr\/wp-json\/wp\/v2\/tags?post=615709"}],"curies":[{"name":"wp","href":"https:\/\/api.w.org\/{rel}","templated":true}]}}