{"id":615713,"date":"2025-12-22T11:38:17","date_gmt":"2025-12-22T11:38:17","guid":{"rendered":"https:\/\/www.europesays.com\/fr\/615713\/"},"modified":"2025-12-22T11:38:17","modified_gmt":"2025-12-22T11:38:17","slug":"saint-etienne-il-tente-darracher-un-collier-sa-victime-le-fait-fuir","status":"publish","type":"post","link":"https:\/\/www.europesays.com\/fr\/615713\/","title":{"rendered":"Saint-Etienne. Il tente d\u2019arracher un collier, sa victime le fait fuir"},"content":{"rendered":"<p>Jeudi \u00e0 14 heures, alors qu\u2019elle descendait d\u2019un bus dans le quartier st\u00e9phanois de La Vivaraize, une dame de 61 ans voit un jeune homme l\u2019attraper par le cou pour lui arracher son collier.<\/p>\n<p>La sexag\u00e9naire ne se laisse pas faire\u00a0: elle crie et donne des coups de pied \u00e0 son agresseur qui prend la fuite et monte dans un bus.<\/p>\n<p>Interpell\u00e9 dans un bus<\/p>\n<p>Gr\u00e2ce au signalement fait par la victime, un \u00e9quipage de police-secours le rep\u00e8re. Il est interpell\u00e9 alors qu\u2019il est dans le v\u00e9hicule de la STAS.<\/p>\n<p>Plac\u00e9 en garde \u00e0 vue, le mis en cause, \u00e2g\u00e9 de 16 ans, a \u00e9t\u00e9 pr\u00e9sent\u00e9 \u00e0 un magistrat samedi.<\/p>\n","protected":false},"excerpt":{"rendered":"Jeudi \u00e0 14 heures, alors qu\u2019elle descendait d\u2019un bus dans le quartier st\u00e9phanois de La Vivaraize, une dame&hellip;\n","protected":false},"author":2,"featured_media":615714,"comment_status":"","ping_status":"","sticky":false,"template":"","format":"standard","meta":{"footnotes":""},"categories":[9653],"tags":[1111,11,2430,271,272,7539,1777,674,274,1011,27,3367,12,25,4001,7538],"class_list":{"0":"post-615713","1":"post","2":"type-post","3":"status-publish","4":"format-standard","5":"has-post-thumbnail","7":"category-saint-etienne","8":"tag-actu","9":"tag-actualites","10":"tag-auvergne-rhone-alpes","11":"tag-crime","12":"tag-delit-et-contravention","13":"tag-edition-loire-sud","14":"tag-eu","15":"tag-europe","16":"tag-faits-divers-justice","17":"tag-fr","18":"tag-france","19":"tag-loire","20":"tag-news","21":"tag-republique-francaise","22":"tag-saint-etienne","23":"tag-saint-etienne-ville"},"share_on_mastodon":{"url":"https:\/\/pubeurope.com\/@fr\/115763026670154349","error":""},"_links":{"self":[{"href":"https:\/\/www.europesays.com\/fr\/wp-json\/wp\/v2\/posts\/615713","targetHints":{"allow":["GET"]}}],"collection":[{"href":"https:\/\/www.europesays.com\/fr\/wp-json\/wp\/v2\/posts"}],"about":[{"href":"https:\/\/www.europesays.com\/fr\/wp-json\/wp\/v2\/types\/post"}],"author":[{"embeddable":true,"href":"https:\/\/www.europesays.com\/fr\/wp-json\/wp\/v2\/users\/2"}],"replies":[{"embeddable":true,"href":"https:\/\/www.europesays.com\/fr\/wp-json\/wp\/v2\/comments?post=615713"}],"version-history":[{"count":0,"href":"https:\/\/www.europesays.com\/fr\/wp-json\/wp\/v2\/posts\/615713\/revisions"}],"wp:featuredmedia":[{"embeddable":true,"href":"https:\/\/www.europesays.com\/fr\/wp-json\/wp\/v2\/media\/615714"}],"wp:attachment":[{"href":"https:\/\/www.europesays.com\/fr\/wp-json\/wp\/v2\/media?parent=615713"}],"wp:term":[{"taxonomy":"category","embeddable":true,"href":"https:\/\/www.europesays.com\/fr\/wp-json\/wp\/v2\/categories?post=615713"},{"taxonomy":"post_tag","embeddable":true,"href":"https:\/\/www.europesays.com\/fr\/wp-json\/wp\/v2\/tags?post=615713"}],"curies":[{"name":"wp","href":"https:\/\/api.w.org\/{rel}","templated":true}]}}