{"id":615719,"date":"2025-12-22T11:41:16","date_gmt":"2025-12-22T11:41:16","guid":{"rendered":"https:\/\/www.europesays.com\/fr\/615719\/"},"modified":"2025-12-22T11:41:16","modified_gmt":"2025-12-22T11:41:16","slug":"nancy-donneur-depuis-3-ans-un-etudiant-temoigne-de-limportance-vitale-des-dons-de-plasma","status":"publish","type":"post","link":"https:\/\/www.europesays.com\/fr\/615719\/","title":{"rendered":"Nancy. Donneur depuis 3 ans, un \u00e9tudiant t\u00e9moigne de l\u2019importance vitale des dons de plasma"},"content":{"rendered":"<p>\u00ab\u00a0Je suis reconnaissant envers ceux qui prennent une heure de leur temps pour donner leur plasma. Gr\u00e2ce \u00e0 eux, des familles poursuivent leur chemin ensemble.\u00a0\u00bb Les mots de Paul, 21 ans, sont forts. Et pour cause.<\/p>\n<p>Depuis le jour de ses 18 ans, ce jeune \u00e9tudiant en ergoth\u00e9rapie donne r\u00e9guli\u00e8rement son sang, son plasma et ses plaquettes. \u00ab\u00a0Je fais un peu de tout, en fonction des besoins.\u00a0\u00bb Le principe du don de plasma est proche de celui du sang complet, mais \u00ab\u00a0avec une plus grosse machine\u00a0\u00bb, pr\u00e9cise-t-il en souriant. Durant les 45 minutes de pr\u00e9l\u00e8vement, Paul discute, \u00e9coute de la musique, r\u00e9vise ses cours. \u00ab\u00a0L\u2019ambiance y est conviviale.\u00a0\u00bb<\/p>\n<p>  \u00ab\u00a0L\u00e0, le don prend tout son sens\u00a0\u00bb<\/p>\n<p>En janvier\u00a02025, sa vision du don prend une dimension plus personnelle. Sa m\u00e8re est touch\u00e9e par une maladie neurologique auto-immune, provoquant une perte de motricit\u00e9 de la main. \u00ab\u00a0On se rend compte que \u00e7a n\u2019arrive pas qu\u2019aux autres. L\u00e0, le don prend tout son sens.\u00a0\u00bb<\/p>\n<p>Suivie au CHRU de Nancy, elle b\u00e9n\u00e9ficie depuis neuf mois d\u2019un traitement \u00e0 base d\u2019immunoglobulines, directement issues des dons de plasma. Cela permet aujourd\u2019hui de stabiliser sa pathologie et m\u00eame d\u2019observer quelques progr\u00e8s.<\/p>\n<p>Durant cinq jours, Paul observe \u00ab\u00a0le salon se transformer en v\u00e9ritable h\u00f4pital de campagne\u00a0\u00bb\u00a0: pompe \u00e0 perfusion, tubulures, aiguilles\u2026 trouvent une place dans leur quotidien. Puis, tout est rang\u00e9 \u00ab\u00a0une fa\u00e7on de retrouver une vie presque normale\u00a0\u00bb\u2026 Jusqu\u2019au cycle suivant\u00a0: 28 jours plus tard.<\/p>\n<p>  Les dons de plasma, indispensables \u00e0 la fabrication de traitements<\/p>\n<p>Au-del\u00e0 de son engagement personnel, Paul agit aussi collectivement. En tant que r\u00e9f\u00e9rent \u00ab\u00a0\u00e9galit\u00e9, diversit\u00e9 et inclusion \u00bb de la F\u00e9d\u00e9ration des \u00e9tudiants de Lorraine (F\u00e9d\u00e9lor), il relaie r\u00e9guli\u00e8rement les campagnes de l\u2019EFS. Les stocks de plasma, comme partout en France, sont sous tension en Lorraine.<\/p>\n<p>Mais ce qu\u2019il tient \u00e0 pr\u00e9ciser, c\u2019est que les dons de plasma ne servent pas qu\u2019aux maladies neurologiques auto-immunes. Ils sont indispensables \u00e0 la fabrication de traitements destin\u00e9s aux personnes souffrant de br\u00fblures graves, de maladies du sang, de d\u00e9ficits immunitaires, ou encore aux victimes d\u2019h\u00e9morragies apr\u00e8s un accouchement ou un accident.<\/p>\n<p>\u00ab\u00a0En France, \u00eatre transfus\u00e9 nous para\u00eet normal\u00a0\u00bb, rappelle Paul. \u00ab\u00a0Pourtant, on oublie parfois que si c\u2019est possible, c\u2019est uniquement gr\u00e2ce \u00e0 ceux qui ont choisi de donner de leur temps.\u00a0\u00bb<\/p>\n","protected":false},"excerpt":{"rendered":"\u00ab\u00a0Je suis reconnaissant envers ceux qui prennent une heure de leur temps pour donner leur plasma. Gr\u00e2ce \u00e0&hellip;\n","protected":false},"author":2,"featured_media":615720,"comment_status":"","ping_status":"","sticky":false,"template":"","format":"standard","meta":{"footnotes":""},"categories":[9635],"tags":[1111,11,1704,1777,674,1011,27,775,1702,1703,12,25,71,104],"class_list":{"0":"post-615719","1":"post","2":"type-post","3":"status-publish","4":"format-standard","5":"has-post-thumbnail","7":"category-nancy","8":"tag-actu","9":"tag-actualites","10":"tag-edition-nancy-et-agglomeration","11":"tag-eu","12":"tag-europe","13":"tag-fr","14":"tag-france","15":"tag-grand-est","16":"tag-nancy","17":"tag-nancy-ville-54b","18":"tag-news","19":"tag-republique-francaise","20":"tag-sante","21":"tag-societe"},"share_on_mastodon":{"url":"https:\/\/pubeurope.com\/@fr\/115763038415214863","error":""},"_links":{"self":[{"href":"https:\/\/www.europesays.com\/fr\/wp-json\/wp\/v2\/posts\/615719","targetHints":{"allow":["GET"]}}],"collection":[{"href":"https:\/\/www.europesays.com\/fr\/wp-json\/wp\/v2\/posts"}],"about":[{"href":"https:\/\/www.europesays.com\/fr\/wp-json\/wp\/v2\/types\/post"}],"author":[{"embeddable":true,"href":"https:\/\/www.europesays.com\/fr\/wp-json\/wp\/v2\/users\/2"}],"replies":[{"embeddable":true,"href":"https:\/\/www.europesays.com\/fr\/wp-json\/wp\/v2\/comments?post=615719"}],"version-history":[{"count":0,"href":"https:\/\/www.europesays.com\/fr\/wp-json\/wp\/v2\/posts\/615719\/revisions"}],"wp:featuredmedia":[{"embeddable":true,"href":"https:\/\/www.europesays.com\/fr\/wp-json\/wp\/v2\/media\/615720"}],"wp:attachment":[{"href":"https:\/\/www.europesays.com\/fr\/wp-json\/wp\/v2\/media?parent=615719"}],"wp:term":[{"taxonomy":"category","embeddable":true,"href":"https:\/\/www.europesays.com\/fr\/wp-json\/wp\/v2\/categories?post=615719"},{"taxonomy":"post_tag","embeddable":true,"href":"https:\/\/www.europesays.com\/fr\/wp-json\/wp\/v2\/tags?post=615719"}],"curies":[{"name":"wp","href":"https:\/\/api.w.org\/{rel}","templated":true}]}}