{"id":615726,"date":"2025-12-22T11:46:15","date_gmt":"2025-12-22T11:46:15","guid":{"rendered":"https:\/\/www.europesays.com\/fr\/615726\/"},"modified":"2025-12-22T11:46:15","modified_gmt":"2025-12-22T11:46:15","slug":"inondations-a-montpellier-et-dans-lherault-lame-deau-personnes-evacuees-routes-et-rues-coupees-gymnases-ouverts-le-point-sur-la-situation","status":"publish","type":"post","link":"https:\/\/www.europesays.com\/fr\/615726\/","title":{"rendered":"Inondations \u00e0 Montpellier et dans l\u2019H\u00e9rault\u00a0: lame d\u2019eau, personnes \u00e9vacu\u00e9es, routes et rues coup\u00e9es, gymnases ouverts\u2026 le point sur la situation"},"content":{"rendered":"<p>\n                                                                Le d\u00e9partement de l\u2019H\u00e9rault est fortement impact\u00e9 par un \u00e9pisode de pluie intense depuis ce lundi 22\u00a0d\u00e9cembre au matin, qui s\u2019ajoute aux intemp\u00e9ries de la veille et aux crues en cours.\n                            <\/p>\n<p>Le d\u00e9partement de l\u2019H\u00e9rault a \u00e9t\u00e9 plac\u00e9 <a href=\"https:\/\/www.midilibre.fr\/actu\/meteo\/intemperies\/\" target=\"_blank\" rel=\"noopener\">en alerte orange par M\u00e9t\u00e9o-France<\/a>. Des pluies diluviennes s\u2019abattent depuis de nombreuses heures sur le territoire.<\/p>\n<p>La prudence est de mise. Il est pr\u00e9f\u00e9rable de limiter ses d\u00e9placements et de se mettre \u00e0 l\u2019abri.<\/p>\n<p>De forts cumuls\u00a0: jusqu\u2019\u00e0 120\u00a0mm attendus<\/p>\n<p>Un axe de forte pluie concerne toute la plaine Montpelli\u00e9raine et l\u2019Est H\u00e9rault de Palavas-les-Flots \u00e0 Lunel.<\/p>\n<p>La lame d\u2019eau a g\u00e9n\u00e9r\u00e9 de forts cumuls sur la M\u00e9tropole de Montpellier\u00a0: 40\u00a0mm en une heure\u00a0; 75\u00a0mm sur les 6 derni\u00e8res heures. Les villes de Montpellier, Saint-Jean-de-V\u00e9das, Villeneuve-l\u00e8s-Maguelone ont \u00e9t\u00e9 particuli\u00e8rement touch\u00e9es.<\/p>\n<p>Cette ligne de forte intensit\u00e9 va stagner sur la M\u00e9tropole jusqu\u2019\u00e0 l\u2019Est de H\u00e9rault en limite du Gard, et pourrait produire en 24\u00a0h jusqu\u2019\u00e0 120\u00a0mm sur la plaine montpelli\u00e9raine. Elle touchera \u00e9galement les C\u00e9vennes avec de moindres cumuls.<\/p>\n<p>Le fleuve H\u00e9rault est maintenu en vigilance orange crues (secteurs amont et aval).<strong> <\/strong>Un point de vigilance est port\u00e9 sur le secteur d\u2019Agde o\u00f9 des risques de d\u00e9bordements sont importants.<\/p>\n<p>Le Lez, le Vidourle, l\u2019Orb amont et aval sont maintenus en vigilance jaune crues.<\/p>\n<p>Des personnes \u00e9vacu\u00e9es et mises en s\u00e9curit\u00e9<\/p>\n<p>Comme le pr\u00e9cise la Pr\u00e9fecture de l\u2019H\u00e9rault, des interventions de mises en\u00a0s\u00e9curit\u00e9 sont en cours \u00e0 Montpellier<\/p>\n<p>Une quarantaine de\u00a0personnes ont \u00e9t\u00e9 \u00e9vacu\u00e9es du bidonville de Bonnier de la Mosson et sont accueillies par la mairie de Montpellier dans le gymnase Jean-Bouin. Les gens du voyage install\u00e9s sur le rond-point Gennevaux sont \u00e9galement \u00e9vacu\u00e9s et mis en s\u00e9curit\u00e9. Le gymnase Gambardella est \u00e9galement ouvert pour l\u2019accueil des personnes sans domicile fixe.<\/p>\n<p>Routes ferm\u00e9es<\/p>\n<p>De nombreuses routes sont actuellement ferm\u00e9es dans la m\u00e9tropole de Montpellier. Cela concerne notamment, \u00e0 Montpellier, en compl\u00e9ment des routes ferm\u00e9es la veille\u00a0: la rue de l\u2019industrie, l\u2019avenue de Maurin, la rue de Tipassa le tunnel de Lapeyronie et tunnel de la Com\u00e9die. Les tramways et les bus sont extr\u00eamement perturb\u00e9s.<\/p>\n<p>Par mesure de s\u00e9curit\u00e9, les parcs et jardins publics, les cimeti\u00e8res ainsi que le zoo de Lunaret, le bois de Montmaur et la R\u00e9serve du Lez seront ferm\u00e9s au public ce lundi 22\u00a0d\u00e9cembre jusqu\u2019\u00e0 nouvel ordre ainsi que\u00a0le March\u00e9 de No\u00ebl sera \u00e9galement ferm\u00e9. La galerie cyclable de la Com\u00e9die est ferm\u00e9e.<\/p>\n<p>Ce lundi 22\u00a0d\u00e9cembre et jusqu\u2019\u00e0 nouvel ordre, le stationnement est interdit quai du Pir\u00e9e, notamment entre les ponts Chauliac et Juv\u00e9nal, avenue de Maurin, la voie Domitienne et le rue Tipasa.<\/p>\n<p>Les conditions de circulation sont tr\u00e8s difficiles sur le r\u00e9seau d\u00e9partemental. Plusieurs routes sont impact\u00e9es par les inondations\u00a0:<\/p>\n<p>\u00b7RD 25 ferm\u00e9e du PR 43 +\u00a0500 au PR 44 +\u00a0610 entre Ganges et Cazilhac<\/p>\n<p>\u00b7RD 999 alternat entre Ganges et Saint-Julien de la Nef PR 8 \u00e0 13<\/p>\n<p>\u00b7RD 986 entre Montpellier et Palavas\u00a0: fermeture des voies lentes dans les deux sens et fermeture du shunt sens 2<\/p>\n<p>\u00b7RD 110 fermeture du gu\u00e9 de Villetelle<\/p>\n<p>\u00b7RD 32 ferm\u00e9e du PR 47 au PR 48 entre P\u00e9zenas et Castelnau-de-Guers<\/p>\n<p>\u00b7RD 161e3 ferm\u00e9e du PR 2 au PR 3 entre P\u00e9zenas et la RD 613<\/p>\n<p>\u00b7Rd 32e6 ferm\u00e9e PR 3 \u00e07 entre Florensac et Castelnau-de-Guers<\/p>\n<p>\u00b7RD 32e5 ferm\u00e9e PR 0 \u00e0 2 entre P\u00e9zenas et Castelnau-de-Guers<\/p>\n<p>\u00b7RD 148 Ferm\u00e9e PR 1 \u00e0 4 entre Lod\u00e8ve et Le Puech<\/p>\n<p>\u00b7RD 14e22 PR 0 +\u00a0540 au niveau de Mons<\/p>\n<p>\u00b7RD 9 entre Arboras et La Vacquerie<\/p>\n<p>\u00b7RD 14e19 PR O +\u00a0070 entre RD 908 et Les Horts<\/p>\n<p>\u00b7RD 32 entre PR 16 +\u00a0500 et 16 +\u00a0600 Pu\u00e9chabon chauss\u00e9e partiellement inond\u00e9e<\/p>\n<p>\u00b7RD30E10 gu\u00e9 ferm\u00e9 Saint-Pargoire 0 \u00e0 3 +\u00a0500 Paulhan B\u00e9larga<\/p>\n<p>\u00b7RD151 ferm\u00e9e entre de 0 \u00e0 3 +\u00a0100 Lod\u00e8ve Poujols<\/p>\n<p>\u00b7RD1 de 10 +\u00a0364 \u00e0 10 +\u00a0436 Pont de Saint-\u00c9tienne d\u2019Issensac fermeture \u00e0 la circulation par s\u00e9curit\u00e9 Ganges<\/p>\n<p>\u00b7RD 986 Laroque de 1 +\u00a0600 \u00e0 1 +\u00a0700 ferm\u00e9e RD 128 partiellement inond\u00e9e de 0 \u00e0 1 +\u00a0500 (Saint-Bauzille \u2013 Ganges)<\/p>\n<p>\u00b7RD 1 ferm\u00e9e du 8 au 10 +\u00a0437 Issensac \u2013 Saint-Jean-de-Bu\u00e8ges<\/p>\n<p>\u00b7RD 1 du Pr 10 +\u00a0436 au 17 +\u00a0229 inond\u00e9e Notre-Dame-de-Londres \u2013 Pont-d\u2019Issensac<\/p>\n<p>\u00b7RD122E6 du 2 au 3 ferm\u00e9e Saint-Martin-de-Londres hameau de Biranques<\/p>\n<p>\u00b7RD30 du PR 26 au PR27 route inond\u00e9e\u00a0: eau \u00e0 fleur de chauss\u00e9e Paulhan Campagnan<\/p>\n<p>\u00b7RD 174e1 PR 6 au PR 6 +\u00a0500 Roujan Caux<\/p>\n<p>\u00b7RD 30 PR 10 au PR 13 Roujan Caux<\/p>\n<p>\u00b7RD 161 PR 22 au PR 25 Montagnac Saint-Pons-de-Mauchiens<\/p>\n<p>\u00b7RD 18 PR 18 au PR 14 Saint-Thibery Montblanc<\/p>\n<p>\u00b7RD 137 PR 0 au PR 4 Saint-Thib\u00e9ry Bessan<\/p>\n<p>\u00b7RD 109E1 PR 1 au PR 1 +\u00a0235 Assas<\/p>\n<p>\u00b7RD 986 PR 53 au PR 56 Montpellier Palavas<\/p>\n<p>\u00b7RD32 PR 40 au PR 48 entre Campagnan et Montagnac<\/p>\n<p>\u00b7RD28 PR 24 +\u00a0500 au PR 19 entre Marseillan et Bessan<\/p>\n<p>\u00b7RD 4 PR 15 +\u00a0300 au PR 24 entre Saint-Jean-de-Fos et Causse de la Selle<\/p>\n<p>Conseils de s\u00e9curit\u00e9<\/p>\n<p>Il est important de rappeler qu\u2019il faut s\u2019\u00e9loigner des cours d\u2019eau, des berges, des ponts et qu\u2019il est interdit de s\u2019engager\u00a0sur les passages \u00e0 gu\u00e9, sur une route immerg\u00e9e m\u00eame partiellement (30 centim\u00e8tres d\u2019eau suffisent \u00e0 emporter un v\u00e9hicule), de ne pas descendre dans\u00a0les sous-sols ou les parkings souterrains et de se tenir inform\u00e9.<\/p>\n","protected":false},"excerpt":{"rendered":"Le d\u00e9partement de l\u2019H\u00e9rault est fortement impact\u00e9 par un \u00e9pisode de pluie intense depuis ce lundi 22\u00a0d\u00e9cembre au&hellip;\n","protected":false},"author":2,"featured_media":615727,"comment_status":"","ping_status":"","sticky":false,"template":"","format":"standard","meta":{"footnotes":""},"categories":[9599],"tags":[1111,11,1777,674,1011,27,7089,71962,2208,15882,12,2680,25],"class_list":{"0":"post-615726","1":"post","2":"type-post","3":"status-publish","4":"format-standard","5":"has-post-thumbnail","7":"category-montpellier","8":"tag-actu","9":"tag-actualites","10":"tag-eu","11":"tag-europe","12":"tag-fr","13":"tag-france","14":"tag-herault","15":"tag-intempu00e9ries","16":"tag-montpellier","17":"tag-mu00e9tu00e9o","18":"tag-news","19":"tag-occitanie","20":"tag-republique-francaise"},"share_on_mastodon":{"url":"https:\/\/pubeurope.com\/@fr\/115763058010017137","error":""},"_links":{"self":[{"href":"https:\/\/www.europesays.com\/fr\/wp-json\/wp\/v2\/posts\/615726","targetHints":{"allow":["GET"]}}],"collection":[{"href":"https:\/\/www.europesays.com\/fr\/wp-json\/wp\/v2\/posts"}],"about":[{"href":"https:\/\/www.europesays.com\/fr\/wp-json\/wp\/v2\/types\/post"}],"author":[{"embeddable":true,"href":"https:\/\/www.europesays.com\/fr\/wp-json\/wp\/v2\/users\/2"}],"replies":[{"embeddable":true,"href":"https:\/\/www.europesays.com\/fr\/wp-json\/wp\/v2\/comments?post=615726"}],"version-history":[{"count":0,"href":"https:\/\/www.europesays.com\/fr\/wp-json\/wp\/v2\/posts\/615726\/revisions"}],"wp:featuredmedia":[{"embeddable":true,"href":"https:\/\/www.europesays.com\/fr\/wp-json\/wp\/v2\/media\/615727"}],"wp:attachment":[{"href":"https:\/\/www.europesays.com\/fr\/wp-json\/wp\/v2\/media?parent=615726"}],"wp:term":[{"taxonomy":"category","embeddable":true,"href":"https:\/\/www.europesays.com\/fr\/wp-json\/wp\/v2\/categories?post=615726"},{"taxonomy":"post_tag","embeddable":true,"href":"https:\/\/www.europesays.com\/fr\/wp-json\/wp\/v2\/tags?post=615726"}],"curies":[{"name":"wp","href":"https:\/\/api.w.org\/{rel}","templated":true}]}}