{"id":615728,"date":"2025-12-22T11:48:20","date_gmt":"2025-12-22T11:48:20","guid":{"rendered":"https:\/\/www.europesays.com\/fr\/615728\/"},"modified":"2025-12-22T11:48:20","modified_gmt":"2025-12-22T11:48:20","slug":"un-vaste-reseau-de-trafic-de-cocaine-et-de-cannabis-entre-le-port-du-havre-rouen-dunkerque-et-le-maroc-dementele","status":"publish","type":"post","link":"https:\/\/www.europesays.com\/fr\/615728\/","title":{"rendered":"Un vaste r\u00e9seau de trafic de coca\u00efne et de cannabis entre le port du Havre, Rouen, Dunkerque et le Maroc d\u00e9mentel\u00e9"},"content":{"rendered":"<p>Un r\u00e9seau de narcotraficants qui importait de la coca\u00efne et du cannabis via les ports du Havre et de Moulineaux dans la M\u00e9tropole rouennaise a \u00e9t\u00e9 d\u00e9mentel\u00e9, annonce ce lundi le parquet de Lille. La t\u00eate de r\u00e9seau, localis\u00e9e \u00e0 Casablanca au Maroc a \u00e9t\u00e9 interpell\u00e9e en septembre dernier. <\/p>\n<p>L&rsquo;enqu\u00eate a dur\u00e9 pr\u00e8s de trois ans. Ce lundi 22 d\u00e9cembre 2025, le parquet de Lille annonce dans un communiqu\u00e9 le d\u00e9ment\u00e8lement d&rsquo;un important r\u00e9seau de narcotraficants qui op\u00e9raient au Havre \u00e0 Rouen et Dunkerque, o\u00f9 ils faisaient passer de la coca\u00efne et du cannabis par la mer, soit dissimul\u00e9s dans des conteneurs de marchandise, soit par la technique du \u00ab\u00a0drop-off\u00a0\u00bb, en jetant la marchandise \u00e0 l&rsquo;eau pour qu&rsquo;elle soit r\u00e9cup\u00e9r\u00e9e. Neuf personnes ont \u00e9t\u00e9 mises en examen en juin 2023, mais la t\u00eate de r\u00e9seau n&rsquo;a \u00e9t\u00e9 interpell\u00e9e que fin septembre 2025, \u00e0 Casablanca au Maroc.<\/p>\n<p>L&rsquo;enqu\u00eate d\u00e9bute en mars 2022 \u00e0 Rouen, pour des faits d&rsquo;importation et de revente de cannabis et de coca\u00efne dans la m\u00e9tropole, initi\u00e9 par la division de la criminalit\u00e9 organis\u00e9e et sp\u00e9cialis\u00e9e (DCOS) \u00e0 du service interd\u00e9partementale de la police judiciaire (SIPJ) de Rouen. Le parquet de Rouen ouvre une information judiciaire le 12 avril 2022. Mais rapidement, les enqu\u00eateurs mettent \u00e0 jour la dimension internationale du trafic, la juridiction sp\u00e9cialis\u00e9e (JIRS) de Lille reprend le dossier et deux magistrats s&rsquo;en saississent.<\/p>\n<p>Les narcotraficants rouennais s&rsquo;informent aupr\u00e8s de dockers<\/p>\n<p>Les enqu\u00eateurs identifient au fil des mois un r\u00e9seau de narcotraficants rouennais, qui fait passer de la drogue via les ports du Havre et de Moulineaux dans la m\u00e9tropole rouennaise gr\u00e2ce aux informations que leur fournissent des dockers sur les sorties de conteneurs.<\/p>\n<p>Apr\u00e8s plus d&rsquo;un an, en juin 2023, l&rsquo;enqu\u00eate aboutit \u00e0 une premi\u00e8re saisie de drogue\u00a0: 183 kilos de coca\u00efne dans un conteneur arriv\u00e9 sur le port du Havre. En septembre 2023, les enqu\u00eateurs d\u00e9tectent un autre mode op\u00e9ratoire, les narcotraficants font venir en Normandie de la coca\u00efne par \u00ab\u00a0drop-off\u00a0\u00bb, 400 kilos puis une tonne de coca\u00efne sont ainsi jet\u00e9s au large et r\u00e9cup\u00e9r\u00e9s en mer par les narcotraficants.<\/p>\n<p>Dix mis en examen<\/p>\n<p>Le 11 d\u00e9cembre 2023, les forces de l&rsquo;ordre d\u00e9couvrent 23 kilos de r\u00e9sine de cannabis dans le box d&rsquo;un des narcotraficants qu&rsquo;ils ont rep\u00e9r\u00e9s. Neuf personnes sont alors interpell\u00e9es, toutes mises en examen. Six d&rsquo;entre elles sont plac\u00e9es en d\u00e9tention provisoire, trois autres, des dockers, sont plac\u00e9s sous contr\u00f4le judiciaire.<\/p>\n<p>Il faudra attendre 2024 pour que la t\u00eate du r\u00e9seau soit rep\u00e9r\u00e9e, gr\u00e2ce aux travails des enqu\u00eateurs rouennais \u00e9paul\u00e9s via EUROPOL et EUROJUST par des policiers et magistrats allemands et espagnols. Ce chef est localis\u00e9 \u00e0 Casablanca, au Maroc, o\u00f9 on le suspecte d&rsquo;avoir organis\u00e9 toutes les importations, par route ou par mer, notamment de la r\u00e9sine de cannabis et de l&rsquo;herbe de cannabis depuis le Marco, et de la coca\u00efne en provenance de Colombie. Ces marchandises \u00e9tant achemin\u00e9es verxs les ports du Havre et de Moulineaux en Normandie et de Dunkerque dans le Nord.<\/p>\n<p>Des liens avec les narcotraficants marseillais<\/p>\n<p>Tout en restant discret sur le profil de cette t\u00eate de r\u00e9seau, le parquet de Lille indique qu&rsquo;il \u00ab\u00a0semble avoir une influence dans d&rsquo;autres sph\u00e8res criminelles puisque des liens sont av\u00e9r\u00e9s avec d&rsquo;importants narcotraficants \u00e0 Marseille\u00a0\u00bb. Le parquet ajoute qu&rsquo;une \u00ab\u00a0forme d&rsquo;association\u00a0\u00bb peut \u00eatre \u00e9tablie entre eux, en vue d&rsquo;importer de tr\u00e8s grosses quantit\u00e9 de stup\u00e9fiants depuis l&rsquo;\u00e9tranger afin de l&rsquo;\u00e9couler partout en France, pour plusieurs millions d&rsquo;euros.<\/p>\n<p>Cette t\u00eate de r\u00e9seau est finalement interpell\u00e9 le 22 f\u00e9vrier 2025 au Maroc,\u00a0 et remis aux autorit\u00e9s fran\u00e7aises le 23 septembre dernier. Il a \u00e9t\u00e9 mis en examen le lendemain pour dix chefs d&rsquo;inculpation dont l&rsquo;organisation et la direction de groupement ayant pour objet une activit\u00e9 illicite li\u00e9e aux stup\u00e9fiants, l&rsquo;importation, et la vente de ces dernier, ainsi que pour blanchiment aggrav\u00e9 et corruption active et passive. Il a \u00e9t\u00e9 plac\u00e9 en d\u00e9tention provisoire.<\/p>\n","protected":false},"excerpt":{"rendered":"Un r\u00e9seau de narcotraficants qui importait de la coca\u00efne et du cannabis via les ports du Havre et&hellip;\n","protected":false},"author":2,"featured_media":615729,"comment_status":"","ping_status":"","sticky":false,"template":"","format":"standard","meta":{"footnotes":""},"categories":[9587],"tags":[1111,11,1777,674,1011,27,12,5161,25,9590],"class_list":{"0":"post-615728","1":"post","2":"type-post","3":"status-publish","4":"format-standard","5":"has-post-thumbnail","7":"category-rouen","8":"tag-actu","9":"tag-actualites","10":"tag-eu","11":"tag-europe","12":"tag-fr","13":"tag-france","14":"tag-news","15":"tag-normandie","16":"tag-republique-francaise","17":"tag-rouen"},"share_on_mastodon":{"url":"https:\/\/pubeurope.com\/@fr\/115763065870939603","error":""},"_links":{"self":[{"href":"https:\/\/www.europesays.com\/fr\/wp-json\/wp\/v2\/posts\/615728","targetHints":{"allow":["GET"]}}],"collection":[{"href":"https:\/\/www.europesays.com\/fr\/wp-json\/wp\/v2\/posts"}],"about":[{"href":"https:\/\/www.europesays.com\/fr\/wp-json\/wp\/v2\/types\/post"}],"author":[{"embeddable":true,"href":"https:\/\/www.europesays.com\/fr\/wp-json\/wp\/v2\/users\/2"}],"replies":[{"embeddable":true,"href":"https:\/\/www.europesays.com\/fr\/wp-json\/wp\/v2\/comments?post=615728"}],"version-history":[{"count":0,"href":"https:\/\/www.europesays.com\/fr\/wp-json\/wp\/v2\/posts\/615728\/revisions"}],"wp:featuredmedia":[{"embeddable":true,"href":"https:\/\/www.europesays.com\/fr\/wp-json\/wp\/v2\/media\/615729"}],"wp:attachment":[{"href":"https:\/\/www.europesays.com\/fr\/wp-json\/wp\/v2\/media?parent=615728"}],"wp:term":[{"taxonomy":"category","embeddable":true,"href":"https:\/\/www.europesays.com\/fr\/wp-json\/wp\/v2\/categories?post=615728"},{"taxonomy":"post_tag","embeddable":true,"href":"https:\/\/www.europesays.com\/fr\/wp-json\/wp\/v2\/tags?post=615728"}],"curies":[{"name":"wp","href":"https:\/\/api.w.org\/{rel}","templated":true}]}}