{"id":615732,"date":"2025-12-22T11:52:23","date_gmt":"2025-12-22T11:52:23","guid":{"rendered":"https:\/\/www.europesays.com\/fr\/615732\/"},"modified":"2025-12-22T11:52:23","modified_gmt":"2025-12-22T11:52:23","slug":"hockey-sur-glace-coupe-de-france-demi-finales-grenoble-ira-a-caen-et-chamonix-a-rouen","status":"publish","type":"post","link":"https:\/\/www.europesays.com\/fr\/615732\/","title":{"rendered":"Hockey sur glace &#8211; Coupe de France. Demi-finales\u00a0: Grenoble ira \u00e0 Caen et Chamonix \u00e0 Rouen"},"content":{"rendered":"<p>Deux clubs alpins, Grenoble et Chamonix, sont encore en lice pour les demi-finales de la Coupe de France dont le tirage au sort a \u00e9t\u00e9 effectu\u00e9 ce lundi \u00e0 12h30.<\/p>\n<p>Chamonix se d\u00e9placera \u00e0 Rouen, pour une demi-finale entre deux \u00e9quipes de Ligue Magnus, et Grenoble, Ligue Magnus \u00e9galement, ira sur la glace de Caen, une formation de Division 1.<\/p>\n<p>  Les demi-finales les 6 ou 7\u00a0janvier<\/p>\n<p>Aux tours pr\u00e9c\u00e9dents, Grenoble avait \u00e9cart\u00e9 Epinal (3-0) et Bordeaux (5-1), alors que Chamonix s\u2019\u00e9tait d\u00e9fait de Gap (4-3) et <a href=\"https:\/\/www.ledauphine.com\/sport\/2025\/12\/17\/ca-passe-de-justesse-pour-chamonix\" target=\"_blank\" rel=\"nofollow noopener\">Marseille<\/a> (6-4).<\/p>\n<p>Les demi-finales se joueront les 6 et 7\u00a0janvier avant la finale programm\u00e9e le dimanche 1er\u00a0f\u00e9vrier \u00e0 15h \u00e0 l\u2019Accor Arena. Angers, le tenant du titre, a \u00e9t\u00e9 \u00e9limin\u00e9 par Rouen, actuel leader du championnat, en quart de finale (1-0).<\/p>\n<p>Ce contenu est bloqu\u00e9 car vous n&rsquo;avez pas accept\u00e9 les cookies et autres traceurs.<\/p>\n<p>En cliquant sur \u00ab J\u2019accepte \u00bb, les cookies et autres traceurs seront d\u00e9pos\u00e9s et vous pourrez visualiser les contenus  (<a href=\"\" class=\"consentModule_policy\" target=\"_blank\" title=\"Consulter la politique de protection des donn\u00e9es du fournisseur\">plus d&rsquo;informations<\/a>).<\/p>\n<p>En cliquant sur \u00ab J\u2019accepte tous les cookies \u00bb, vous autorisez des d\u00e9p\u00f4ts de cookies et autres traceurs pour le stockage de vos donn\u00e9es sur nos sites et applications \u00e0 des fins de personnalisation et de ciblage publicitaire.<\/p>\n<p class=\"consentModule_secondaryText\">Vous gardez la possibilit\u00e9 de retirer votre consentement \u00e0 tout moment en consultant notre <a href=\"https:\/\/www.ledauphine.com\/protection-des-donnees\" target=\"_blank\" title=\"Consulter notre politique de protection des donn\u00e9es\" rel=\"nofollow noopener\">politique de protection des donn\u00e9es<\/a>. <br \/>&#13;<br \/>\n            <a href=\"https:\/\/www.ledauphine.com\/sport\/2025\/12\/22\/javascript:Didomi.notice.show()\" class=\"consentModule_cmp\" rel=\"nofollow noopener\" target=\"_blank\">G\u00e9rer mes choix<\/a>&#13;\n        <\/p>\n<p>&#13;<br \/>\n                        J&rsquo;accepte&#13;<br \/>\n            J&rsquo;accepte tous les cookies&#13;\n        <\/p>\n","protected":false},"excerpt":{"rendered":"Deux clubs alpins, Grenoble et Chamonix, sont encore en lice pour les demi-finales de la Coupe de France&hellip;\n","protected":false},"author":2,"featured_media":615733,"comment_status":"","ping_status":"","sticky":false,"template":"","format":"standard","meta":{"footnotes":""},"categories":[9566],"tags":[1111,11,2430,22849,112,9543,1777,674,1701,1011,27,2731,2732,4133,22848,10145,108,12,25,517],"class_list":{"0":"post-615732","1":"post","2":"type-post","3":"status-publish","4":"format-standard","5":"has-post-thumbnail","7":"category-grenoble","8":"tag-actu","9":"tag-actualites","10":"tag-auvergne-rhone-alpes","11":"tag-chamonix-mont-blanc","12":"tag-edition-grenoble-agglomeration","13":"tag-edition-mont-blanc-arve","14":"tag-eu","15":"tag-europe","16":"tag-fil-info-sport","17":"tag-fr","18":"tag-france","19":"tag-grenoble","20":"tag-grenoble-bassin","21":"tag-hockey-sur-glace","22":"tag-hockey-sur-glace-chamonix","23":"tag-hockey-sur-glace-grenoble","24":"tag-isere","25":"tag-news","26":"tag-republique-francaise","27":"tag-sport"},"share_on_mastodon":{"url":"https:\/\/pubeurope.com\/@fr\/115763081627871215","error":""},"_links":{"self":[{"href":"https:\/\/www.europesays.com\/fr\/wp-json\/wp\/v2\/posts\/615732","targetHints":{"allow":["GET"]}}],"collection":[{"href":"https:\/\/www.europesays.com\/fr\/wp-json\/wp\/v2\/posts"}],"about":[{"href":"https:\/\/www.europesays.com\/fr\/wp-json\/wp\/v2\/types\/post"}],"author":[{"embeddable":true,"href":"https:\/\/www.europesays.com\/fr\/wp-json\/wp\/v2\/users\/2"}],"replies":[{"embeddable":true,"href":"https:\/\/www.europesays.com\/fr\/wp-json\/wp\/v2\/comments?post=615732"}],"version-history":[{"count":0,"href":"https:\/\/www.europesays.com\/fr\/wp-json\/wp\/v2\/posts\/615732\/revisions"}],"wp:featuredmedia":[{"embeddable":true,"href":"https:\/\/www.europesays.com\/fr\/wp-json\/wp\/v2\/media\/615733"}],"wp:attachment":[{"href":"https:\/\/www.europesays.com\/fr\/wp-json\/wp\/v2\/media?parent=615732"}],"wp:term":[{"taxonomy":"category","embeddable":true,"href":"https:\/\/www.europesays.com\/fr\/wp-json\/wp\/v2\/categories?post=615732"},{"taxonomy":"post_tag","embeddable":true,"href":"https:\/\/www.europesays.com\/fr\/wp-json\/wp\/v2\/tags?post=615732"}],"curies":[{"name":"wp","href":"https:\/\/api.w.org\/{rel}","templated":true}]}}