{"id":615743,"date":"2025-12-22T12:02:12","date_gmt":"2025-12-22T12:02:12","guid":{"rendered":"https:\/\/www.europesays.com\/fr\/615743\/"},"modified":"2025-12-22T12:02:12","modified_gmt":"2025-12-22T12:02:12","slug":"morgan-sanson-a-trouve-bizarre-de-retrouver-la-victoire","status":"publish","type":"post","link":"https:\/\/www.europesays.com\/fr\/615743\/","title":{"rendered":"Morgan Sanson a trouv\u00e9 \u00ab\u00a0bizarre\u00a0\u00bb de retrouver la victoire"},"content":{"rendered":"<p>Sensation hier en <a href=\"https:\/\/www.footmercato.net\/france\/coupe-de-france\/\" target=\"_blank\" rel=\"noopener\">Coupe de France<\/a>. L\u2019OGC Nice a gagn\u00e9 son match, face \u00e0 l\u2019AS Saint-Etienne (2-1), et s\u2019est qualifi\u00e9 pour le tour suivant. Le tout apr\u00e8s 9 d\u00e9faites cons\u00e9cutives, toutes comp\u00e9titions confondues. Soit une \u00e9ternit\u00e9, pour les supporters comme pour les joueurs. D\u2019ailleurs, <a href=\"https:\/\/www.footmercato.net\/joueur\/morgan-sanson\/\" target=\"_blank\" rel=\"noopener\">Morgan Sanson<\/a> a lui-m\u00eame avou\u00e9 que la sensation \u00e9tait bizarre ! <\/p>\n<p>            La suite apr\u00e8s cette publicit\u00e9<\/p>\n<p>\u00ab Ca fait du bien et m\u00eame un peu bizarre \u00bb, a-t-il ainsi r\u00e9agi apr\u00e8s la rencontre, relay\u00e9 par <a href=\"https:\/\/www.lequipe.fr\/Football\/Article\/Apres-neuf-defaites-d-affilee-les-nicois-retrouvent-le-gout-de-la-victoire-en-battant-saint-etienne-en-coupe-de-france-ca-fait-du-bien-et-meme-un-peu-bizarre\/1628717\" target=\"_blank\" rel=\"noopener\">L\u2019Equipe<\/a>. \u00ab Pouvoir c\u00e9l\u00e9brer dans le vestiaire, \u00e7a me manquait. C\u2019\u00e9tait le premier match de 2026, moi c\u2019est comme \u00e7a que je l\u2019ai v\u00e9cu. C\u2019\u00e9tait le match d\u2019un nouveau d\u00e9part\u00bb, a-t-il assur\u00e9. Sanson a offert la victoire \u00e0 son \u00e9quipe gr\u00e2ce \u00e0 son but en deuxi\u00e8me p\u00e9riode. <\/p>\n<p>\n    Pub. le 22\/12\/2025 12:57<br \/>\n            &#8211; MAJ le 22\/12\/2025 13:00\n    <\/p>\n","protected":false},"excerpt":{"rendered":"Sensation hier en Coupe de France. L\u2019OGC Nice a gagn\u00e9 son match, face \u00e0 l\u2019AS Saint-Etienne (2-1), et&hellip;\n","protected":false},"author":2,"featured_media":615744,"comment_status":"","ping_status":"","sticky":false,"template":"","format":"standard","meta":{"footnotes":""},"categories":[2819],"tags":[1111,11,1777,674,1011,27,12,2401,882,25],"class_list":{"0":"post-615743","1":"post","2":"type-post","3":"status-publish","4":"format-standard","5":"has-post-thumbnail","7":"category-nice","8":"tag-actu","9":"tag-actualites","10":"tag-eu","11":"tag-europe","12":"tag-fr","13":"tag-france","14":"tag-news","15":"tag-nice","16":"tag-provence-alpes-cote-dazur","17":"tag-republique-francaise"},"share_on_mastodon":{"url":"https:\/\/pubeurope.com\/@fr\/115763120910658398","error":""},"_links":{"self":[{"href":"https:\/\/www.europesays.com\/fr\/wp-json\/wp\/v2\/posts\/615743","targetHints":{"allow":["GET"]}}],"collection":[{"href":"https:\/\/www.europesays.com\/fr\/wp-json\/wp\/v2\/posts"}],"about":[{"href":"https:\/\/www.europesays.com\/fr\/wp-json\/wp\/v2\/types\/post"}],"author":[{"embeddable":true,"href":"https:\/\/www.europesays.com\/fr\/wp-json\/wp\/v2\/users\/2"}],"replies":[{"embeddable":true,"href":"https:\/\/www.europesays.com\/fr\/wp-json\/wp\/v2\/comments?post=615743"}],"version-history":[{"count":0,"href":"https:\/\/www.europesays.com\/fr\/wp-json\/wp\/v2\/posts\/615743\/revisions"}],"wp:featuredmedia":[{"embeddable":true,"href":"https:\/\/www.europesays.com\/fr\/wp-json\/wp\/v2\/media\/615744"}],"wp:attachment":[{"href":"https:\/\/www.europesays.com\/fr\/wp-json\/wp\/v2\/media?parent=615743"}],"wp:term":[{"taxonomy":"category","embeddable":true,"href":"https:\/\/www.europesays.com\/fr\/wp-json\/wp\/v2\/categories?post=615743"},{"taxonomy":"post_tag","embeddable":true,"href":"https:\/\/www.europesays.com\/fr\/wp-json\/wp\/v2\/tags?post=615743"}],"curies":[{"name":"wp","href":"https:\/\/api.w.org\/{rel}","templated":true}]}}