{"id":615745,"date":"2025-12-22T12:04:19","date_gmt":"2025-12-22T12:04:19","guid":{"rendered":"https:\/\/www.europesays.com\/fr\/615745\/"},"modified":"2025-12-22T12:04:19","modified_gmt":"2025-12-22T12:04:19","slug":"un-jeune-homme-interpelle-apres-avoir-menace-sur-tiktok-de-sen-prendre-a-des-marches-de-noel","status":"publish","type":"post","link":"https:\/\/www.europesays.com\/fr\/615745\/","title":{"rendered":"un jeune homme interpell\u00e9 apr\u00e8s avoir menac\u00e9 sur TikTok de s\u2019en prendre \u00e0 des march\u00e9s de No\u00ebl"},"content":{"rendered":"<p>\n    Les revendications du jeune homme semblaient assez contradictoires. Plus d\u2019un kilo de cannabis a \u00e9t\u00e9 retrouv\u00e9 \u00e0 son domicile lors de son interpellation.<\/p>\n<p class=\"fig-paragraph\">La\u00a0<a href=\"http:\/\/www.lefigaro.fr\/actualite-france\/la-plateforme-de-signalement-pharos-va-etre-utilisee-dans-la-lutte-contre-le-trafic-de-stupefiants-20251203\" target=\"_blank\" data-fig-type=\"NewsFlash\" rel=\"noopener\" data-gtm-custom-categorie=\"navigation\" data-gtm-custom-action=\"crossclick\" data-gtm-custom-label=\"Contextuel\" data-gtm-event=\"customEventSPE\" data-fig-domain=\"LEFIGARO\">plateforme nationale Pharos<\/a>, qui permet aux citoyens de signaler des contenus illicites sur internet, a r\u00e9cemment permis l\u2019interpellation d\u2019un jeune homme de 20 ans. La semaine derni\u00e8re, une vid\u00e9o dans laquelle un individu mena\u00e7ait de s\u2019en prendre \u00e0 des\u00a0<a href=\"http:\/\/www.lefigaro.fr\/voyages\/dossier\/marches-de-noel\" target=\"_blank\" data-fig-type=\"Topic\" rel=\"noopener\" data-gtm-custom-categorie=\"navigation\" data-gtm-custom-action=\"crossclick\" data-gtm-custom-label=\"Contextuel\" data-gtm-event=\"customEventSPE\" data-fig-domain=\"LEFIGARO\">march\u00e9s de No\u00ebl<\/a>\u00a0a \u00e9t\u00e9 signal\u00e9e, conduisant vendredi \u00e0 son arrestation\u00a0<a href=\"http:\/\/www.lefigaro.fr\/nantes\/il-y-a-40-ans-une-prise-d-otages-rocambolesque-au-palais-de-justice-de-nantes-20251219\" target=\"_blank\" data-fig-type=\"Article\" rel=\"noopener\" data-gtm-custom-categorie=\"navigation\" data-gtm-custom-action=\"crossclick\" data-gtm-custom-label=\"Contextuel\" data-gtm-event=\"customEventSPE\" data-fig-domain=\"LEFIGARO\">Nantes.<\/a>\u00a0Au terme de sa garde \u00e0 vue, il a \u00e9t\u00e9 pr\u00e9sent\u00e9 dimanche au parquet et devrait \u00eatre jug\u00e9 ce lundi, en comparution imm\u00e9diate, devant le tribunal de Nantes, selon\u00a0<a href=\"https:\/\/www.ouest-france.fr\/societe\/drogue\/il-aurait-profere-des-menaces-sur-tiktok-plus-d1-kg-de-cannabis-trouve-chez-lui-lors-de-son-interpellation-a-nantes-ea5c7cbe-de7f-11f0-84e2-922db77b2982\" target=\"_blank\" rel=\"noopener\" data-gtm-custom-categorie=\"navigation\" data-gtm-custom-action=\"crossclick\" data-gtm-custom-label=\"Contextuel\" data-gtm-event=\"customEventSPE\">Ouest France<\/a> .<\/p>\n<p class=\"fig-paragraph\">\u00abIl a \u00e9t\u00e9 vu s\u2019entra\u00eenant avec un couteau, un opinel bien aiguis\u00e9. Il disait qu\u2019il h\u00e9sitait entre le march\u00e9 de no\u00ebl de Mulhouse ou de\u00a0<a href=\"https:\/\/www.google.com\/search?q=strasbourg+march%C3%A9h+noel+lfiggaroo.fr&amp;rlz=1C1GCEA_enFR1001FR1006&amp;oq=strasbourg+march%C3%A9h++noel+lfiggaroo.fr&amp;gs_lcrp=EgZjaHJvbWUyBggAEEUYOTIJCAEQIRgKGKABMgkIAhAhGAoYoAEyCQgDECEYChigAdIBCDMzNThqMGo3qAIAsAIA&amp;sourceid=chrome&amp;ie=UTF-8\" target=\"_blank\" rel=\"noopener\" data-gtm-custom-categorie=\"navigation\" data-gtm-custom-action=\"crossclick\" data-gtm-custom-label=\"Contextuel\" data-gtm-event=\"customEventSPE\">Strasbourg<\/a> \u00bb, confie une source polici\u00e8re \u00e0 propos de la s\u00e9quence film\u00e9e diffus\u00e9e sur\u00a0<a href=\"http:\/\/www.lefigaro.fr\/secteur\/high-tech\/ce-n-est-pas-une-veritable-cession-la-vente-de-tiktok-aux-etats-unis-se-precise-mais-des-zones-d-ombre-demeurent-20251219\" target=\"_blank\" data-fig-type=\"Article\" rel=\"noopener\" data-gtm-custom-categorie=\"navigation\" data-gtm-custom-action=\"crossclick\" data-gtm-custom-label=\"Contextuel\" data-gtm-event=\"customEventSPE\" data-fig-domain=\"LEFIGARO\">TikTok<\/a>. Si les \u00abmenaces terroristes\u00bb ont \u00e9t\u00e9 retenues, \u00ab\u00e7a n\u2019\u00e9tait pas hypercibl\u00e9. Les revendications allaient un coup dans un sens, un coup dans l\u2019autre\u00bb, pr\u00e9cise cette m\u00eame source.<\/p>\n<p>                                            <a class=\"fig-a11y-skip\" href=\"#fig-a11y-skip-main-inarticle\" data-module=\"a11y-skip\" data-context=\"was @visible\"><br \/>\n    Passer la publicit\u00e9<br \/>\n<\/a>            <\/p>\n<p class=\"fig-paragraph\">Le mis en cause \u00e9tait d\u00e9j\u00e0 connu par la police pour des d\u00e9lits d\u2019un autre style. Lors des perquisitions effectu\u00e9es chez lui, les policiers ont retrouv\u00e9 1,2 kg de r\u00e9sine de cannabis. L\u2019interpell\u00e9 a reconnu la d\u00e9tention de stup\u00e9fiants, mais ni\u00e9 l\u2019offre et la cession.<\/p>\n<p>                                            Une autre vid\u00e9o mena\u00e7ante signal\u00e9e sur Pharos<\/p>\n<p class=\"fig-paragraph\">Vendredi, un autre adolescent, \u00e2g\u00e9 cette fois de 15 ans, a lui aussi \u00e9t\u00e9 interpell\u00e9 pour une vid\u00e9o signal\u00e9e sur Pharos. Il affirmait lors d\u2019un \u00ablive\u00bb sur TikTok qu\u2019il allait se faire exploser dans un supermarch\u00e9 du d\u00e9partement, et ses propos avaient alert\u00e9 un participant. Finalement, ces paroles n\u2019\u00e9taient pas r\u00e9ellement motiv\u00e9es, comme l\u2019enqu\u00eate l\u2019a montr\u00e9. Il a \u00e9cop\u00e9 d\u2019une mesure de r\u00e9paration p\u00e9nale.<\/p>\n","protected":false},"excerpt":{"rendered":"Les revendications du jeune homme semblaient assez contradictoires. Plus d\u2019un kilo de cannabis a \u00e9t\u00e9 retrouv\u00e9 \u00e0 son&hellip;\n","protected":false},"author":2,"featured_media":615746,"comment_status":"","ping_status":"","sticky":false,"template":"","format":"standard","meta":{"footnotes":""},"categories":[2818],"tags":[1111,11,1777,674,1011,27,36053,766,12,2636,25],"class_list":{"0":"post-615745","1":"post","2":"type-post","3":"status-publish","4":"format-standard","5":"has-post-thumbnail","7":"category-nantes","8":"tag-actu","9":"tag-actualites","10":"tag-eu","11":"tag-europe","12":"tag-fr","13":"tag-france","14":"tag-marche-de-noel","15":"tag-nantes","16":"tag-news","17":"tag-pays-de-la-loire","18":"tag-republique-francaise"},"share_on_mastodon":{"url":"https:\/\/pubeurope.com\/@fr\/115763128804586695","error":""},"_links":{"self":[{"href":"https:\/\/www.europesays.com\/fr\/wp-json\/wp\/v2\/posts\/615745","targetHints":{"allow":["GET"]}}],"collection":[{"href":"https:\/\/www.europesays.com\/fr\/wp-json\/wp\/v2\/posts"}],"about":[{"href":"https:\/\/www.europesays.com\/fr\/wp-json\/wp\/v2\/types\/post"}],"author":[{"embeddable":true,"href":"https:\/\/www.europesays.com\/fr\/wp-json\/wp\/v2\/users\/2"}],"replies":[{"embeddable":true,"href":"https:\/\/www.europesays.com\/fr\/wp-json\/wp\/v2\/comments?post=615745"}],"version-history":[{"count":0,"href":"https:\/\/www.europesays.com\/fr\/wp-json\/wp\/v2\/posts\/615745\/revisions"}],"wp:featuredmedia":[{"embeddable":true,"href":"https:\/\/www.europesays.com\/fr\/wp-json\/wp\/v2\/media\/615746"}],"wp:attachment":[{"href":"https:\/\/www.europesays.com\/fr\/wp-json\/wp\/v2\/media?parent=615745"}],"wp:term":[{"taxonomy":"category","embeddable":true,"href":"https:\/\/www.europesays.com\/fr\/wp-json\/wp\/v2\/categories?post=615745"},{"taxonomy":"post_tag","embeddable":true,"href":"https:\/\/www.europesays.com\/fr\/wp-json\/wp\/v2\/tags?post=615745"}],"curies":[{"name":"wp","href":"https:\/\/api.w.org\/{rel}","templated":true}]}}