{"id":615753,"date":"2025-12-22T12:09:13","date_gmt":"2025-12-22T12:09:13","guid":{"rendered":"https:\/\/www.europesays.com\/fr\/615753\/"},"modified":"2025-12-22T12:09:13","modified_gmt":"2025-12-22T12:09:13","slug":"sante-cet-hopital-du-centre-de-toulouse-ferme-desormais-ses-urgences-la-nuit","status":"publish","type":"post","link":"https:\/\/www.europesays.com\/fr\/615753\/","title":{"rendered":"Sant\u00e9. Cet h\u00f4pital du centre de Toulouse ferme d\u00e9sormais ses urgences la nuit"},"content":{"rendered":"<p>                    Par<br \/>\n        <strong><br \/>\n            <a href=\"https:\/\/actu.fr\/auteur\/lucie-2\" title=\"Consulter tous les articles de Lucie Fraisse\" target=\"_blank\" rel=\"noopener\">Lucie Fraisse<\/a><br \/>\n                    <\/strong><\/p>\n<p>        Publi\u00e9 le<\/p>\n<p>            22 d\u00e9c. 2025 \u00e0 12h46        <\/p>\n<p>Les urgences nocturne<a href=\"https:\/\/actu.fr\/occitanie\/toulouse_31555\/cree-par-des-republicains-espagnols-refugies-a-toulouse-l-hopital-ducuing-fete-ses-80-ans_62013412.html\" target=\"_blank\" rel=\"noopener\">s \u00e0 l\u2019h\u00f4pital Joseph Ducuing<\/a>, en centre-ville de<strong> Toulouse<\/strong>, c\u2019est termin\u00e9. \u00c0 partir de ce lundi 22\u00a0d\u00e9cembre, le service ne sera ouvert que de 8\u00a0heures \u00e0 21\u00a0heures, sept jours sur sept. De nouveaux horaires qui seront d\u00e9sormais valables toute l\u2019ann\u00e9e.<\/p>\n<p>Changement de statut<\/p>\n<p class=\" wall-content\">Cette fermeture nocturne est li\u00e9e au changement de statut des urgences de l\u2019h\u00f4pital Joseph-Ducuing, qui passe de service d\u2019accueil des urgences \u00e0 <strong>antenne de m\u00e9decine d\u2019urgence<\/strong>. Une nouvelle organisation pens\u00e9e en lien <a href=\"https:\/\/actu.fr\/tag\/chu-de-toulouse\" target=\"_blank\" rel=\"noopener\">avec le CHU\u00a0de Toulouse<\/a>.<\/p>\n<p class=\" wall-content\">\u00ab\u2009Cette organisation s\u2019inscrit dans la continuit\u00e9 d\u2019un partenariat d\u00e9j\u00e0 op\u00e9rationnel entre les deux \u00e9tablissements toulousains et vise \u00e0 renforcer <strong>la lisibilit\u00e9 de l\u2019offre de soins d\u2019urgence<\/strong> sur le territoire, la continuit\u00e9 et la s\u00e9curit\u00e9 des soins et des prises en charge des patients et la coordination des \u00e9quipes\u2009\u00bb, expliquent les \u00e9quipes de cet h\u00f4pital bas\u00e9 dans le quartier Saint-Cyprien, dans un communiqu\u00e9.<\/p>\n<p>Y compris les jours f\u00e9ri\u00e9s<\/p>\n<p class=\" wall-content\">L\u2019accueil aux urgences de l\u2019h\u00f4pital Ducuing sera donc assur\u00e9 <strong>tous les jours de 8 \u00e0 21 heures<\/strong>, y compris, les samedis, dimanches et jours f\u00e9ri\u00e9s. En dehors de ces horaires d\u2019ouverture, les patients sont invit\u00e9s \u00e0 <strong>composer le 15<\/strong> afin de b\u00e9n\u00e9ficier d\u2019une orientation adapt\u00e9e.<\/p>\n<p>Vid\u00e9os : en ce moment sur Actu<br \/>\n    <a href=\"https:\/\/www.google.com\/maps\/embed?pb=!1m18!1m12!1m3!1d2889.480826527993!2d1.4271272746604138!3d43.59652925609664!2m3!1f0!2f0!3f0!3m2!1i1024!2i768!4f13.1!3m3!1m2!1s0x12aebb7161105d2b%3A0x6e75f1ba0ca7787a!2sH%C3%B4pital%20Joseph%20Ducuing!5e0!3m2!1sfr!2sfr!4v1766399634048!5m2!1sfr!2sfr\" title=\"Ouvrie le lien\" target=\"_blank\" rel=\"noopener\">Cliquez ici pour visualiser le contenu<\/a><\/p>\n<p>Infos pratiques\u2009:<br \/>H\u00f4pital Joseph Ducuing, 15, rue de Varsovie.<\/p>\n<p class=\" wall-content\">Personnalisez votre actualit\u00e9 en ajoutant vos villes et m\u00e9dias en favori avec <a href=\"https:\/\/moncompte.actu.fr\" title=\"D\u00e9couvez Mon Actu\" rel=\"nofollow noopener\" data-trk=\"{&quot;cta&quot;:{&quot;action&quot;:&quot;https:\\\/\\\/moncompte.actu.fr&quot;,&quot;category&quot;:&quot;mon compte&quot;,&quot;from&quot;:&quot;article footer&quot;,&quot;name&quot;:&quot;Mon actu&quot;,&quot;type&quot;:&quot;cta&quot;}}\" target=\"_blank\">Mon Actu<\/a>.<\/p>\n","protected":false},"excerpt":{"rendered":"Par Lucie Fraisse Publi\u00e9 le 22 d\u00e9c. 2025 \u00e0 12h46 Les urgences nocturnes \u00e0 l\u2019h\u00f4pital Joseph Ducuing, en&hellip;\n","protected":false},"author":2,"featured_media":615754,"comment_status":"","ping_status":"","sticky":false,"template":"","format":"standard","meta":{"footnotes":""},"categories":[2816],"tags":[1111,11,2630,1777,674,1011,27,12,2680,25,71,104,2312],"class_list":{"0":"post-615753","1":"post","2":"type-post","3":"status-publish","4":"format-standard","5":"has-post-thumbnail","7":"category-toulouse","8":"tag-actu","9":"tag-actualites","10":"tag-chu-de-toulouse","11":"tag-eu","12":"tag-europe","13":"tag-fr","14":"tag-france","15":"tag-news","16":"tag-occitanie","17":"tag-republique-francaise","18":"tag-sante","19":"tag-societe","20":"tag-toulouse"},"share_on_mastodon":{"url":"https:\/\/pubeurope.com\/@fr\/115763148583146399","error":""},"_links":{"self":[{"href":"https:\/\/www.europesays.com\/fr\/wp-json\/wp\/v2\/posts\/615753","targetHints":{"allow":["GET"]}}],"collection":[{"href":"https:\/\/www.europesays.com\/fr\/wp-json\/wp\/v2\/posts"}],"about":[{"href":"https:\/\/www.europesays.com\/fr\/wp-json\/wp\/v2\/types\/post"}],"author":[{"embeddable":true,"href":"https:\/\/www.europesays.com\/fr\/wp-json\/wp\/v2\/users\/2"}],"replies":[{"embeddable":true,"href":"https:\/\/www.europesays.com\/fr\/wp-json\/wp\/v2\/comments?post=615753"}],"version-history":[{"count":0,"href":"https:\/\/www.europesays.com\/fr\/wp-json\/wp\/v2\/posts\/615753\/revisions"}],"wp:featuredmedia":[{"embeddable":true,"href":"https:\/\/www.europesays.com\/fr\/wp-json\/wp\/v2\/media\/615754"}],"wp:attachment":[{"href":"https:\/\/www.europesays.com\/fr\/wp-json\/wp\/v2\/media?parent=615753"}],"wp:term":[{"taxonomy":"category","embeddable":true,"href":"https:\/\/www.europesays.com\/fr\/wp-json\/wp\/v2\/categories?post=615753"},{"taxonomy":"post_tag","embeddable":true,"href":"https:\/\/www.europesays.com\/fr\/wp-json\/wp\/v2\/tags?post=615753"}],"curies":[{"name":"wp","href":"https:\/\/api.w.org\/{rel}","templated":true}]}}