{"id":615755,"date":"2025-12-22T12:10:13","date_gmt":"2025-12-22T12:10:13","guid":{"rendered":"https:\/\/www.europesays.com\/fr\/615755\/"},"modified":"2025-12-22T12:10:13","modified_gmt":"2025-12-22T12:10:13","slug":"gare-lille-flandres-un-homme-arrete-apres-le-vol-de-bagages-dans-le-train","status":"publish","type":"post","link":"https:\/\/www.europesays.com\/fr\/615755\/","title":{"rendered":"Gare Lille &#8211; Flandres : un homme arr\u00eat\u00e9 apr\u00e8s le vol de bagages dans le train"},"content":{"rendered":"<p>                    Par<br \/>\n        <strong><br \/>\n            <a href=\"https:\/\/actu.fr\/auteur\/nicolas-demollien\" title=\"Consulter tous les articles de Nicolas Demollien\" target=\"_blank\" rel=\"noopener\">Nicolas Demollien<\/a><br \/>\n                    <\/strong><\/p>\n<p>        Publi\u00e9 le<\/p>\n<p>            22 d\u00e9c. 2025 \u00e0 12h42        <\/p>\n<p>Il a \u00e9t\u00e9 pris la main dans le sac ! Vendredi 19 d\u00e9cembre 2025, un<b> homme de 23 ans<\/b> a \u00e9t\u00e9 interpell\u00e9 dans un <b>train<\/b> en <a href=\"https:\/\/actu.fr\/tag\/gare-lille-flandres\" target=\"_blank\" rel=\"noopener\">gare Lille-Flandres<\/a>. Il se trouvait alors en possession d\u2019un <b>bagage d\u00e9rob\u00e9<\/b> quelques instants plus t\u00f4t.<\/p>\n<p>Vol de bagage en gare Lille-Flandres : un homme interpell\u00e9<\/p>\n<p class=\" wall-content\">Les <a href=\"https:\/\/actu.fr\/tag\/police\" target=\"_blank\" rel=\"noopener\">policiers<\/a> ne sont pas arriv\u00e9s sur place par hasard : ils avaient \u00e9t\u00e9 <b>pr\u00e9venus par un t\u00e9moin du m\u00e9fait<\/b>. Il est alors aux alentours de 19h30 quand les forces de l\u2019ordre montent \u00e0 bord du train pour confronter l\u2019homme en possession du sac \u00e0 dos.<\/p>\n<p class=\" wall-content\">Il nie les faits mais est <b>incapable de d\u00e9crire aux policiers le contenu du bagage<\/b>. Suffisant pour permettre aux policiers son interpellation et son <b>placement en garde \u00e0 vue<\/b> pour recel de vol.<\/p>\n<p class=\" wall-content\">Personnalisez votre actualit\u00e9 en ajoutant vos villes et m\u00e9dias en favori avec <a href=\"https:\/\/moncompte.actu.fr\" title=\"D\u00e9couvez Mon Actu\" rel=\"nofollow noopener\" data-trk=\"{&quot;cta&quot;:{&quot;action&quot;:&quot;https:\\\/\\\/moncompte.actu.fr&quot;,&quot;category&quot;:&quot;mon compte&quot;,&quot;from&quot;:&quot;article footer&quot;,&quot;name&quot;:&quot;Mon actu&quot;,&quot;type&quot;:&quot;cta&quot;}}\" target=\"_blank\">Mon Actu<\/a>.<\/p>\n","protected":false},"excerpt":{"rendered":"Par Nicolas Demollien Publi\u00e9 le 22 d\u00e9c. 2025 \u00e0 12h42 Il a \u00e9t\u00e9 pris la main dans le&hellip;\n","protected":false},"author":2,"featured_media":615756,"comment_status":"","ping_status":"","sticky":false,"template":"","format":"standard","meta":{"footnotes":""},"categories":[2815],"tags":[1111,11,1777,674,118,1011,27,4841,811,1307,12,25],"class_list":{"0":"post-615755","1":"post","2":"type-post","3":"status-publish","4":"format-standard","5":"has-post-thumbnail","7":"category-lille","8":"tag-actu","9":"tag-actualites","10":"tag-eu","11":"tag-europe","12":"tag-faits-divers","13":"tag-fr","14":"tag-france","15":"tag-gare-lille-flandres","16":"tag-hauts-de-france","17":"tag-lille","18":"tag-news","19":"tag-republique-francaise"},"share_on_mastodon":{"url":"https:\/\/pubeurope.com\/@fr\/115763152605737223","error":""},"_links":{"self":[{"href":"https:\/\/www.europesays.com\/fr\/wp-json\/wp\/v2\/posts\/615755","targetHints":{"allow":["GET"]}}],"collection":[{"href":"https:\/\/www.europesays.com\/fr\/wp-json\/wp\/v2\/posts"}],"about":[{"href":"https:\/\/www.europesays.com\/fr\/wp-json\/wp\/v2\/types\/post"}],"author":[{"embeddable":true,"href":"https:\/\/www.europesays.com\/fr\/wp-json\/wp\/v2\/users\/2"}],"replies":[{"embeddable":true,"href":"https:\/\/www.europesays.com\/fr\/wp-json\/wp\/v2\/comments?post=615755"}],"version-history":[{"count":0,"href":"https:\/\/www.europesays.com\/fr\/wp-json\/wp\/v2\/posts\/615755\/revisions"}],"wp:featuredmedia":[{"embeddable":true,"href":"https:\/\/www.europesays.com\/fr\/wp-json\/wp\/v2\/media\/615756"}],"wp:attachment":[{"href":"https:\/\/www.europesays.com\/fr\/wp-json\/wp\/v2\/media?parent=615755"}],"wp:term":[{"taxonomy":"category","embeddable":true,"href":"https:\/\/www.europesays.com\/fr\/wp-json\/wp\/v2\/categories?post=615755"},{"taxonomy":"post_tag","embeddable":true,"href":"https:\/\/www.europesays.com\/fr\/wp-json\/wp\/v2\/tags?post=615755"}],"curies":[{"name":"wp","href":"https:\/\/api.w.org\/{rel}","templated":true}]}}