{"id":615771,"date":"2025-12-22T12:19:19","date_gmt":"2025-12-22T12:19:19","guid":{"rendered":"https:\/\/www.europesays.com\/fr\/615771\/"},"modified":"2025-12-22T12:19:19","modified_gmt":"2025-12-22T12:19:19","slug":"jai-ete-tres-sollicitee-par-les-americains-avant-emily-in-paris-michele-laroque-a-failli-tourner-dans-une-serie-qui-dure-depuis-20-ans","status":"publish","type":"post","link":"https:\/\/www.europesays.com\/fr\/615771\/","title":{"rendered":"\u201cJ\u2019ai \u00e9t\u00e9 tr\u00e8s sollicit\u00e9e par les Am\u00e9ricains\u201d : avant Emily in Paris, Mich\u00e8le Laroque a failli tourner dans une s\u00e9rie qui dure depuis 20 ans"},"content":{"rendered":"<p>Si la vie sentimentale d\u2019Emily Cooper est de nouveau orageuse <a href=\"https:\/\/www.programme-tv.net\/news\/series-tv\/362079-emily-in-paris-saison-5-netflix-casting-intrigues-les-premieres-informations-sur-les-prochains-episodes-de-la-serie\/\" data-api-deeplink=\"teleloisirs:\/\/news\/362079\" target=\"_blank\" rel=\"noopener\">dans la 5e saison d\u2019Emily in Paris, <\/a>une tornade nomm\u00e9e Mich\u00e8le Laroque d\u00e9barque du c\u00f4t\u00e9 de Paris ! D\u00e9voil\u00e9e le 18 d\u00e9cembre 2025 sur Netflix, cette nouvelle salve d&rsquo;\u00e9pisodes voit Lily Collins <a href=\"https:\/\/www.programme-tv.net\/news\/people\/370402-lily-collins-emily-in-paris-a-accueilli-son-premier-enfant-le-prenom-et-les-conditions-particulieres-de-sa-naissance-devoiles\/\" data-api-deeplink=\"teleloisirs:\/\/news\/370402\" target=\"_blank\" rel=\"noopener\">&#8211; qui a accueilli son premier enfant cette ann\u00e9e -,<\/a> <a href=\"https:\/\/www.programme-tv.net\/biographie\/366026-park-ashley\/\" data-link-people=\"01bbd668-3990-4a84-97ff-43c52d809551\" target=\"_blank\" rel=\"noopener\">Ashley Park<\/a>, Philippine Leroy-Beaulieu ou encore <a href=\"https:\/\/www.programme-tv.net\/biographie\/1038074-laviscount-lucien\/\" data-link-people=\"394bfb1c-0956-4dab-bf8f-a5b826436f52\" target=\"_blank\" rel=\"noopener\">Lucien Laviscount<\/a> recevoir plusieurs invit\u00e9s de marque dans l\u2019univers intr\u00e9pide du luxe : <a href=\"https:\/\/www.programme-tv.net\/biographie\/45359-greenberg-bryan\/\" data-link-people=\"63c30183-f551-4acf-8bf2-54880868794c\" target=\"_blank\" rel=\"noopener\">Bryan Greenberg<\/a> (Les Fr\u00e8res Scott), Jonathan Cake (Desperate Housewives) et Mich\u00e8le Laroque. Une apparition remarqu\u00e9e pour la com\u00e9dienne de 65 ans <a href=\"https:\/\/www.programme-tv.net\/news\/series-tv\/384668-ils-lont-tout-de-suite-adoree-michele-laroque-a-impressionne-lequipe-demily-in-paris-sur-le-tournage-de-la-saison-5\/\" data-api-deeplink=\"teleloisirs:\/\/news\/384668\" target=\"_blank\" rel=\"noopener\">qui a impressionn\u00e9 l&rsquo;\u00e9quipe de tournage de la s\u00e9rie.<\/a> Mais, bien avant cela, l\u2019actrice aurait pu jouer dans une autre c\u00e9l\u00e8bre fiction outre-Atlantique. D\u00e9couvrez laquelle !<\/p>\n<p>Si Emily, fashionista inv\u00e9t\u00e9r\u00e9e, <a href=\"https:\/\/www.programme-tv.net\/news\/series-tv\/394365-emily-in-paris-saison-5-lescapade-romaine-fait-elle-du-bien-a-la-serie-on-a-vu-les-episodes-et\/\" data-api-deeplink=\"teleloisirs:\/\/news\/394365\" target=\"_blank\" rel=\"noopener\">tente de s\u2019imposer dans la Botte en cette cinqui\u00e8me saison<\/a> qui se d\u00e9roule en partie en Italie, c&rsquo;est une pointure de la com\u00e9die fran\u00e7aise que retrouve Philippine Leroy Beaulieu \u00e0 ses c\u00f4t\u00e9s \u00e0 Paris : Mich\u00e8le Laroque. Dans ces nouveaux \u00e9pisodes qui regorgent de rebondissements <a href=\"https:\/\/www.programme-tv.net\/news\/series-tv\/393772-emily-in-paris-saison-5-ashley-park-reagit-au-rapprochement-entre-mindy-et-alfie-lucien-laviscount\/\" data-api-deeplink=\"teleloisirs:\/\/news\/393772\" target=\"_blank\" rel=\"noopener\">&#8211; dont un rapprochement qui a \u00e9tonn\u00e9 plus d&rsquo;un fan &#8211; <\/a>l&rsquo;actrice incarne Yvette, une amie de longue date de Sylvie avec qui elle s&rsquo;\u00e9tait brouill\u00e9e des ann\u00e9es auparavant. Alors que Sylvie d\u00e9couvre les joies d&rsquo;Instagram, elle retrouve, au passage, celle avec qui elle faisait les quatre cents coups dans sa jeunesse. Et le duo n&rsquo;a pas pris une ride, comme l&rsquo;a confi\u00e9 Mich\u00e8le Laroque \u00e0 T\u00e9l\u00e9 7 Jours : \u00ab\u00a0Yvette est une femme qui, \u00e0 20 ans, aimait faire la f\u00eate. Elle partageait tout avec Sylvie (&#8230;) Quand elle la retrouve, tout va remonter : les souvenirs, la jeunesse, la l\u00e9g\u00e8ret\u00e9\u2026\u00a0\u00bb Et peut-\u00eatre m\u00eame les mauvaises habitudes de la patronne de l&rsquo;agence Grateau ! Si Mich\u00e8le Laroque part d\u00e9sormais \u00e0 la conqu\u00eate du monde avec Emily in Paris, la c\u00e9l\u00e8bre actrice fran\u00e7aise avait d\u00e9j\u00e0 eu une grande opportunit\u00e9 quelques ann\u00e9es auparavant\u2026<\/p>\n<p>            Mich\u00e8le Laroque \u00e9voque les coulisses des productions am\u00e9ricaines<\/p>\n<p>Bien avant Emily in Paris, Mich\u00e8le Laroque a, en effet, failli s&rsquo;inviter au Grey Sloan Memorial Hospital de Seattle dans Grey&rsquo;s Anatomy aux c\u00f4t\u00e9s d&rsquo;Ellen Pompeo, <a href=\"https:\/\/www.programme-tv.net\/biographie\/7353-dempsey-patrick\/\" data-link-people=\"e10f6f98-cd52-44f1-8fc5-4cf589927e66\" target=\"_blank\" rel=\"noopener\">Patrick Dempsey<\/a> ou encore <a href=\"https:\/\/www.programme-tv.net\/biographie\/20416-walsh-kate\/\" data-link-people=\"79ee8813-b7e0-4a83-9c0f-c7540f50eb64\" target=\"_blank\" rel=\"noopener\">Kate Walsh<\/a>, <a href=\"https:\/\/www.programme-tv.net\/news\/series-tv\/393542-grey-s-anatomy-une-actrice-historique-de-la-serie-va-faire-son-grand-retour-et-on-a-deja-hate\/\" data-api-deeplink=\"teleloisirs:\/\/news\/393542\" target=\"_blank\" rel=\"noopener\">qui va faire son grand retour dans la s\u00e9rie<\/a> : \u00ab\u00a0Quand le film Ma vie en rose a re\u00e7u le Golden Globe du meilleur film \u00e9tranger (en 1997, ndlr), j&rsquo;ai \u00e9t\u00e9 tr\u00e8s sollicit\u00e9e par les Am\u00e9ricains\u00a0\u00bb raconte-t-elle. \u00ab\u00a0J&rsquo;avais une manageuse, l\u00e0-bas, tr\u00e8s amie avec Betsy Beers, la productrice de Grey&rsquo;s Anatomy. Betsy adorait Ma vie en rose. On \u00e9tait tr\u00e8s proches. Un jour, je lui ai dit que je voulais jouer dans la s\u00e9rie.\u00a0\u00bb<\/p>\n<p>Mais le r\u00eave am\u00e9ricain a tourn\u00e9 court pour Mich\u00e8le Laroque, qui a d\u00fb renoncer \u00e0 Grey&rsquo;s Anatomy : \u00ab\u00a0Le fonctionnement des productions am\u00e9ricaines est tr\u00e8s particulier : les guests sont souvent engag\u00e9s une semaine avant le tournage. \u00c0 ce moment l\u00e0, je ne vivais plus aux Etats-Unis donc ce n\u2019\u00e9tait pas possible. C\u2019est leur fa\u00e7on de travailler. Pour Emily in Paris, j\u2019ai aussi \u00e9t\u00e9 engag\u00e9e une semaine avant le premier jour de tournage.\u00a0\u00bb Et, cette fois, Mich\u00e8le Laroque n\u2019a pas laiss\u00e9 passer sa chance !<\/p>\n","protected":false},"excerpt":{"rendered":"Si la vie sentimentale d\u2019Emily Cooper est de nouveau orageuse dans la 5e saison d\u2019Emily in Paris, une&hellip;\n","protected":false},"author":2,"featured_media":615772,"comment_status":"","ping_status":"","sticky":false,"template":"","format":"standard","meta":{"footnotes":""},"categories":[1888],"tags":[1111,1928,11,1927,244,11739,1777,674,1011,27,12512,20271,127,12,1926,626,1925,72642,1722,25,4496,129],"class_list":{"0":"post-615771","1":"post","2":"type-post","3":"status-publish","4":"format-standard","5":"has-post-thumbnail","7":"category-paris","8":"tag-actu","9":"tag-actu-paris","10":"tag-actualites","11":"tag-actualites-paris","12":"tag-commentaire","13":"tag-emily-in-paris","14":"tag-eu","15":"tag-europe","16":"tag-fr","17":"tag-france","18":"tag-lily-collins","19":"tag-michu00e8le-laroque","20":"tag-netflix","21":"tag-news","22":"tag-news-paris","23":"tag-paris","24":"tag-paris-news","25":"tag-philippine-leroy-beaulieu","26":"tag-pub-streaming-netflix","27":"tag-republique-francaise","28":"tag-superstream","29":"tag-svod"},"share_on_mastodon":{"url":"https:\/\/pubeurope.com\/@fr\/115763187834373049","error":""},"_links":{"self":[{"href":"https:\/\/www.europesays.com\/fr\/wp-json\/wp\/v2\/posts\/615771","targetHints":{"allow":["GET"]}}],"collection":[{"href":"https:\/\/www.europesays.com\/fr\/wp-json\/wp\/v2\/posts"}],"about":[{"href":"https:\/\/www.europesays.com\/fr\/wp-json\/wp\/v2\/types\/post"}],"author":[{"embeddable":true,"href":"https:\/\/www.europesays.com\/fr\/wp-json\/wp\/v2\/users\/2"}],"replies":[{"embeddable":true,"href":"https:\/\/www.europesays.com\/fr\/wp-json\/wp\/v2\/comments?post=615771"}],"version-history":[{"count":0,"href":"https:\/\/www.europesays.com\/fr\/wp-json\/wp\/v2\/posts\/615771\/revisions"}],"wp:featuredmedia":[{"embeddable":true,"href":"https:\/\/www.europesays.com\/fr\/wp-json\/wp\/v2\/media\/615772"}],"wp:attachment":[{"href":"https:\/\/www.europesays.com\/fr\/wp-json\/wp\/v2\/media?parent=615771"}],"wp:term":[{"taxonomy":"category","embeddable":true,"href":"https:\/\/www.europesays.com\/fr\/wp-json\/wp\/v2\/categories?post=615771"},{"taxonomy":"post_tag","embeddable":true,"href":"https:\/\/www.europesays.com\/fr\/wp-json\/wp\/v2\/tags?post=615771"}],"curies":[{"name":"wp","href":"https:\/\/api.w.org\/{rel}","templated":true}]}}