{"id":615777,"date":"2025-12-22T12:22:16","date_gmt":"2025-12-22T12:22:16","guid":{"rendered":"https:\/\/www.europesays.com\/fr\/615777\/"},"modified":"2025-12-22T12:22:16","modified_gmt":"2025-12-22T12:22:16","slug":"strasbourg-un-colis-suspect-retrouve-dans-le-consulat-general-de-russie","status":"publish","type":"post","link":"https:\/\/www.europesays.com\/fr\/615777\/","title":{"rendered":"Strasbourg. Un colis suspect retrouv\u00e9 dans le consulat g\u00e9n\u00e9ral de Russie"},"content":{"rendered":"<p>Un colis suspect a \u00e9t\u00e9 d\u00e9pos\u00e9 ce lundi 22\u00a0d\u00e9cembre dans la cour du consulat g\u00e9n\u00e9ral de Russie \u00e0 Strasbourg. Les pompiers sp\u00e9cialis\u00e9s sont rapidement intervenus, tout comme les d\u00e9mineurs.<\/p>\n<p>La police boucle un p\u00e9rim\u00e8tre de s\u00e9curit\u00e9 autour du b\u00e2timent depuis environ 11\u00a0h\u00a030.\u00a0Produit toxique\u00a0? Explosif\u00a0? Ou simple canular\u00a0? Les secours sont toujours sur place.<\/p>\n<p>  Explosion mortelle \u00e0 Moscou<\/p>\n<p>Cette d\u00e9couverte intervient alors qu\u2019 <a href=\"https:\/\/www.dna.fr\/defense-guerre-conflit\/2025\/12\/22\/un-general-de-l-etat-major-russe-tue-dans-l-explosion-d-une-voiture-a-moscou\" target=\"_blank\" rel=\"noopener\">une explosion a tu\u00e9 ce lundi matin 22\u00a0d\u00e9cembre \u00e0 Moscou le lieutenant-g\u00e9n\u00e9ral russe Fanil Sarvarov<\/a> , chef du d\u00e9partement de la formation op\u00e9rationnelle au sein de l\u2019\u00e9tat-major russe et engag\u00e9 sur le th\u00e9\u00e2tre de conflit en Ukraine depuis 2022. La bombe, que les autorit\u00e9s russes soup\u00e7onnent d\u2019avoir \u00e9t\u00e9 d\u00e9pos\u00e9e par les services sp\u00e9ciaux ukrainiens, \u00e9tait cach\u00e9e sous une voiture.\u00a0Une enqu\u00eate pour \u00ab\u00a0meurtre\u00a0\u00bb et \u00ab\u00a0trafic d\u2019explosifs\u00a0\u00bb a \u00e9t\u00e9 ouverte.<\/p>\n","protected":false},"excerpt":{"rendered":"Un colis suspect a \u00e9t\u00e9 d\u00e9pos\u00e9 ce lundi 22\u00a0d\u00e9cembre dans la cour du consulat g\u00e9n\u00e9ral de Russie \u00e0&hellip;\n","protected":false},"author":2,"featured_media":615778,"comment_status":"","ping_status":"","sticky":false,"template":"","format":"standard","meta":{"footnotes":""},"categories":[1591],"tags":[11,271,272,2880,274,1887,107,12,1885,1886,132,640,2879],"class_list":{"0":"post-615777","1":"post","2":"type-post","3":"status-publish","4":"format-standard","5":"has-post-thumbnail","7":"category-russie","8":"tag-actualites","9":"tag-crime","10":"tag-delit-et-contravention","11":"tag-edition-strasbourg","12":"tag-faits-divers-justice","13":"tag-federation-de-russie","14":"tag-fil-info","15":"tag-news","16":"tag-russia","17":"tag-russian-federation","18":"tag-russie","19":"tag-strasbourg","20":"tag-strasbourg-ville"},"share_on_mastodon":{"url":"https:\/\/pubeurope.com\/@fr\/115763199680573928","error":""},"_links":{"self":[{"href":"https:\/\/www.europesays.com\/fr\/wp-json\/wp\/v2\/posts\/615777","targetHints":{"allow":["GET"]}}],"collection":[{"href":"https:\/\/www.europesays.com\/fr\/wp-json\/wp\/v2\/posts"}],"about":[{"href":"https:\/\/www.europesays.com\/fr\/wp-json\/wp\/v2\/types\/post"}],"author":[{"embeddable":true,"href":"https:\/\/www.europesays.com\/fr\/wp-json\/wp\/v2\/users\/2"}],"replies":[{"embeddable":true,"href":"https:\/\/www.europesays.com\/fr\/wp-json\/wp\/v2\/comments?post=615777"}],"version-history":[{"count":0,"href":"https:\/\/www.europesays.com\/fr\/wp-json\/wp\/v2\/posts\/615777\/revisions"}],"wp:featuredmedia":[{"embeddable":true,"href":"https:\/\/www.europesays.com\/fr\/wp-json\/wp\/v2\/media\/615778"}],"wp:attachment":[{"href":"https:\/\/www.europesays.com\/fr\/wp-json\/wp\/v2\/media?parent=615777"}],"wp:term":[{"taxonomy":"category","embeddable":true,"href":"https:\/\/www.europesays.com\/fr\/wp-json\/wp\/v2\/categories?post=615777"},{"taxonomy":"post_tag","embeddable":true,"href":"https:\/\/www.europesays.com\/fr\/wp-json\/wp\/v2\/tags?post=615777"}],"curies":[{"name":"wp","href":"https:\/\/api.w.org\/{rel}","templated":true}]}}