{"id":61578,"date":"2025-04-29T10:41:08","date_gmt":"2025-04-29T10:41:08","guid":{"rendered":"https:\/\/www.europesays.com\/fr\/61578\/"},"modified":"2025-04-29T10:41:08","modified_gmt":"2025-04-29T10:41:08","slug":"elsa-bois-et-florent-manaudou-apres-trois-mois-la-fin-dune-belle-aventure","status":"publish","type":"post","link":"https:\/\/www.europesays.com\/fr\/61578\/","title":{"rendered":"Elsa Bois et Florent Manaudou : apr\u00e8s trois mois, \u00ab\u00a0la fin d\u2019une belle aventure\u00a0\u00bb"},"content":{"rendered":"<p>      R\u00e9sum\u00e9<\/p>\n<p>Elsa Bois et Florent Manaudou marquent la fin de leur collaboration \u00e9motionnellement et physiquement charg\u00e9e dans \u00ab\u00a0Danse avec les stars\u00a0\u00bb, apr\u00e8s trois mois pleins d&rsquo;\u00e9preuves et d&rsquo;\u00e9motions partag\u00e9es.<\/p>\n<p>        Sommaire<\/p>\n<p>Elsa Bois a brill\u00e9 tout au long de la 14\u1d49 saison de Danse avec les stars. La jolie brune a m\u00eame atteint la finale aux c\u00f4t\u00e9s de son partenaire <a href=\"https:\/\/www.public.fr\/tag\/florent-manaudou\" target=\"_blank\" rel=\"noopener\">Florent Manaudou<\/a>, avec qui elle a tiss\u00e9 <strong>une belle complicit\u00e9<\/strong>. <\/p>\n<p>Si <a href=\"https:\/\/www.public.fr\/danse-avec-les-stars-decouvrez-qui-de-lenie-ou-florent-manaudou-a-remporte-la-14e-saison\" target=\"_blank\" rel=\"noopener\">la victoire lui a \u00e9chapp\u00e9 de peu au profit de L\u00e9nie et Jordan Mouillerac<\/a>, la danseuse peut tout de m\u00eame se f\u00e9liciter de son parcours remarquable. <\/p>\n<p>Apr\u00e8s plus de deux mois d&rsquo;intense comp\u00e9tition, la jeune femme de 24 ans profite d\u00e9sormais d&rsquo;un repos bien m\u00e9rit\u00e9. <\/p>\n<p>Elsa Bois : \u00ab\u00a0La fin d\u2019une si belle aventure\u00a0\u00bb<\/p>\n<p>Sur Instagram, Elsa Bois pris le temps de remercier son partenaire et ses fans pour leur soutien ind\u00e9fectible<\/p>\n<p>\u00ab\u00a0<strong>La fin d\u2019une si belle aventure de 3 mois, aussi intense humainement que physiquement !<\/strong>\u00ab\u00a0, a-t-elle \u00e9crit sur son compte <a href=\"https:\/\/www.instagram.com\/elsabois\/\" target=\"_blank\" rel=\"noreferrer noopener\">Instagram<\/a> tout en partageant plusieurs photos de son duo avec le nageur olympique. <\/p>\n<p>Et d&rsquo;ajouter : \u00ab\u00a0<strong>3 mois au cours desquels on aura cr\u00e9\u00e9 ces 13 danses, 13 nuances d\u2019\u00e9motions pour vous raconter nos histoires et vous embarquer avec nous dans cette aventure<\/strong>\u00ab\u00a0. <\/p>\n<p>Visiblement fi\u00e8re de leurs prestations, Elsa Bois a ensuite remerci\u00e9 les t\u00e9l\u00e9spectateurs. Ces derniers ont en effet \u00e9t\u00e9 nombreux \u00e0 soutenir le bin\u00f4me.<\/p>\n<p>\u00ab\u00a0<strong>Merci pour votre soutien depuis le premier jour, on est ultra fiers de notre parcours et c\u2019est aussi en partie gr\u00e2ce \u00e0 vous si on en est arriv\u00e9s l\u00e0. Un immense merci \u00e0 toutes les \u00e9quipes qui travaillent sur cette belle \u00e9mission<\/strong>\u00ab\u00a0, a conclu l&rsquo;ex de Michou. Une publication qui a suscit\u00e9 de vives r\u00e9actions, notamment celle de Florent Manaudou qui s&rsquo;est empress\u00e9 de commenter : \u00ab\u00a0L\u2019aventure de fouuuuuu\u00a0\u00bb.<\/p>\n<p>Place aux vacances pour la danseuse<\/p>\n<p>\u00ab\u00a0Bravo \u00e0 vous deux pour ce beau parcours ! J&rsquo;avais un a priori sur Florent et je l&rsquo;ai d\u00e9couvert gr\u00e2ce \u00e0 l&rsquo;\u00e9mission, vous \u00e9tiez l&rsquo;un de mes couples favoris ! Et toi Elsa, tu es une danseuse et une chor\u00e9graphe incroyable, je trouve que tu t&rsquo;es particuli\u00e8rement r\u00e9v\u00e9l\u00e9e cette ann\u00e9e\u00a0\u00bb, a ajout\u00e9 un abonn\u00e9. Et un autre de rench\u00e9rir : \u00ab\u00a0Vous \u00eates juste deux bombes atomiques les deux ensemble ! Une seconde place, c&rsquo;est incroyable, je vois \u00e7a comme une victoire. Vous avez \u00e9t\u00e9 au BOUT de l\u2019aventure, vous \u00eates magnifiques ensemble et deux belles personnes humainement.\u00a0\u00bb<\/p>\n<p>Exit Danse avec les stars, Elsa Bois a d&rsquo;ailleurs choisi de profiter de \u00ab\u00a0<strong>petites vacances au soleil entre copines<\/strong>\u00ab\u00a0. \u00ab\u00a0Histoire de d\u00e9connecter un petit peu apr\u00e8s ces derniers mois, \u00e7a fait du bien\u00a0\u00bb !<\/p>\n<p>      Mentionn\u00e9s dans cet article<\/p>\n<p><script async src=\"\/\/www.instagram.com\/embed.js\"><\/script><\/p>\n","protected":false},"excerpt":{"rendered":"R\u00e9sum\u00e9 Elsa Bois et Florent Manaudou marquent la fin de leur collaboration \u00e9motionnellement et physiquement charg\u00e9e dans \u00ab\u00a0Danse&hellip;\n","protected":false},"author":2,"featured_media":61579,"comment_status":"","ping_status":"","sticky":false,"template":"","format":"standard","meta":{"footnotes":""},"categories":[8],"tags":[194,58,7744,59,925,1011,27],"class_list":{"0":"post-61578","1":"post","2":"type-post","3":"status-publish","4":"format-standard","5":"has-post-thumbnail","7":"category-divertissement","8":"tag-danse-avec-les-stars","9":"tag-divertissement","10":"tag-elsa-bois","11":"tag-entertainment","12":"tag-florent-manaudou","13":"tag-fr","14":"tag-france"},"share_on_mastodon":{"url":"https:\/\/pubeurope.com\/@fr\/114420834925605255","error":""},"_links":{"self":[{"href":"https:\/\/www.europesays.com\/fr\/wp-json\/wp\/v2\/posts\/61578","targetHints":{"allow":["GET"]}}],"collection":[{"href":"https:\/\/www.europesays.com\/fr\/wp-json\/wp\/v2\/posts"}],"about":[{"href":"https:\/\/www.europesays.com\/fr\/wp-json\/wp\/v2\/types\/post"}],"author":[{"embeddable":true,"href":"https:\/\/www.europesays.com\/fr\/wp-json\/wp\/v2\/users\/2"}],"replies":[{"embeddable":true,"href":"https:\/\/www.europesays.com\/fr\/wp-json\/wp\/v2\/comments?post=61578"}],"version-history":[{"count":0,"href":"https:\/\/www.europesays.com\/fr\/wp-json\/wp\/v2\/posts\/61578\/revisions"}],"wp:featuredmedia":[{"embeddable":true,"href":"https:\/\/www.europesays.com\/fr\/wp-json\/wp\/v2\/media\/61579"}],"wp:attachment":[{"href":"https:\/\/www.europesays.com\/fr\/wp-json\/wp\/v2\/media?parent=61578"}],"wp:term":[{"taxonomy":"category","embeddable":true,"href":"https:\/\/www.europesays.com\/fr\/wp-json\/wp\/v2\/categories?post=61578"},{"taxonomy":"post_tag","embeddable":true,"href":"https:\/\/www.europesays.com\/fr\/wp-json\/wp\/v2\/tags?post=61578"}],"curies":[{"name":"wp","href":"https:\/\/api.w.org\/{rel}","templated":true}]}}