{"id":615783,"date":"2025-12-22T12:25:19","date_gmt":"2025-12-22T12:25:19","guid":{"rendered":"https:\/\/www.europesays.com\/fr\/615783\/"},"modified":"2025-12-22T12:25:19","modified_gmt":"2025-12-22T12:25:19","slug":"erasmus-le-grand-retour-du-royaume-uni","status":"publish","type":"post","link":"https:\/\/www.europesays.com\/fr\/615783\/","title":{"rendered":"Erasmus\u00a0: le grand retour du Royaume-Uni"},"content":{"rendered":"<p>Faut-il y voir un signe du r\u00e9chauffement des relations entre Londres et Bruxelles ? Apr\u00e8s des ann\u00e9es de tensions li\u00e9es au Brexit, l\u2019accord annonc\u00e9 la semaine derni\u00e8re s\u2019inscrit en tout cas dans le cadre de la relance des relations avec l\u2019UE voulue par le Premier ministre travailliste Keir Starmer depuis son arriv\u00e9e au pouvoir \u00e0 l\u2019\u00e9t\u00e9 2024. Les n\u00e9gociations \u00e9taient engag\u00e9es depuis plusieurs semaines. L\u2019accord pass\u00e9 avec Bruxelles ouvre donc la voie \u00e0 la participation, \u00e0 nouveau, des \u00e9tudiants britanniques au programme \u00e0 partir de janvier 2027. Londres aurait au passage n\u00e9goci\u00e9 un rabais de 30% sur sa participation financi\u00e8re. Nelly Fesseau, directrice de l\u2019agence <a href=\"https:\/\/info.erasmusplus.fr\/\" target=\"_blank\" rel=\"noopener\">Erasmus<\/a>, salue cette annonce\u00a0:\u00ab\u00a0C\u2019est une excellente nouvelle et cela souligne, dit-elle, l\u2019attractivit\u00e9 du programme en Europe et au-del\u00e0. Cela r\u00e9pond \u00e0 une tristesse et \u00e0 un regret du monde acad\u00e9mique, qu\u2019il soit europ\u00e9en ou britannique, sur ce retrait du Royaume-Uni. \u00bb<\/p>\n<p>La France en pole position<\/p>\n<p>Rappelons que le syst\u00e8me, rebaptis\u00e9 Erasmus+ en 2014, permet aux \u00e9tudiants europ\u00e9ens de passer une ann\u00e9e dans une universit\u00e9 d\u2019un pays partenaire aux m\u00eames frais que dans leur \u00e9tablissement d\u2019origine. Les prochains mois devraient \u00eatre consacr\u00e9s \u00e0 s\u2019accorder sur les questions de visas et de frais de scolarit\u00e9. Lors de la derni\u00e8re ann\u00e9e compl\u00e8te d\u2019Erasmus, en 2018-2019, 18 300 \u00e9tudiants britanniques \u00e9taient partis en Europe continentale et 35 000 \u00e9tudiants europ\u00e9ens avaient travers\u00e9 la Manche. Avec 7\u00a0000 jeunes, c\u2019est la France qui avait envoy\u00e9 cette ann\u00e9e-l\u00e0 le plus grand nombre d\u2019\u00e9tudiants au Royaume-Uni, suivie de l\u2019Allemagne, de l\u2019Espagne, de l\u2019Italie et des Pays-Bas.<\/p>\n<p><img loading=\"lazy\" decoding=\"async\" aria-describedby=\"caption-attachment-61711\" class=\"wp-image-61711 size-full\" src=\"https:\/\/www.europesays.com\/fr\/wp-content\/uploads\/2025\/12\/\u00a9SophiePawlak_DSC_3775-e1766179047591.jpg\" alt=\"\" width=\"1318\" height=\"650\"  \/><\/p>\n<p id=\"caption-attachment-61711\" class=\"wp-caption-text\">Nelly Fesseau : \u00ab Cela souligne l\u2019attractivit\u00e9 du programme en Europe et au-del\u00e0. \u00a0Le Royaume-Uni a toujours \u00e9t\u00e9 la destination favorite des Fran\u00e7ais, et pas que les \u00e9tudiants. \u00bb (Photo Sophie Pawlak)<\/p>\n<p>Un grand pas en avant<\/p>\n<p>\u00ab Le Royaume-Uni a toujours \u00e9t\u00e9 la destination favorite des Fran\u00e7ais, et pas que les \u00e9tudiants, souligne Mme Fesseau, mais y compris aussi pour les stagiaires de la voie professionnelle. Au-del\u00e0 d\u2019un simple programme linguistique, Erasmus + propose l\u2019acquisition de cons\u00e9quences et de \u00ab soft skills \u00bb (savoir-\u00eatre).\u00a0\u00bb En plus des \u00e9tudiants et des apprentis, les adultes en formation, les enseignants et les professionnels du sport sont aussi concern\u00e9s par cet accord. Erasmus concerne \u00e9galement les voyages scolaires, devenus plus difficiles depuis le Brexit. \u00ab\u00a0Cet accord repr\u00e9sente un grand pas en avant dans nos relations avec l\u2019Union europ\u00e9enne et offrira des perspectives qui vont changer la vie de milliers d\u2019\u00e9tudiants\u00a0\u00bb, r\u00e9agit dans les colonnes du <a href=\"https:\/\/www.thetimes.com\/uk\/politics\/article\/uk-rejoining-erasmus-european-universities-year-abroad-brexit-j07k7wc92\" target=\"_blank\" rel=\"noopener\">Times<\/a> Vivienne Stern, \u00e0 la t\u00eate d\u2019<a href=\"https:\/\/www.universitiesuk.ac.uk\/\" target=\"_blank\" rel=\"noopener\">Universities UK<\/a>, l\u2019organisation qui f\u00e9d\u00e8re 142 \u00e9tablissements d\u2019enseignement sup\u00e9rieur britanniques.<\/p>\n<p>Un accord encore \u00e0 valider<\/p>\n<p>Mais ce retour du Royaume-Uni dans l\u2019\u00e9cosyst\u00e8me Erasmus devra encore \u00eatre valid\u00e9 par tous les membres de l\u2019Union europ\u00e9enne pour \u00eatre act\u00e9. Et il n\u2019est pour le moment conclu que pour l\u2019ann\u00e9e universitaire 2027-2028. La bourse couvre \u00e0 la fois les frais de d\u00e9placement et les frais de vie. Chaque universit\u00e9 demande et attribue \u00e0 ses \u00e9tudiants un certain nombre de bourses Erasmus. Toutes les demandes sont ensuite examin\u00e9es par des \u00e9valuateurs externes \u00e0 l\u2019agence qui notent les projets.<\/p>\n","protected":false},"excerpt":{"rendered":"Faut-il y voir un signe du r\u00e9chauffement des relations entre Londres et Bruxelles ? Apr\u00e8s des ann\u00e9es de&hellip;\n","protected":false},"author":2,"featured_media":615784,"comment_status":"","ping_status":"","sticky":false,"template":"","format":"standard","meta":{"footnotes":""},"categories":[1588],"tags":[11,1353,8273,1777,674,11615,12,473,1853,72643,1851,1850,1852,6871],"class_list":{"0":"post-615783","1":"post","2":"type-post","3":"status-publish","4":"format-standard","5":"has-post-thumbnail","7":"category-royaume-uni","8":"tag-actualites","9":"tag-brexit","10":"tag-erasmus","11":"tag-eu","12":"tag-europe","13":"tag-featured","14":"tag-news","15":"tag-royaume-uni","16":"tag-royaume-uni-de-grande-bretagne-et-dirlande-du-nord","17":"tag-u00e9tudier","18":"tag-uk","19":"tag-united-kingdom","20":"tag-united-kingdom-of-great-britain-and-northern-ireland","21":"tag-universitu00e9s"},"share_on_mastodon":{"url":"https:\/\/pubeurope.com\/@fr\/115763212108492507","error":""},"_links":{"self":[{"href":"https:\/\/www.europesays.com\/fr\/wp-json\/wp\/v2\/posts\/615783","targetHints":{"allow":["GET"]}}],"collection":[{"href":"https:\/\/www.europesays.com\/fr\/wp-json\/wp\/v2\/posts"}],"about":[{"href":"https:\/\/www.europesays.com\/fr\/wp-json\/wp\/v2\/types\/post"}],"author":[{"embeddable":true,"href":"https:\/\/www.europesays.com\/fr\/wp-json\/wp\/v2\/users\/2"}],"replies":[{"embeddable":true,"href":"https:\/\/www.europesays.com\/fr\/wp-json\/wp\/v2\/comments?post=615783"}],"version-history":[{"count":0,"href":"https:\/\/www.europesays.com\/fr\/wp-json\/wp\/v2\/posts\/615783\/revisions"}],"wp:featuredmedia":[{"embeddable":true,"href":"https:\/\/www.europesays.com\/fr\/wp-json\/wp\/v2\/media\/615784"}],"wp:attachment":[{"href":"https:\/\/www.europesays.com\/fr\/wp-json\/wp\/v2\/media?parent=615783"}],"wp:term":[{"taxonomy":"category","embeddable":true,"href":"https:\/\/www.europesays.com\/fr\/wp-json\/wp\/v2\/categories?post=615783"},{"taxonomy":"post_tag","embeddable":true,"href":"https:\/\/www.europesays.com\/fr\/wp-json\/wp\/v2\/tags?post=615783"}],"curies":[{"name":"wp","href":"https:\/\/api.w.org\/{rel}","templated":true}]}}