{"id":615794,"date":"2025-12-22T12:31:21","date_gmt":"2025-12-22T12:31:21","guid":{"rendered":"https:\/\/www.europesays.com\/fr\/615794\/"},"modified":"2025-12-22T12:31:21","modified_gmt":"2025-12-22T12:31:21","slug":"la-jeune-graulhetoise-lina-sur-france-2-avec-nagui","status":"publish","type":"post","link":"https:\/\/www.europesays.com\/fr\/615794\/","title":{"rendered":"La jeune graulh\u00e9toise Lina sur France 2 avec Nagui"},"content":{"rendered":"<p>\n                                                                    l&rsquo;essentiel<br \/>\n                                                                La jeune Lina, \u00e9l\u00e8ve \u00e0 l\u2019\u00c9cole graulh\u00e9toise de formation vocale Stardiams, va faire sa premi\u00e8re apparition \u00e0 la t\u00e9l\u00e9vision sur France 2, dans \u00ab\u00a0N\u2019oubliez pas les enfants\u00a0\u00bb.\n                            <\/p>\n<p>Ce mercredi 24\u00a0d\u00e9cembre \u00e0 21\u00a0h\u00a010, elle participera \u00e0 \u00ab\u00a0N\u2019oubliez pas les enfants\u00a0\u00bb, le programme anim\u00e9 par Nagui. Ce rendez-vous incontournable du jeu musical de fin d\u2019ann\u00e9e, \u00ab\u00a0N\u2019oubliez pas les paroles \u2013 enfants\u00a0\u00bb, c\u00e9l\u00e8bre sa 4\u1d49 \u00e9dition avec de nouveaux chanteurs en herbe, pr\u00eats \u00e0 rivaliser avec leurs a\u00een\u00e9s. Lina Bouaboula, 13 ans, habite \u00e0 Lespinasse, en Haute-Garonne. Depuis deux ans, elle suit une formation vocale aupr\u00e8s de Martine Causse. Apr\u00e8s une premi\u00e8re s\u00e9lection et un casting, la jeune chanteuse se retrouve d\u00e9sormais sous les projecteurs. Elle est la deuxi\u00e8me repr\u00e9sentante de l\u2019\u00e9cole \u00e0 participer au programme de Nagui\u00a0: il y a trois ans, Lucie Daude, s\u0153ur de Nicolas, avait d\u00e9j\u00e0 tent\u00e9 l\u2019aventure.<\/p>\n<p>\u00ab\u00a0N\u2019oubliez pas les enfants\u00a0\u00bb est un prime exceptionnel o\u00f9 les plus jeunes interpr\u00e8tent les grands tubes et les succ\u00e8s actuels avec \u00e9nergie. Huit mini-maestros, \u00e2g\u00e9s de 9 \u00e0 13 ans, s\u2019affronteront lors de quatre duels musicaux. Claudio Cap\u00e9o, Jeck et la troupe Disney en concert \u00ab\u00a0Autour du monde\u00a0\u00bb partageront la sc\u00e8ne. L\u2019ensemble des participants se mobilisera pour offrir jusqu\u2019\u00e0 380 cadeaux aux P\u00e8res No\u00ebl Verts du Secours populaire, destin\u00e9s \u00e0 des enfants d\u00e9favoris\u00e9s.<\/p>\n","protected":false},"excerpt":{"rendered":"l&rsquo;essentiel La jeune Lina, \u00e9l\u00e8ve \u00e0 l\u2019\u00c9cole graulh\u00e9toise de formation vocale Stardiams, va faire sa premi\u00e8re apparition \u00e0&hellip;\n","protected":false},"author":2,"featured_media":615795,"comment_status":"","ping_status":"","sticky":false,"template":"","format":"standard","meta":{"footnotes":""},"categories":[4],"tags":[11,58,1011,27,69113,12,25,8412,68925],"class_list":{"0":"post-615794","1":"post","2":"type-post","3":"status-publish","4":"format-standard","5":"has-post-thumbnail","7":"category-france","8":"tag-actualites","9":"tag-divertissement","10":"tag-fr","11":"tag-france","12":"tag-graulhet","13":"tag-news","14":"tag-republique-francaise","15":"tag-tarn","16":"tag-tu00e9lu00e9-mu00e9dias"},"share_on_mastodon":{"url":"https:\/\/pubeurope.com\/@fr\/115763234939470858","error":""},"_links":{"self":[{"href":"https:\/\/www.europesays.com\/fr\/wp-json\/wp\/v2\/posts\/615794","targetHints":{"allow":["GET"]}}],"collection":[{"href":"https:\/\/www.europesays.com\/fr\/wp-json\/wp\/v2\/posts"}],"about":[{"href":"https:\/\/www.europesays.com\/fr\/wp-json\/wp\/v2\/types\/post"}],"author":[{"embeddable":true,"href":"https:\/\/www.europesays.com\/fr\/wp-json\/wp\/v2\/users\/2"}],"replies":[{"embeddable":true,"href":"https:\/\/www.europesays.com\/fr\/wp-json\/wp\/v2\/comments?post=615794"}],"version-history":[{"count":0,"href":"https:\/\/www.europesays.com\/fr\/wp-json\/wp\/v2\/posts\/615794\/revisions"}],"wp:featuredmedia":[{"embeddable":true,"href":"https:\/\/www.europesays.com\/fr\/wp-json\/wp\/v2\/media\/615795"}],"wp:attachment":[{"href":"https:\/\/www.europesays.com\/fr\/wp-json\/wp\/v2\/media?parent=615794"}],"wp:term":[{"taxonomy":"category","embeddable":true,"href":"https:\/\/www.europesays.com\/fr\/wp-json\/wp\/v2\/categories?post=615794"},{"taxonomy":"post_tag","embeddable":true,"href":"https:\/\/www.europesays.com\/fr\/wp-json\/wp\/v2\/tags?post=615794"}],"curies":[{"name":"wp","href":"https:\/\/api.w.org\/{rel}","templated":true}]}}