{"id":615800,"date":"2025-12-22T12:39:23","date_gmt":"2025-12-22T12:39:23","guid":{"rendered":"https:\/\/www.europesays.com\/fr\/615800\/"},"modified":"2025-12-22T12:39:23","modified_gmt":"2025-12-22T12:39:23","slug":"je-veux-etre-meilleur-que-pogacar-evenepoel-estime-pouvoir-remporter-la-grande-boucle","status":"publish","type":"post","link":"https:\/\/www.europesays.com\/fr\/615800\/","title":{"rendered":"\u00ab\u00a0Je veux \u00eatre meilleur que Pogacar\u00a0\u00bb\u2026 Evenepoel estime pouvoir remporter la Grande Boucle"},"content":{"rendered":"<p>C\u2019est bien connu, l\u2019espoir fait vivre. Et Remco Evenepoel doit avoir une tr\u00e8s longue esp\u00e9rance de vie. Malgr\u00e9 <a href=\"https:\/\/www.20minutes.fr\/sport\/cyclisme\/tour-de-france\/4183400-20251104-tour-france-2025-domination-pogacar-uae-peut-provoquer-agacement-concede-wellens\" target=\"_blank\" class=\"c-link c-link--is-underlined\" rel=\"noopener\">la domination incroyable de Tadej Pogacar<\/a> partout o\u00f9 il passe, <a href=\"https:\/\/www.20minutes.fr\/sport\/cyclisme\/tour-de-france\/4181167-20251023-tour-france-2026-suspense-jusqu-bout-tadej-pogacar-va-bien-pouvoir-perdre-grande-boucle\" target=\"_blank\" class=\"c-link c-link--is-underlined\" rel=\"noopener\">le Belge estime qu\u2019il peut encore gagner le Tour de France 2026<\/a>. \u00ab\u00a0Si tout continue \u00e0 bien se passer et si je peux avoir un tr\u00e8s bon hiver, de bons stages d\u2019entra\u00eenement et les points de passage que je recherche lors des courses du printemps\u00a0\u00bb, assure-t-il dans un entretien \u00e0 <a href=\"https:\/\/sporza.be\/nl\/2025\/12\/16\/remco-evenepoel-brandt-van-ambitie-in-2026-ik-kan-de-tour-winnen-en-ik-wil-beter-zijn-dan-tadej-pogacar~1765880485911\/\" rel=\"nofollow noopener\" target=\"_blank\" class=\"c-link c-link--is-underlined\">Sporza<\/a>.<\/p>\n<\/p>\n<p>\u00ab\u00a0Si je peux montrer en Catalogne que je suis l\u00e0 pour gagner, comme je l\u2019\u00e9tais en\u00a02023 par exemple, avant le Giro, alors je pense vraiment que je serai capable d\u2019atteindre ce niveau\u00a0\u00bb, ajoute <a href=\"https:\/\/www.20minutes.fr\/sport\/remco-evenepoel\/\" target=\"_blank\" class=\"c-link c-link--is-underlined\" rel=\"noopener\">Remco Evenepoel<\/a>, dont l\u2019\u00e9tat d\u2019esprit a \u00e9volu\u00e9 depuis qu\u2019il a chang\u00e9 d\u2019\u00e9quipe cet hiver. Termin\u00e9 la Soudal-Quick Step et son \u00e9quipe pas si bien \u00e9quip\u00e9e que \u00e7a pour les Grands Tours. Bienvenue dans la machine Red Bull-Bora et son \u00e9norme projet.<\/p>\n<p>Une nouvelle \u00e9tape pour \u00ab\u00a0franchir un cap\u00a0\u00bb<\/p>\n<p>\u00ab\u00a0Avec le soutien que j\u2019ai ici, le soutien de mes co\u00e9quipiers, et tous les aspects scientifiques impliqu\u00e9s, je pense qu\u2019il y a encore une grande marge de progression, estime la machine \u00e0 rouler. Cela demandera beaucoup d\u2019efforts, mais je suis tr\u00e8s motiv\u00e9 et j\u2019avais vraiment besoin de cette nouvelle \u00e9tape pour enfin franchir un cap. J\u2019esp\u00e8re conna\u00eetre une ann\u00e9e exceptionnelle.\u00a0\u00bb<\/p>\n<p>Une ann\u00e9e exceptionnelle qui passerait donc par une victoire sur le Tour, en d\u00e9tr\u00f4nant <a href=\"https:\/\/www.20minutes.fr\/sport\/tadej-pogacar\/\" target=\"_blank\" class=\"c-link c-link--is-underlined\" rel=\"noopener\">Tadej Pogacar<\/a>. \u00ab\u00a0Je veux \u00eatre meilleur que lui. C\u2019est tr\u00e8s difficile, nous le savons tous. Mais c\u2019est pour cela que je suis venu ici. Pour franchir ces \u00e9tapes. Pour me lancer, pour aller jusqu\u2019au bout.\u00a0\u00bb En tout cas, on le lui souhaite.<\/p>\n","protected":false},"excerpt":{"rendered":"C\u2019est bien connu, l\u2019espoir fait vivre. Et Remco Evenepoel doit avoir une tr\u00e8s longue esp\u00e9rance de vie. Malgr\u00e9&hellip;\n","protected":false},"author":2,"featured_media":615801,"comment_status":"","ping_status":"","sticky":false,"template":"","format":"standard","meta":{"footnotes":""},"categories":[1411],"tags":[1154,207,1011,27,11697,517,60,1138,210],"class_list":{"0":"post-615800","1":"post","2":"type-post","3":"status-publish","4":"format-standard","5":"has-post-thumbnail","7":"category-cyclisme","8":"tag-cycling","9":"tag-cyclisme","10":"tag-fr","11":"tag-france","12":"tag-remco-evenepoel","13":"tag-sport","14":"tag-sports","15":"tag-tadej-pogacar","16":"tag-tour-de-france"},"share_on_mastodon":{"url":"https:\/\/pubeurope.com\/@fr\/115763266529876897","error":""},"_links":{"self":[{"href":"https:\/\/www.europesays.com\/fr\/wp-json\/wp\/v2\/posts\/615800","targetHints":{"allow":["GET"]}}],"collection":[{"href":"https:\/\/www.europesays.com\/fr\/wp-json\/wp\/v2\/posts"}],"about":[{"href":"https:\/\/www.europesays.com\/fr\/wp-json\/wp\/v2\/types\/post"}],"author":[{"embeddable":true,"href":"https:\/\/www.europesays.com\/fr\/wp-json\/wp\/v2\/users\/2"}],"replies":[{"embeddable":true,"href":"https:\/\/www.europesays.com\/fr\/wp-json\/wp\/v2\/comments?post=615800"}],"version-history":[{"count":0,"href":"https:\/\/www.europesays.com\/fr\/wp-json\/wp\/v2\/posts\/615800\/revisions"}],"wp:featuredmedia":[{"embeddable":true,"href":"https:\/\/www.europesays.com\/fr\/wp-json\/wp\/v2\/media\/615801"}],"wp:attachment":[{"href":"https:\/\/www.europesays.com\/fr\/wp-json\/wp\/v2\/media?parent=615800"}],"wp:term":[{"taxonomy":"category","embeddable":true,"href":"https:\/\/www.europesays.com\/fr\/wp-json\/wp\/v2\/categories?post=615800"},{"taxonomy":"post_tag","embeddable":true,"href":"https:\/\/www.europesays.com\/fr\/wp-json\/wp\/v2\/tags?post=615800"}],"curies":[{"name":"wp","href":"https:\/\/api.w.org\/{rel}","templated":true}]}}