{"id":615804,"date":"2025-12-22T12:41:13","date_gmt":"2025-12-22T12:41:13","guid":{"rendered":"https:\/\/www.europesays.com\/fr\/615804\/"},"modified":"2025-12-22T12:41:13","modified_gmt":"2025-12-22T12:41:13","slug":"michele-laroque-cash-sur-son-arrivee-dans-la-ser","status":"publish","type":"post","link":"https:\/\/www.europesays.com\/fr\/615804\/","title":{"rendered":"Mich\u00e8le Laroque cash sur son arriv\u00e9e dans la s\u00e9r &#8230;"},"content":{"rendered":"<p>EN BREF<\/p>\n<ul class=\"bloc_resume_post_list\">\n<li>La saison 5 d\u00a0\u00bbEmily in Paris, avec Lily Collins, est<br \/>\nsortie le 18 d\u00e9cembre 2025 sur Netflix, avec des tournages \u00e0 Rome,<br \/>\nVenise et Paris.<\/li>\n<li>Mich\u00e8le Laroque rejoint le casting en tant qu&rsquo;Yvette, une<br \/>\namie bourgeoise de Sylvie Grateau, apportant une nouvelle dynamique<br \/>\n\u00e0 la s\u00e9rie.<\/li>\n<li>Laroque exprime son admiration pour le professionnalisme<br \/>\nam\u00e9ricain et partage son enthousiasme pour cette exp\u00e9rience unique<br \/>\net visible \u00e0 l&rsquo;international.<\/li>\n<\/ul>\n<p>La saison\u202f5 d\u2019Emily in<br \/>\nParis est arriv\u00e9e le 18 d\u00e9cembre 2025 sur Netflix. Et la s\u00e9rie<br \/>\nromantique \u00e0 succ\u00e8s poursuit son tour d\u2019Europe. Cette fois, ses<br \/>\n\u00e9pisodes sont tourn\u00e9s entre Rome, Venise et Paris. Emily Cooper<br \/>\n(<a href=\"https:\/\/www.telestar.fr\/serie_tv\/emily-in-paris-lily-collins-35-kilos-a-tout-casser-cette-apparition-choquante-qui-ne-trompe-personne-1738275\" target=\"_blank\" rel=\"noopener\">Lily<br \/>\nCollins, qui inqui\u00e8te ses fans<\/a>) <a href=\"https:\/\/www.telestar.fr\/serie_tv\/emily-in-paris-la-saison-5-est-elle-la-derniere-1748819\" target=\"_blank\" rel=\"noopener\"><br \/>\ncontinue de jongler entre nouvelles responsabilit\u00e9s<br \/>\nprofessionnelles et relations personnelles<\/a> compliqu\u00e9es.<\/p>\n<p>Dans cette nouvelle saison, la com\u00e9dienne fran\u00e7aise<br \/>\n<strong data-start=\"545\" data-end=\"623\">Mich\u00e8le Laroque fait une<br \/>\nentr\u00e9e remarqu\u00e9e au casting.<\/strong> <a href=\"https:\/\/www.telestar.fr\/serie_tv\/emily-in-paris-surprise-pour-la-saison-5-une-actrice-francaise-tres-celebre-et-populaire-au-casting-1729723\" target=\"_blank\" rel=\"noopener\"><br \/>\nL&rsquo;actrice de 65 ans entre dans la peau d\u2019Yvette<\/a>, une vieille<br \/>\namie assez bourgeoise de Sylvie Grateau (Philippine<br \/>\nLeroy-Beaulieu), la dirigeante de l\u2019agence Agence Grateau. Arriv\u00e9e<br \/>\navec d\u2019autres personnages susceptibles de bousculer la dynamique de<br \/>\nla s\u00e9rie, elle a <strong>donn\u00e9 son avis cash<\/strong> sur cette<br \/>\narriv\u00e9e.<\/p>\n<p>Mich\u00e8le Laroque s&rsquo;exprime sur la fa\u00e7on de travailler des<br \/>\nam\u00e9ricains : \u00ab\u00a0Ils sont&#8230;\u00a0\u00bb<\/p>\n<p>Pour elle, le tournage a \u00e9t\u00e9 absolument merveilleux. Et ce, pour<br \/>\nplusieurs aspects. \u00ab\u00a0J&rsquo;adore la fa\u00e7on de travailler des<br \/>\nam\u00e9ricains. Ils sont tr\u00e8s organis\u00e9s (&#8230;) <strong>c&rsquo;est carr\u00e9,<br \/>\ndirect, avec les moyens de le faire, \u00e9videmment.<\/strong> Les<br \/>\nam\u00e9ricains sont des gens extr\u00eamement comp\u00e9tents, c&rsquo;est un vrai<br \/>\nprivil\u00e8ge de travailler avec eux. Et puis, sur le tournage<br \/>\nd&rsquo;Emily in Paris, il n&rsquo;y a que de beaux gar\u00e7ons, ce qui<br \/>\nn&rsquo;est pas d\u00e9sagr\u00e9able !\u00a0\u00bb s&rsquo;est-elle r\u00e9jouie dans les colonnes<br \/>\nde T\u00e9l\u00e9 7 jours, malicieuse.<\/p>\n<p>V\u00e9ritablement enthousiasm\u00e9e par son exp\u00e9rience, <strong>elle a<br \/>\nconfi\u00e9 s&rsquo;\u00eatre beaucoup amus\u00e9.<\/strong> D&rsquo;autant qu&rsquo;elle \u00e9tait<br \/>\n<strong>consciente de vivre \u00ab\u00a0quelque chose<br \/>\nd&rsquo;exceptionnel\u00a0\u00bb.<\/strong> En effet, <a href=\"https:\/\/www.telestar.fr\/serie_tv\/emily-in-paris-apres-la-mort-dun-assistant-realisateur-le-tournage-a-repris-comme-si-de-rien-etait-1735776\" target=\"_blank\" rel=\"noopener\"><br \/>\nEmily in Paris<\/a> fait partie des s\u00e9ries les plus regard\u00e9es sur<br \/>\nNetflix, ce qui lui donnera une excellente visibilit\u00e9. Et ce, aux<br \/>\n\u00c9tats-Unis compris.<\/p>\n<p>\u00ab\u00a0Heureusement que ma fille \u00e9tait<br \/>\nl\u00e0\u00a0\u00bb<\/p>\n<p>Sur son compte Instagram, <a href=\"https:\/\/www.closermag.fr\/people\/michele-laroque-a-fait-un-choix-vital-deux-jours-par-semaine-3607783\" target=\"_blank\" rel=\"noopener\"><br \/>\ncelle qui a fait un choix vital<\/a> a exprim\u00e9 son enthousiasme \u00e0<br \/>\nrejoindre Emily in Paris.<br \/>\nAjoutant des photos d&rsquo;elle \u00e0 l&rsquo;avant premi\u00e8re mondiale de la s\u00e9rie,<br \/>\nelle a soulign\u00e9 \u00e0 quel point elle se sentait \u00ab\u00a0<strong data-start=\"537\" data-end=\"574\">tr\u00e8s privil\u00e9gi\u00e9e et chanceuse\u00a0\u00bb.<\/strong><br \/>\n\u00ab\u00a0Quelques images de l\u2019avant-premi\u00e8re mondiale d\u2019EmilyinParis<br \/>\navec tout le cast et le cr\u00e9ateur de la s\u00e9rie Darren Starr. Je suis<br \/>\nsi heureuse d\u2019avoir rejoint cette aventure de dingue !\u00a0\u00bb,<br \/>\na-t-elle \u00e9crit.<\/p>\n<p>Une aventure dans laquelle elle a \u00e9t\u00e9 \u00e9paul\u00e9e par sa fille. En<br \/>\neffet, pour le casting de la s\u00e9rie, Darren Star, le cr\u00e9ateur, lui<br \/>\navait demand\u00e9 de se filmer. \u00ab\u00a0Heureusement que ma fille \u00e9tait l\u00e0<br \/>\npour m&rsquo;aider, <strong>car je suis tr\u00e8s mauvaise avec tout ce qui<br \/>\nest vid\u00e9o et num\u00e9rique.<\/strong> Et j&rsquo;ai \u00e9t\u00e9 prise !\u00a0\u00bb<\/p>\n","protected":false},"excerpt":{"rendered":"EN BREF La saison 5 d\u00a0\u00bbEmily in Paris, avec Lily Collins, est sortie le 18 d\u00e9cembre 2025 sur&hellip;\n","protected":false},"author":2,"featured_media":615805,"comment_status":"","ping_status":"","sticky":false,"template":"","format":"standard","meta":{"footnotes":""},"categories":[1359],"tags":[548,58,11739,59,1011,27,973],"class_list":{"0":"post-615804","1":"post","2":"type-post","3":"status-publish","4":"format-standard","5":"has-post-thumbnail","7":"category-people","8":"tag-article-simple","9":"tag-divertissement","10":"tag-emily-in-paris","11":"tag-entertainment","12":"tag-fr","13":"tag-france","14":"tag-people"},"share_on_mastodon":{"url":"https:\/\/pubeurope.com\/@fr\/115763274423139438","error":""},"_links":{"self":[{"href":"https:\/\/www.europesays.com\/fr\/wp-json\/wp\/v2\/posts\/615804","targetHints":{"allow":["GET"]}}],"collection":[{"href":"https:\/\/www.europesays.com\/fr\/wp-json\/wp\/v2\/posts"}],"about":[{"href":"https:\/\/www.europesays.com\/fr\/wp-json\/wp\/v2\/types\/post"}],"author":[{"embeddable":true,"href":"https:\/\/www.europesays.com\/fr\/wp-json\/wp\/v2\/users\/2"}],"replies":[{"embeddable":true,"href":"https:\/\/www.europesays.com\/fr\/wp-json\/wp\/v2\/comments?post=615804"}],"version-history":[{"count":0,"href":"https:\/\/www.europesays.com\/fr\/wp-json\/wp\/v2\/posts\/615804\/revisions"}],"wp:featuredmedia":[{"embeddable":true,"href":"https:\/\/www.europesays.com\/fr\/wp-json\/wp\/v2\/media\/615805"}],"wp:attachment":[{"href":"https:\/\/www.europesays.com\/fr\/wp-json\/wp\/v2\/media?parent=615804"}],"wp:term":[{"taxonomy":"category","embeddable":true,"href":"https:\/\/www.europesays.com\/fr\/wp-json\/wp\/v2\/categories?post=615804"},{"taxonomy":"post_tag","embeddable":true,"href":"https:\/\/www.europesays.com\/fr\/wp-json\/wp\/v2\/tags?post=615804"}],"curies":[{"name":"wp","href":"https:\/\/api.w.org\/{rel}","templated":true}]}}