{"id":615806,"date":"2025-12-22T12:42:12","date_gmt":"2025-12-22T12:42:12","guid":{"rendered":"https:\/\/www.europesays.com\/fr\/615806\/"},"modified":"2025-12-22T12:42:12","modified_gmt":"2025-12-22T12:42:12","slug":"on-en-voit-partout-cest-alarmant-la-croisade-du-photographe-social-contre-le-protoxyde-dazote","status":"publish","type":"post","link":"https:\/\/www.europesays.com\/fr\/615806\/","title":{"rendered":"\u00ab\u00a0On en voit partout, c\u2019est alarmant\u00a0\u00bb\u00a0: la croisade du \u00ab\u00a0photographe social\u00a0\u00bb contre le protoxyde d\u2019azote"},"content":{"rendered":"<p class=\"paragraph text_align_left lp-f-body-02\">Il y a presque huit ans, dans le secteur de la station de m\u00e9tro Cr\u00e9teil-l\u2019\u00c9chat, des adolescents sont r\u00e9unis comme souvent sous un passage, pr\u00e8s d\u2019un bar tabac PMU. Ils ont entre les mains de toutes petites capsules couleur acier. Jean-Michel Landon a un souvenir tr\u00e8s pr\u00e9cis de ce qu\u2019il per\u00e7oit aujourd\u2019hui comme les pr\u00e9mices de <a href=\"https:\/\/www.leparisien.fr\/marne-51\/le-prefet-de-la-marne-interdit-la-vente-du-protoxyde-dazote-de-20-heures-a-8-heures-pendant-les-fetes-11-12-2025-Y5XVGZAETBFEBB4ZHQTX7LB2JM.php\" target=\"_self\" rel=\"noopener\">l\u2019usage d\u00e9tourn\u00e9<\/a> du protoxyde d\u2019azote, ou \u00ab proto \u00bb, dans un quartier qu\u2019il conna\u00eet si bien. \u00ab Et je les vois prendre, en pleine journ\u00e9e, du protoxyde d\u2019azote devant des gamins plus jeunes. Moi, je savais ce que c\u2019\u00e9tait. Et je leur demande s\u2019ils savent ce que c\u2019est. L\u2019un d\u2019eux me r\u00e9pond Oui, c\u2019est un ballon pour faire rire. \u00bb<\/p>\n<p class=\"\">La sc\u00e8ne se r\u00e9p\u00e8te, dans ces rues o\u00f9 il avait d\u00e9cid\u00e9 d\u2019entamer un travail photographique pour documenter l\u2019\u00e9volution du quartier. Comme il l\u2019avait fait aux Petit Pr\u00e9-Sabli\u00e8res, dont il est issu, <a href=\"https:\/\/www.leparisien.fr\/val-de-marne-94\/creteil-les-dernieres-barres-des-petit-pre-sablieres-disparaissent-02-04-2018-7642017.php\" target=\"_self\" rel=\"noopener\">avant sa d\u00e9molition<\/a>.<\/p>\n","protected":false},"excerpt":{"rendered":"Il y a presque huit ans, dans le secteur de la station de m\u00e9tro Cr\u00e9teil-l\u2019\u00c9chat, des adolescents sont&hellip;\n","protected":false},"author":2,"featured_media":615807,"comment_status":"","ping_status":"","sticky":false,"template":"","format":"standard","meta":{"footnotes":""},"categories":[1358],"tags":[1348,1384,1385,1386,58,59,1011,27,1944,1125],"class_list":{"0":"post-615806","1":"post","2":"type-post","3":"status-publish","4":"format-standard","5":"has-post-thumbnail","7":"category-arts-et-design","8":"tag-arts","9":"tag-arts-and-design","10":"tag-arts-et-design","11":"tag-design","12":"tag-divertissement","13":"tag-entertainment","14":"tag-fr","15":"tag-france","16":"tag-ma-ville","17":"tag-val-de-marne"},"share_on_mastodon":{"url":"https:\/\/pubeurope.com\/@fr\/115763278178841187","error":""},"_links":{"self":[{"href":"https:\/\/www.europesays.com\/fr\/wp-json\/wp\/v2\/posts\/615806","targetHints":{"allow":["GET"]}}],"collection":[{"href":"https:\/\/www.europesays.com\/fr\/wp-json\/wp\/v2\/posts"}],"about":[{"href":"https:\/\/www.europesays.com\/fr\/wp-json\/wp\/v2\/types\/post"}],"author":[{"embeddable":true,"href":"https:\/\/www.europesays.com\/fr\/wp-json\/wp\/v2\/users\/2"}],"replies":[{"embeddable":true,"href":"https:\/\/www.europesays.com\/fr\/wp-json\/wp\/v2\/comments?post=615806"}],"version-history":[{"count":0,"href":"https:\/\/www.europesays.com\/fr\/wp-json\/wp\/v2\/posts\/615806\/revisions"}],"wp:featuredmedia":[{"embeddable":true,"href":"https:\/\/www.europesays.com\/fr\/wp-json\/wp\/v2\/media\/615807"}],"wp:attachment":[{"href":"https:\/\/www.europesays.com\/fr\/wp-json\/wp\/v2\/media?parent=615806"}],"wp:term":[{"taxonomy":"category","embeddable":true,"href":"https:\/\/www.europesays.com\/fr\/wp-json\/wp\/v2\/categories?post=615806"},{"taxonomy":"post_tag","embeddable":true,"href":"https:\/\/www.europesays.com\/fr\/wp-json\/wp\/v2\/tags?post=615806"}],"curies":[{"name":"wp","href":"https:\/\/api.w.org\/{rel}","templated":true}]}}