{"id":615808,"date":"2025-12-22T12:44:12","date_gmt":"2025-12-22T12:44:12","guid":{"rendered":"https:\/\/www.europesays.com\/fr\/615808\/"},"modified":"2025-12-22T12:44:12","modified_gmt":"2025-12-22T12:44:12","slug":"la-matinale-de-tf1-recrute-cinq-nouveaux-chroniqueurs-pour-prolonger-son-antenne-jusqua-11-heures-parmi-lesquels-deux-anciennes-figures-tres-connues-de-la-chaine-et-une-chanteuse","status":"publish","type":"post","link":"https:\/\/www.europesays.com\/fr\/615808\/","title":{"rendered":"La Matinale de TF1 recrute cinq nouveaux chroniqueurs pour prolonger son antenne jusqu\u2019\u00e0 11 heures, parmi lesquels deux anciennes figures, tr\u00e8s connues, de la cha\u00eene et une chanteuse"},"content":{"rendered":"<p>Comme vous l&rsquo;avait d\u00e9j\u00e0 rapport\u00e9 jeanmarcmorandini.com il y a quelques semaines, la matinale de TF1 \u00ab\u00a0Bonjour\u00a0\u00bb sera prolong\u00e9e une nouvelle fois d&rsquo;une heure \u00e0 partir de d\u00e9but 2026.\u00a0Elle se terminera d\u00e9sormais \u00e0 11h mais sans Bruce Toussaint \u00e0 partir de 10h.<\/p>\n<p>En effet, la Une\u00a0va prolonger sa matinale, \u00ab\u00a0Bonjour!\u00a0\u00bb, de 10h00 \u00e0 11h00 d\u00e9but 2026 pour remplacer l&rsquo;\u00e9mission de t\u00e9l\u00e9-achat \u00ab\u00a0T\u00e9l\u00e9shopping\u00a0\u00bb, qui s&rsquo;arr\u00eatera apr\u00e8s 38 ans d&rsquo;existence.<\/p>\n<p>Cette tranche sera confi\u00e9e \u00e0 Christophe Beaugrand d\u00e8s le 19 janvier prochain.<\/p>\n<p>Se voulant \u00ab dans la continuit\u00e9 \u00bb du bloc principal, cette nouvelle partie se d\u00e9roulera dans le m\u00eame d\u00e9cor indique Thierry Thuillier, le directeur de l\u2019information de TF 1, aupr\u00e8s du <a href=\"https:\/\/www.leparisien.fr\/culture-loisirs\/tv\/bonjour-la-chanteuse-lorie-jacques-legros-et-cecile-de-menibus-integrent-la-matinale-de-tf-1-22-12-2025-ETOJZSHE4JBR7PGMZG6ZUXMYZE.php\" target=\"_blank\" rel=\"noopener\">Parisien<\/a>.<\/p>\n<p>Et d&rsquo;ajouter qu&rsquo;il s&rsquo;agira d&rsquo;une partie tr\u00e8s magazine, sans JT, qui fera la part belle aux d\u00e9bats d\u2019actualit\u00e9 autour de la vie quotidienne des Fran\u00e7ais.<\/p>\n<p>Christophe Beaugrand sera accompagn\u00e9 de plusieurs chroniqueurs dont la professeure de fitness et sp\u00e9cialiste du bien-\u00eatre Sandrine Arcizet, mais aussi le m\u00e9decin Vincent Valinducq.<\/p>\n<p>Sera \u00e9galement de la partie Jacques Legros, qui viendra d\u00e9battre quatre jours par semaine, auxquels participera \u00e9galement la\u00a0journaliste de LCI, B\u00e9n\u00e9dicte Le Chatelier.<\/p>\n<p>C\u00e9cile de M\u00e9nibus, ex-figure de \u00ab La m\u00e9thode Cauet ! \u00bb fera \u00e9galement partie de la bande.<\/p>\n<p>La journaliste Julie Tome\u00ef , qui travaille \u00e9galement pour le magazine\u00a0\u00ab 50\u2032 inside \u00bb, s&rsquo;occupera des\u00a0questions culturelles.<\/p>\n<p>Le parisien r\u00e9v\u00e8le que dans la partie historique de \u00ab Bonjour ! \u00bb pr\u00e9sent\u00e9e par Bruce Toussaint , un nouveau visage fera son arriv\u00e9e d\u00e8s le 5 janvier.<br \/>Il s&rsquo;agit de &#8230; Lorie! La chanteuse, maman d&rsquo;une petite fille de 5 ans, sera en charge d&rsquo;une chronique sur la parentalit\u00e9 et les questions familiales. Elle sera pr\u00e9sente entre 9 heures e t10 heures) chaque lundi.<\/p>\n","protected":false},"excerpt":{"rendered":"Comme vous l&rsquo;avait d\u00e9j\u00e0 rapport\u00e9 jeanmarcmorandini.com il y a quelques semaines, la matinale de TF1 \u00ab\u00a0Bonjour\u00a0\u00bb sera prolong\u00e9e&hellip;\n","protected":false},"author":2,"featured_media":615809,"comment_status":"","ping_status":"","sticky":false,"template":"","format":"standard","meta":{"footnotes":""},"categories":[1356],"tags":[6777,6779,5410,58,59,1011,27,252,199,1364],"class_list":{"0":"post-615808","1":"post","2":"type-post","3":"status-publish","4":"format-standard","5":"has-post-thumbnail","7":"category-television","8":"tag-bonjour","9":"tag-bruce-toussaint","10":"tag-christophe-beaugrand","11":"tag-divertissement","12":"tag-entertainment","13":"tag-fr","14":"tag-france","15":"tag-television","16":"tag-tf1","17":"tag-tv"},"share_on_mastodon":{"url":"https:\/\/pubeurope.com\/@fr\/115763286403737253","error":""},"_links":{"self":[{"href":"https:\/\/www.europesays.com\/fr\/wp-json\/wp\/v2\/posts\/615808","targetHints":{"allow":["GET"]}}],"collection":[{"href":"https:\/\/www.europesays.com\/fr\/wp-json\/wp\/v2\/posts"}],"about":[{"href":"https:\/\/www.europesays.com\/fr\/wp-json\/wp\/v2\/types\/post"}],"author":[{"embeddable":true,"href":"https:\/\/www.europesays.com\/fr\/wp-json\/wp\/v2\/users\/2"}],"replies":[{"embeddable":true,"href":"https:\/\/www.europesays.com\/fr\/wp-json\/wp\/v2\/comments?post=615808"}],"version-history":[{"count":0,"href":"https:\/\/www.europesays.com\/fr\/wp-json\/wp\/v2\/posts\/615808\/revisions"}],"wp:featuredmedia":[{"embeddable":true,"href":"https:\/\/www.europesays.com\/fr\/wp-json\/wp\/v2\/media\/615809"}],"wp:attachment":[{"href":"https:\/\/www.europesays.com\/fr\/wp-json\/wp\/v2\/media?parent=615808"}],"wp:term":[{"taxonomy":"category","embeddable":true,"href":"https:\/\/www.europesays.com\/fr\/wp-json\/wp\/v2\/categories?post=615808"},{"taxonomy":"post_tag","embeddable":true,"href":"https:\/\/www.europesays.com\/fr\/wp-json\/wp\/v2\/tags?post=615808"}],"curies":[{"name":"wp","href":"https:\/\/api.w.org\/{rel}","templated":true}]}}