{"id":615822,"date":"2025-12-22T12:52:19","date_gmt":"2025-12-22T12:52:19","guid":{"rendered":"https:\/\/www.europesays.com\/fr\/615822\/"},"modified":"2025-12-22T12:52:19","modified_gmt":"2025-12-22T12:52:19","slug":"a-jerusalem-est-un-immeuble-residentiel-palestinien-juge-illegal-detruit-par-les-bulldozers-israeliens","status":"publish","type":"post","link":"https:\/\/www.europesays.com\/fr\/615822\/","title":{"rendered":"A J\u00e9rusalem-Est, un immeuble r\u00e9sidentiel palestinien jug\u00e9 \u00ab\u00a0ill\u00e9gal\u00a0\u00bb d\u00e9truit par les bulldozers isra\u00e9liens"},"content":{"rendered":"<p>                      <img loading=\"lazy\" decoding=\"async\" src=\"https:\/\/www.europesays.com\/fr\/wp-content\/uploads\/2025\/12\/8baded2_ftp-1-urtmyitsee7e-2025-12-22t093701z-1432011949-rc2kliakd84n-rtrmadp-3-israel-palestinians-.jpeg\" alt=\"D\u00e9molition d\u2019un immeuble r\u00e9sidentiel o\u00f9 vivaient des familles palestiniennes, dans le quartier de Silwan, \u00e0 J\u00e9rusalem-Est, le 22\u00a0d\u00e9cembre\u00a02025. \"   width=\"664\" height=\"443\"\/>    D\u00e9molition d\u2019un immeuble r\u00e9sidentiel o\u00f9 vivaient des familles palestiniennes, dans le quartier de Silwan, \u00e0 J\u00e9rusalem-Est, le 22\u00a0d\u00e9cembre\u00a02025.  AMMAR AWAD \/REUTERS                          <\/p>\n<p class=\"article__paragraph  \">Des bulldozers isra\u00e9liens ont commenc\u00e9, lundi 22\u00a0d\u00e9cembre, \u00e0 d\u00e9truire un immeuble h\u00e9bergeant une douzaine de familles palestiniennes \u00e0 J\u00e9rusalem-Est au motif qu\u2019il avait \u00e9t\u00e9 construit sans permis. Les autorit\u00e9s palestiniennes ont fustig\u00e9 \u00ab\u00a0une politique syst\u00e9matique de d\u00e9placements forc\u00e9s\u00a0\u00bb.<\/p>\n<p class=\"article__paragraph  \">T\u00f4t lundi dans le quartier de Silwan, situ\u00e9 pr\u00e8s de la Vieille Ville, trois bulldozers de la municipalit\u00e9 isra\u00e9lienne, prot\u00e9g\u00e9s par un important d\u00e9ploiement des forces isra\u00e9liennes, s\u2019activaient dans un nuage de poussi\u00e8re, d\u00e9truisant peu \u00e0 peu les fa\u00e7ades de l\u2019immeuble, a constat\u00e9 un photographe de l\u2019Agence France-Presse (AFP).<\/p>\n<p class=\"article__paragraph  \">Pr\u00e8s d\u2019une centaine de Palestiniens, dont des femmes, des enfants et des personnes \u00e2g\u00e9es, vivent dans l\u2019immeuble de quatre \u00e9tages, selon des sources locales.<\/p>\n<p>                                       Lire aussi |  Article r\u00e9serv\u00e9 \u00e0 nos abonn\u00e9s  <a href=\"https:\/\/www.lemonde.fr\/international\/article\/2024\/11\/25\/a-jerusalem-est-un-nombre-record-de-maisons-detruites-pour-pousser-dehors-les-habitants-palestiniens_6413162_3210.html\" class=\"js-article-read-also catcher--favoris__link\" data-premium=\"1\" id=\"article-title-3399406\" target=\"_blank\" rel=\"noopener\">A J\u00e9rusalem-Est, un nombre record de maisons d\u00e9truites pour pousser dehors les habitants palestiniens<\/a>    <\/p>\n<p>   Lire plus tard  <\/p>\n<p class=\"article__paragraph  \">Eid Shawar, 38\u00a0ans et p\u00e8re de cinq enfants, raconte avoir \u00e9t\u00e9 r\u00e9veill\u00e9 par la police qui a d\u00e9fonc\u00e9 sa porte pour lancer les \u00e9victions. \u00ab\u00a0Ils nous ont dit de nous changer et de prendre seulement papiers et documents importants. On n\u2019a pas \u00e9t\u00e9 autoris\u00e9s \u00e0 prendre nos meubles\u00a0\u00bb, d\u00e9plore le trentenaire qui ne sait pas o\u00f9 aller. \u00ab\u00a0C\u2019est une trag\u00e9die\u00a0\u00bb, l\u00e2che-t-il.<\/p>\n<p>                    Une d\u00e9molition \u00ab\u00a0sans pr\u00e9avis\u00a0\u00bb                    <\/p>\n<p class=\"article__paragraph  \">La Ville sainte est un enjeu central du conflit isra\u00e9lo-palestinien. Les tensions y sont permanentes, en particulier \u00e0 J\u00e9rusalem-Est, majoritairement palestinienne, occup\u00e9e et annex\u00e9e par Isra\u00ebl depuis 1967. Ces tensions se sont accentu\u00e9es depuis le 7\u00a0octobre\u00a02023, date de l\u2019attaque sans pr\u00e9c\u00e9dent du mouvement islamiste palestinien Hamas sur le sol isra\u00e9lien ayant d\u00e9clench\u00e9 la guerre d\u00e9vastatrice dans la bande de Gaza.<\/p>\n<p class=\"article__paragraph  \">Isra\u00ebl consid\u00e8re J\u00e9rusalem-Est comme partie int\u00e9grante de sa capitale. Les Palestiniens veulent faire de la ville la capitale de l\u2019Etat ind\u00e9pendant et souverain auquel ils aspirent. L\u2019Organisation des Nations unies (ONU) juge ill\u00e9gale l\u2019annexion de J\u00e9rusalem-Est et ne reconna\u00eet pas J\u00e9rusalem comme capitale d\u2019Isra\u00ebl.<\/p>\n<p class=\"article__paragraph  \">Le gouvernorat de J\u00e9rusalem, entit\u00e9 administrative mise en place par l\u2019Autorit\u00e9 palestinienne pour repr\u00e9senter la m\u00e9tropole, a fustig\u00e9 dans un communiqu\u00e9 \u00ab\u00a0une politique syst\u00e9matique de d\u00e9placements forc\u00e9s des citoyens palestiniens, visant \u00e0 vider la ville de ses habitants originels\u00a0\u00bb.<\/p>\n<p class=\"article__paragraph  \">La d\u00e9molition intervient \u00ab\u00a0sans pr\u00e9avis\u00a0\u00bb, quelques heures avant une r\u00e9union entre l\u2019avocat des r\u00e9sidents et un responsable de la municipalit\u00e9 isra\u00e9lienne de J\u00e9rusalem \u00ab\u00a0pour discuter de possibles mesures pour une r\u00e9gularisation du b\u00e2timent\u00a0\u00bb, ont d\u00e9plor\u00e9 dans un communiqu\u00e9 deux organisations non gouvernementales (ONG) isra\u00e9liennes, Ir Amim et Bimkom. Cette d\u00e9molition est, selon les ONG, la plus importante de l\u2019ann\u00e9e. En\u00a02025, ajoute le communiqu\u00e9, \u00ab\u00a0une centaine de familles de J\u00e9rusalem-Est ont perdu leur maison\u00a0\u00bb.<\/p>\n<p> Le Monde M\u00e9morable  <\/p>\n<p> <a href=\"https:\/\/www.lemonde.fr\/memorable\/?rfextension=inread\" class=\"inread__link js-services-inread-link\" target=\"_blank\" rel=\"noopener\">  <\/p>\n<p>Testez votre culture g\u00e9n\u00e9rale avec la r\u00e9daction du \u00ab Monde \u00bb<\/p>\n<p>Testez votre culture g\u00e9n\u00e9rale avec la r\u00e9daction du \u00ab Monde \u00bb<\/p>\n<p>D\u00e9couvrir<\/p>\n<p> <\/a>      <\/p>\n<p> Newsletter  <\/p>\n<p> <a href=\"https:\/\/www.lemonde.fr\/newsletters\/a-la-une\/\" class=\"inread__link js-services-inread-link\" target=\"_blank\" rel=\"noopener\">  <\/p>\n<p>\u00ab A la une \u00bb<\/p>\n<p>Chaque matin, parcourez l&rsquo;essentiel de l&rsquo;actualit\u00e9 du jour avec les derniers titres du \u00ab Monde \u00bb<\/p>\n<p>S&rsquo;inscrire<\/p>\n<p> <\/a>          <\/p>\n<p> Le Monde Application  <\/p>\n<p> <a href=\"https:\/\/lamatinale.onelink.me\/gKMy\/ahw2ubr3\" class=\"inread__link js-services-inread-link\" target=\"_blank\" rel=\"noopener\">  <\/p>\n<p>La Matinale du Monde<\/p>\n<p>Chaque matin, retrouvez notre s\u00e9lection de 20 articles \u00e0 ne pas manquer <\/p>\n<p>T\u00e9l\u00e9charger l&rsquo;application<\/p>\n<p> <\/a>      <\/p>\n<p> Newsletter abonn\u00e9s  <\/p>\n<p> <a href=\"https:\/\/www.lemonde.fr\/newsletters\/international\/\" class=\"inread__link js-services-inread-link\" target=\"_blank\" rel=\"noopener\">  <\/p>\n<p>\u00ab International \u00bb<\/p>\n<p>L\u2019essentiel de l\u2019actualit\u00e9 internationale de la semaine<\/p>\n<p>S&rsquo;inscrire<\/p>\n<p> <\/a>             <\/p>\n<p class=\"article__paragraph  \">Contact\u00e9e par l\u2019AFP, la municipalit\u00e9 isra\u00e9lienne a expliqu\u00e9 que l\u2019immeuble avait \u00e9t\u00e9 \u00ab\u00a0construit sans permis\u00a0\u00bb et faisait l\u2019objet d\u2019un \u00ab\u00a0ordre de d\u00e9molition judiciaire\u00a0\u00bb depuis 2014. Le terrain \u00e9tait destin\u00e9, selon elle, \u00e0 un usage \u00ab\u00a0r\u00e9cr\u00e9atif et sportif\u00a0\u00bb, et non r\u00e9sidentiel.<\/p>\n<p>                                       Lire aussi |  Article r\u00e9serv\u00e9 \u00e0 nos abonn\u00e9s  <a href=\"https:\/\/www.lemonde.fr\/proche-orient\/article\/2016\/06\/03\/a-l-est-de-jerusalem-la-colonisation-au-bulldozer_4933170_3218.html\" class=\"js-article-read-also catcher--favoris__link\" data-premium=\"1\" id=\"article-title-116435\" target=\"_blank\" rel=\"noopener\">A l\u2019est de J\u00e9rusalem, la colonisation au bulldozer<\/a>    <\/p>\n<p>   Lire plus tard  <\/p>\n<p class=\"author__detail\">  Le Monde avec AFP  <\/p>\n<p>                <a href=\"https:\/\/www.lemonde.fr\/syndication\/\" class=\"reuse__content\" title=\"R\u00e9utiliser ce contenu\" target=\"_blank\" rel=\"noopener\">R\u00e9utiliser ce contenu<\/a>      <\/p>\n","protected":false},"excerpt":{"rendered":"D\u00e9molition d\u2019un immeuble r\u00e9sidentiel o\u00f9 vivaient des familles palestiniennes, dans le quartier de Silwan, \u00e0 J\u00e9rusalem-Est, le 22\u00a0d\u00e9cembre\u00a02025.&hellip;\n","protected":false},"author":2,"featured_media":615823,"comment_status":"","ping_status":"","sticky":false,"template":"","format":"standard","meta":{"footnotes":""},"categories":[5],"tags":[11,1011,27,14,12,28],"class_list":{"0":"post-615822","1":"post","2":"type-post","3":"status-publish","4":"format-standard","5":"has-post-thumbnail","7":"category-international","8":"tag-actualites","9":"tag-fr","10":"tag-france","11":"tag-international","12":"tag-news","13":"tag-world"},"share_on_mastodon":{"url":"https:\/\/pubeurope.com\/@fr\/115763318982184477","error":""},"_links":{"self":[{"href":"https:\/\/www.europesays.com\/fr\/wp-json\/wp\/v2\/posts\/615822","targetHints":{"allow":["GET"]}}],"collection":[{"href":"https:\/\/www.europesays.com\/fr\/wp-json\/wp\/v2\/posts"}],"about":[{"href":"https:\/\/www.europesays.com\/fr\/wp-json\/wp\/v2\/types\/post"}],"author":[{"embeddable":true,"href":"https:\/\/www.europesays.com\/fr\/wp-json\/wp\/v2\/users\/2"}],"replies":[{"embeddable":true,"href":"https:\/\/www.europesays.com\/fr\/wp-json\/wp\/v2\/comments?post=615822"}],"version-history":[{"count":0,"href":"https:\/\/www.europesays.com\/fr\/wp-json\/wp\/v2\/posts\/615822\/revisions"}],"wp:featuredmedia":[{"embeddable":true,"href":"https:\/\/www.europesays.com\/fr\/wp-json\/wp\/v2\/media\/615823"}],"wp:attachment":[{"href":"https:\/\/www.europesays.com\/fr\/wp-json\/wp\/v2\/media?parent=615822"}],"wp:term":[{"taxonomy":"category","embeddable":true,"href":"https:\/\/www.europesays.com\/fr\/wp-json\/wp\/v2\/categories?post=615822"},{"taxonomy":"post_tag","embeddable":true,"href":"https:\/\/www.europesays.com\/fr\/wp-json\/wp\/v2\/tags?post=615822"}],"curies":[{"name":"wp","href":"https:\/\/api.w.org\/{rel}","templated":true}]}}