{"id":615836,"date":"2025-12-22T13:04:12","date_gmt":"2025-12-22T13:04:12","guid":{"rendered":"https:\/\/www.europesays.com\/fr\/615836\/"},"modified":"2025-12-22T13:04:12","modified_gmt":"2025-12-22T13:04:12","slug":"avec-adopt-axeptio-cuisine-ses-cookies-au-bresil","status":"publish","type":"post","link":"https:\/\/www.europesays.com\/fr\/615836\/","title":{"rendered":"Avec AdOpt, Axeptio cuisine ses cookies au Br\u00e9sil"},"content":{"rendered":"<p>\u00ab\u00a0Coucou, c\u2019est nous&#8230; Les cookies\u00a0!\u00a0\u00bb Vous avez certainement d\u00e9j\u00e0 crois\u00e9 ces petits encadr\u00e9s pop-up lors de vos visites sur le Net. Ils sont la sp\u00e9cialit\u00e9 d\u2019Axeptio, qui est plus globalement sp\u00e9cialis\u00e9e dans la gestion du consentement num\u00e9rique avec un chiffre d\u2019affaires de pr\u00e8s de 4 millions d\u2019euros et une pr\u00e9sence sur 70.000 sites web avec ses banni\u00e8res cookies.<\/p>\n<p>Bas\u00e9e \u00e0 Montpellier et Paris, l\u2019entreprise h\u00e9raultaise poursuit sa strat\u00e9gie de d\u00e9veloppement \u00e0 l\u2019international avec l\u2019acquisition de la soci\u00e9t\u00e9 AdOpt, principal fournisseur de services de gestion du consentement au Br\u00e9sil. La PME emploie cinquante salari\u00e9s, et en comptera quinze de plus avec cette nouvelle croissance externe, qui intervient un an et demi apr\u00e8s l\u2019ouverture d\u2019une filiale \u00e0 Montr\u00e9al.<\/p>\n<p>\u00ab\u00a0Avec l\u2019\u00e9lection de Trump, les Canadiens se tournent vers l\u2019Europe. Notre technologie permet aux entreprises de s\u2019aligner sur toutes les r\u00e9glementations ayant trait au respect de la vie priv\u00e9e, c\u2019est un avantage suppl\u00e9mentaire\u00a0\u00bb, d\u00e9veloppe Romain Bessuges-Meusy, PDG et cofondateur de la PME.<\/p>\n<p>D\u2019ici deux ans, Axeptio vise au moins cinq nouvelles croissances externes, r\u00e9parties entre l\u2019Am\u00e9rique du Nord et l\u2019Europe de l\u2019Est. Son objectif\u00a0: doubler son activit\u00e9 et tripler sa pr\u00e9sence \u00e0 l\u2019\u00e9tranger. Pour ces op\u00e9rations, Axeptio vise un financement \u00ab\u00a0compris entre 30 et 50 millions d\u2019euros\u00a0\u00bb qui devrait \u00eatre boucl\u00e9 dans les prochains mois, combinant une lev\u00e9e de fonds, des emprunts et partenariats bancaires. La PME compte parmi ses actionnaires des capitaux risqueurs comme Isai et Ovni Capital.6<\/p>\n<p>En parall\u00e8le, Axeptio travaille sur la finalisation d\u2019un assistant automatis\u00e9 qui permettrait aux internautes de g\u00e9rer leurs pr\u00e9f\u00e9rences sans passer par les bandeaux cookies \u00e0 chaque nouvelle page internet. Pour le mettre en application, une extension install\u00e9e sur le navigateur est \u00e0 l\u2019\u00e9tude. Axeptio r\u00e9fl\u00e9chit \u00e9galement \u00e0 am\u00e9liorer la conformit\u00e9 de sa solution sur les applications mobiles. L\u2019acquisition d\u2019AdOpt permettra notamment le d\u00e9ploiement de cette solution au Br\u00e9sil, soit 200 millions d\u2019internautes concern\u00e9s.<\/p>\n<p>\u00ab\u00a0Nous entrons dans une phase de maturation du march\u00e9 des CMP (plateforme de gestion du<br class=\"autobr\"\/><br \/>\nconsentement, NDLR). Dans ce contexte, les synergies entre acteurs, notamment sur le plan g\u00e9ographique, prennent tout leur sens. AdOpt est un champion local au Br\u00e9sil, Axeptio est un champion europ\u00e9en et canadien. Ensemble, nous allons consolider nos marques autour d\u2019un projet commun\u00a0: rendre le web vivable, pla\u00e7ant au coeur de l\u2019exp\u00e9rience utilisateur la capacit\u00e9 et la libert\u00e9 de choisir le partage ou non de ses donn\u00e9es, sans que cela repr\u00e9sente un fardeau\u00a0\u00bb, souffle le pr\u00e9sident-directeur g\u00e9n\u00e9ral d\u2019Axeptio.<br class=\"autobr\"\/><br \/>\nJules Mestre<\/p>\n<p>Sur la photo\u00a0: Delphine Dorseuil, cofondatrice d\u2019Axeptio\u00a0; un bien sympathique chien et Romain Bessuges-Meusy, PDG et cofondateur de la PME.  Cr\u00e9dit\u00a0: H\u00e9l\u00e8ne Ressayres-Toul\u00c9co. <\/p>\n","protected":false},"excerpt":{"rendered":"\u00ab\u00a0Coucou, c\u2019est nous&#8230; Les cookies\u00a0!\u00a0\u00bb Vous avez certainement d\u00e9j\u00e0 crois\u00e9 ces petits encadr\u00e9s pop-up lors de vos visites&hellip;\n","protected":false},"author":2,"featured_media":615837,"comment_status":"","ping_status":"","sticky":false,"template":"","format":"standard","meta":{"footnotes":""},"categories":[9599],"tags":[1111,11,72676,1075,1777,674,1011,27,2208,12,4125,2680,25],"class_list":{"0":"post-615836","1":"post","2":"type-post","3":"status-publish","4":"format-standard","5":"has-post-thumbnail","7":"category-montpellier","8":"tag-actu","9":"tag-actualites","10":"tag-axeptio","11":"tag-cybersecurite","12":"tag-eu","13":"tag-europe","14":"tag-fr","15":"tag-france","16":"tag-montpellier","17":"tag-news","18":"tag-numerique","19":"tag-occitanie","20":"tag-republique-francaise"},"share_on_mastodon":{"url":"https:\/\/pubeurope.com\/@fr\/115763364866779011","error":""},"_links":{"self":[{"href":"https:\/\/www.europesays.com\/fr\/wp-json\/wp\/v2\/posts\/615836","targetHints":{"allow":["GET"]}}],"collection":[{"href":"https:\/\/www.europesays.com\/fr\/wp-json\/wp\/v2\/posts"}],"about":[{"href":"https:\/\/www.europesays.com\/fr\/wp-json\/wp\/v2\/types\/post"}],"author":[{"embeddable":true,"href":"https:\/\/www.europesays.com\/fr\/wp-json\/wp\/v2\/users\/2"}],"replies":[{"embeddable":true,"href":"https:\/\/www.europesays.com\/fr\/wp-json\/wp\/v2\/comments?post=615836"}],"version-history":[{"count":0,"href":"https:\/\/www.europesays.com\/fr\/wp-json\/wp\/v2\/posts\/615836\/revisions"}],"wp:featuredmedia":[{"embeddable":true,"href":"https:\/\/www.europesays.com\/fr\/wp-json\/wp\/v2\/media\/615837"}],"wp:attachment":[{"href":"https:\/\/www.europesays.com\/fr\/wp-json\/wp\/v2\/media?parent=615836"}],"wp:term":[{"taxonomy":"category","embeddable":true,"href":"https:\/\/www.europesays.com\/fr\/wp-json\/wp\/v2\/categories?post=615836"},{"taxonomy":"post_tag","embeddable":true,"href":"https:\/\/www.europesays.com\/fr\/wp-json\/wp\/v2\/tags?post=615836"}],"curies":[{"name":"wp","href":"https:\/\/api.w.org\/{rel}","templated":true}]}}