{"id":615840,"date":"2025-12-22T13:07:20","date_gmt":"2025-12-22T13:07:20","guid":{"rendered":"https:\/\/www.europesays.com\/fr\/615840\/"},"modified":"2025-12-22T13:07:20","modified_gmt":"2025-12-22T13:07:20","slug":"un-vaste-reseau-de-rouen-demantele-des-dockers-impliques-au-havre","status":"publish","type":"post","link":"https:\/\/www.europesays.com\/fr\/615840\/","title":{"rendered":"un vaste r\u00e9seau de Rouen d\u00e9mantel\u00e9, des dockers impliqu\u00e9s au Havre"},"content":{"rendered":"<p>                    Par<br \/>\n        <strong><br \/>\n            <a href=\"https:\/\/actu.fr\/auteur\/eaube\" title=\"Consulter tous les articles de Elo\u00efse Aub\u00e9\" target=\"_blank\" rel=\"noopener\">Elo\u00efse Aub\u00e9<\/a><br \/>\n                    <\/strong><\/p>\n<p>        Publi\u00e9 le<\/p>\n<p>            22 d\u00e9c. 2025 \u00e0 12h05        <\/p>\n<p>Les autorit\u00e9s judiciaires ont d\u00e9mantel\u00e9 un vaste <strong>r\u00e9seau de trafic de stup\u00e9fiants<\/strong> apprend-on ce lundi 22\u00a0d\u00e9cembre 2025. Un r\u00e9seau qui puisait son origine \u00e0 <a href=\"https:\/\/actu.fr\/normandie\/rouen_76540\" target=\"_blank\" rel=\"noopener\">Rouen<\/a> avec l\u2019aide de dockers au\u00a0<a href=\"https:\/\/actu.fr\/normandie\/le-havre_76351\" target=\"_blank\" rel=\"noopener\">Havre<\/a>.<\/p>\n<p>Un trafic international<\/p>\n<p class=\" wall-content\">Tout d\u00e9marre en mars\u00a02022.\u00a0\u00c0 cette date une enqu\u00eate pr\u00e9liminaire est ouverte pour des faits <strong>d\u2019importation et de revente de cannabis et de coca\u00efne dans la r\u00e9gion de Rouen<\/strong>. Des investigations diligent\u00e9es par la division de la criminalit\u00e9 organis\u00e9e et sp\u00e9cialis\u00e9e (DCOS) du service interd\u00e9partemental de police judiciaire (SIPJ) de Rouen, sous l\u2019autorit\u00e9 du procureur de la R\u00e9publique. Un mois apr\u00e8s, une information judiciaire est ouverte.<\/p>\n<p class=\" wall-content\">L\u2019avanc\u00e9e de l\u2019enqu\u00eate r\u00e9v\u00e8le la <strong>dimension internationale de ce trafic.<\/strong> Raison pour laquelle, le juge d\u2019instruction rouennais s\u2019est dessaisi au profit de la JIRS (Juridiction interr\u00e9gionale sp\u00e9cialis\u00e9e) de Lille.<\/p>\n<p class=\" wall-content\">\u00c0 partir de l\u00e0, un r\u00e9seau de narcotrafiquants rouennais est rapidement identifi\u00e9. Pour arriver \u00e0 leurs fins, ils s\u2019appuyaient notamment \u00ab\u2009sur les informations et services de dockers pour les sorties de conteneurs des ports du\u00a0Havre et de Moulineaux\u2009\u00bb, indique la Jirs par voie de communiqu\u00e9.<\/p>\n<p>Le chef du r\u00e9seau identifi\u00e9 au Maroc<\/p>\n<p class=\" wall-content\">Ce qui am\u00e8ne \u00e0 une saisie importante de stup\u00e9fiants\u00a0\u00e0 savoir <strong>183 kilogrammes de coca\u00efne dans un conteneur<\/strong> arriv\u00e9 sur le port du\u00a0Havre en juin\u00a02023, et <strong>1.4\u00a0tonnes de coca\u00efne<\/strong> en septembre\u00a02023.<\/p>\n<p class=\" wall-content\">Le 11\u00a0d\u00e9cembre 2023, plusieurs interpellations ont eu lieu. \u00c0 l\u2019issue des gardes \u00e0 vues neuf personnes \u00e9taient mises en examen, six d\u2019entre elles \u00e9taient plac\u00e9es en d\u00e9tention provisoire et trois sous contr\u00f4le judiciaire avec interdiction d\u2019exercer la profession de docker.<\/p>\n<p class=\" wall-content\">Ce n\u2019est qu\u2019en 2024, que le chef de ce r\u00e9seau criminel a \u00e9t\u00e9 localis\u00e9 \u00e0 Casablanca au Maroc. Le 23\u00a0septembre 2025, il est interpell\u00e9. La juridiction indique\u2009:<\/p>\n<p>Votre r\u00e9gion, votre actu !<\/p>\n<p>Recevez chaque jour les infos qui comptent pour vous.<\/p>\n<p>\t<a href=\"https:\/\/actu.fr\/newsletter\" class=\"ac-btn ac-btn--corner ac-btn--medium ac-btn--blue800\" target=\"_blank\" rel=\"noopener\">S&rsquo;incrire<\/a><\/p>\n<blockquote class=\"ac-article-quote wall-content\">\n<p>Il \u00e9tait suspect\u00e9 d\u2019avoir organis\u00e9 toutes les importations, par route ou par mer, notamment de la r\u00e9sine de cannabis et de l\u2019herbe de cannabis depuis le Maroc, et de la coca\u00efne depuis la Colombie et vers les ports du Havre, de Moulineaux et de Dunkerque.<br \/>\nCet individu semblait avoir une influence dans d\u2019autres sph\u00e8res criminelles puisque des liens \u00e9taient av\u00e9r\u00e9s avec d\u2019importants narcotrafiquants \u00e0 Marseille. Une forme d\u2019association apparaissait entre eux pour importer du produit stup\u00e9fiant en tr\u00e8s grandes quantit\u00e9s.<\/p>\n<p>    <strong>Jirs <\/strong><br \/>\n        Juridictions inter-r\u00e9gionales sp\u00e9cialis\u00e9es    <\/p><\/blockquote>\n<p class=\" wall-content\">Apr\u00e8s son interpellation, il a \u00e9t\u00e9 mis en examen pour les (tr\u00e8s) nombreux\u2009: direction d\u2019un groupe avec activit\u00e9 illicite de stup\u00e9fiants, transport d\u00e9tention et offre de stup\u00e9fiants, associations de malfaiteurs, blanchiment aggrav\u00e9, corruption active et passive<\/p>\n<p class=\" wall-content\">Il a \u00e9t\u00e9 <strong>plac\u00e9 en d\u00e9tention provisoire<\/strong>. Europol, ainsi que plusieurs services de police \u00e9tranges ont contribu\u00e9 \u00e0 ce d\u00e9mant\u00e8lement. Les investigations se poursuivent sous l\u2019autorit\u00e9 du juge d\u2019instruction.<\/p>\n<p class=\" wall-content\">En mai\u00a02025, une saisie de 664 kilos de coca\u00efne avait r\u00e9v\u00e9l\u00e9 <a href=\"https:\/\/actu.fr\/normandie\/le-havre_76351\/enquete-internationale-et-667kg-de-cocaine-saisis-au-havre-la-police-belge-fait-tomber-un-gros-trafic_62697543.html\" target=\"_blank\" rel=\"noopener\">un vaste r\u00e9seau de narcotrafiquants europ\u00e9ens.<\/a><\/p>\n<p>Suivez l\u2019actualit\u00e9 de <a href=\"https:\/\/www.whatsapp.com\/channel\/0029VaKfnf99hXF2ddApFB1D\" target=\"_blank\" rel=\"noopener\">Rouen<\/a> et du\u00a0<a href=\"https:\/\/www.whatsapp.com\/channel\/0029VaFqJYE8aKvLBwVrEe0o\" target=\"_blank\" rel=\"noopener\">Havre<\/a> sur WhatsApp et sur notre <a href=\"https:\/\/www.tiktok.com\/@76actu.fr?lang=fr\" target=\"_blank\" rel=\"noopener\">compte TikTok<\/a><\/p>\n<p class=\" wall-content\">Personnalisez votre actualit\u00e9 en ajoutant vos villes et m\u00e9dias en favori avec <a href=\"https:\/\/moncompte.actu.fr\" title=\"D\u00e9couvez Mon Actu\" rel=\"nofollow noopener\" data-trk=\"{&quot;cta&quot;:{&quot;action&quot;:&quot;https:\\\/\\\/moncompte.actu.fr&quot;,&quot;category&quot;:&quot;mon compte&quot;,&quot;from&quot;:&quot;article footer&quot;,&quot;name&quot;:&quot;Mon actu&quot;,&quot;type&quot;:&quot;cta&quot;}}\" target=\"_blank\">Mon Actu<\/a>.<\/p>\n<p>                    <script async src=\"\/\/www.tiktok.com\/embed.js\"><\/script><\/p>\n","protected":false},"excerpt":{"rendered":"Par Elo\u00efse Aub\u00e9 Publi\u00e9 le 22 d\u00e9c. 2025 \u00e0 12h05 Les autorit\u00e9s judiciaires ont d\u00e9mantel\u00e9 un vaste r\u00e9seau&hellip;\n","protected":false},"author":2,"featured_media":615841,"comment_status":"","ping_status":"","sticky":false,"template":"","format":"standard","meta":{"footnotes":""},"categories":[9587],"tags":[1111,11,1777,674,118,1011,27,813,12,5161,1072,47901,25,9590],"class_list":{"0":"post-615840","1":"post","2":"type-post","3":"status-publish","4":"format-standard","5":"has-post-thumbnail","7":"category-rouen","8":"tag-actu","9":"tag-actualites","10":"tag-eu","11":"tag-europe","12":"tag-faits-divers","13":"tag-fr","14":"tag-france","15":"tag-narcotrafiquants","16":"tag-news","17":"tag-normandie","18":"tag-police","19":"tag-port-du-havre","20":"tag-republique-francaise","21":"tag-rouen"},"share_on_mastodon":{"url":"https:\/\/pubeurope.com\/@fr\/115763376600331259","error":""},"_links":{"self":[{"href":"https:\/\/www.europesays.com\/fr\/wp-json\/wp\/v2\/posts\/615840","targetHints":{"allow":["GET"]}}],"collection":[{"href":"https:\/\/www.europesays.com\/fr\/wp-json\/wp\/v2\/posts"}],"about":[{"href":"https:\/\/www.europesays.com\/fr\/wp-json\/wp\/v2\/types\/post"}],"author":[{"embeddable":true,"href":"https:\/\/www.europesays.com\/fr\/wp-json\/wp\/v2\/users\/2"}],"replies":[{"embeddable":true,"href":"https:\/\/www.europesays.com\/fr\/wp-json\/wp\/v2\/comments?post=615840"}],"version-history":[{"count":0,"href":"https:\/\/www.europesays.com\/fr\/wp-json\/wp\/v2\/posts\/615840\/revisions"}],"wp:featuredmedia":[{"embeddable":true,"href":"https:\/\/www.europesays.com\/fr\/wp-json\/wp\/v2\/media\/615841"}],"wp:attachment":[{"href":"https:\/\/www.europesays.com\/fr\/wp-json\/wp\/v2\/media?parent=615840"}],"wp:term":[{"taxonomy":"category","embeddable":true,"href":"https:\/\/www.europesays.com\/fr\/wp-json\/wp\/v2\/categories?post=615840"},{"taxonomy":"post_tag","embeddable":true,"href":"https:\/\/www.europesays.com\/fr\/wp-json\/wp\/v2\/tags?post=615840"}],"curies":[{"name":"wp","href":"https:\/\/api.w.org\/{rel}","templated":true}]}}