{"id":615844,"date":"2025-12-22T13:09:13","date_gmt":"2025-12-22T13:09:13","guid":{"rendered":"https:\/\/www.europesays.com\/fr\/615844\/"},"modified":"2025-12-22T13:09:13","modified_gmt":"2025-12-22T13:09:13","slug":"auvergne-rhone-alpes-il-menace-des-personnes-avec-un-couteau-la-police-ouvre-le-feu","status":"publish","type":"post","link":"https:\/\/www.europesays.com\/fr\/615844\/","title":{"rendered":"Auvergne-Rh\u00f4ne-Alpes : il menace des personnes avec un couteau, la police ouvre le feu"},"content":{"rendered":"<p>Un homme de 34 ans a \u00e9t\u00e9 bless\u00e9 par balle par un policier, lundi matin, en plein centre-ville de Grenoble (Is\u00e8re), apr\u00e8s avoir menac\u00e9 des personnes avec un couteau. Deux enqu\u00eates ont \u00e9t\u00e9 ouvertes.<\/p>\n<p>Un homme de 34 ans a \u00e9t\u00e9 <b>bless\u00e9 par balles<\/b> par un policier, lundi matin, en plein centre-ville de<b> Grenoble<\/b>, en Is\u00e8re. Les faits se sont d\u00e9roul\u00e9s sur une avenue tr\u00e8s fr\u00e9quent\u00e9e, apr\u00e8s un signalement pour un individu mena\u00e7ant, arm\u00e9 d&rsquo;un couteau.<\/p>\n<p>Le policier tire deux fois et blesse l&rsquo;homme mena\u00e7ant<\/p>\n<p>Les forces de l&rsquo;ordre ont \u00e9t\u00e9 appel\u00e9es peu avant 9h pour intervenir dans une auto-\u00e9cole, o\u00f9 l&rsquo;homme se montrait agressif. \u00c0 l&rsquo;arriv\u00e9e des policiers, le suspect a pris la fuite, d\u00e9clenchant une course-poursuite dans les rues du centre-ville.<\/p>\n<p>La situation a d\u00e9g\u00e9n\u00e9r\u00e9 sur un boulevard, lorsque l&rsquo;homme se serait retourn\u00e9 en direction d&rsquo;un policier, toujours muni de son arme blanche. L&rsquo;un des fonctionnaires a alors fait usage de son arme de service, tirant \u00e0 deux reprises.<\/p>\n<p>Deux enqu\u00eates en cours apr\u00e8s les tirs du policier<\/p>\n<p>Touch\u00e9 \u00e0 une main et au haut du corps, l&rsquo;homme a \u00e9t\u00e9 pris en charge en urgence absolue par les secours avant d&rsquo;\u00eatre transport\u00e9 \u00e0 l&rsquo;h\u00f4pital. Son pronostic vital n&rsquo;est pas engag\u00e9.<\/p>\n<p>Comme le veut la proc\u00e9dure, deux enqu\u00eates ont \u00e9t\u00e9 ouvertes : une enqu\u00eate judiciaire et une autre confi\u00e9e \u00e0 l&rsquo;Inspection g\u00e9n\u00e9rale de la police nationale (IGPN), afin d&rsquo;examiner les circonstances de l&rsquo;usage de l&rsquo;arme par le policier.<\/p>\n<p><img loading=\"lazy\" decoding=\"async\" src=\"https:\/\/www.europesays.com\/fr\/wp-content\/uploads\/2025\/12\/1766408953_316_img\" width=\"350\" height=\"200\" border=\"0\" title=\"Vingt-trois ans apr\u00c3\u00a8s le meurtre de Seyssuel, un suspect identifi\u00c3\u00a9 dans le Rh\u00c3\u00b4ne\"\/><\/p>\n<p>\u25baFaits divers<\/p>\n<p style=\"font-size: 22px;\"><b>Meurtre non-r\u00e9solu au sud de Lyon : 23 ans apr\u00e8s, un homme identifi\u00e9 et interpell\u00e9<\/b><\/p>\n<p>Vingt-trois ans apr\u00e8s le meurtre non-r\u00e9solu d&rsquo;un&#8230;<\/p>\n<p><\/p>\n","protected":false},"excerpt":{"rendered":"Un homme de 34 ans a \u00e9t\u00e9 bless\u00e9 par balle par un policier, lundi matin, en plein centre-ville&hellip;\n","protected":false},"author":2,"featured_media":615845,"comment_status":"","ping_status":"","sticky":false,"template":"","format":"standard","meta":{"footnotes":""},"categories":[9566],"tags":[1111,11,30026,2430,5264,1777,674,6017,1011,27,2731,15583,12,1072,10910,25],"class_list":{"0":"post-615844","1":"post","2":"type-post","3":"status-publish","4":"format-standard","5":"has-post-thumbnail","7":"category-grenoble","8":"tag-actu","9":"tag-actualites","10":"tag-auvergne-rhne-alpes","11":"tag-auvergne-rhone-alpes","12":"tag-couteau","13":"tag-eu","14":"tag-europe","15":"tag-fait-divers","16":"tag-fr","17":"tag-france","18":"tag-grenoble","19":"tag-isre","20":"tag-news","21":"tag-police","22":"tag-policier","23":"tag-republique-francaise"},"share_on_mastodon":{"url":"https:\/\/pubeurope.com\/@fr\/115763385297273355","error":""},"_links":{"self":[{"href":"https:\/\/www.europesays.com\/fr\/wp-json\/wp\/v2\/posts\/615844","targetHints":{"allow":["GET"]}}],"collection":[{"href":"https:\/\/www.europesays.com\/fr\/wp-json\/wp\/v2\/posts"}],"about":[{"href":"https:\/\/www.europesays.com\/fr\/wp-json\/wp\/v2\/types\/post"}],"author":[{"embeddable":true,"href":"https:\/\/www.europesays.com\/fr\/wp-json\/wp\/v2\/users\/2"}],"replies":[{"embeddable":true,"href":"https:\/\/www.europesays.com\/fr\/wp-json\/wp\/v2\/comments?post=615844"}],"version-history":[{"count":0,"href":"https:\/\/www.europesays.com\/fr\/wp-json\/wp\/v2\/posts\/615844\/revisions"}],"wp:featuredmedia":[{"embeddable":true,"href":"https:\/\/www.europesays.com\/fr\/wp-json\/wp\/v2\/media\/615845"}],"wp:attachment":[{"href":"https:\/\/www.europesays.com\/fr\/wp-json\/wp\/v2\/media?parent=615844"}],"wp:term":[{"taxonomy":"category","embeddable":true,"href":"https:\/\/www.europesays.com\/fr\/wp-json\/wp\/v2\/categories?post=615844"},{"taxonomy":"post_tag","embeddable":true,"href":"https:\/\/www.europesays.com\/fr\/wp-json\/wp\/v2\/tags?post=615844"}],"curies":[{"name":"wp","href":"https:\/\/api.w.org\/{rel}","templated":true}]}}