{"id":615853,"date":"2025-12-22T13:16:43","date_gmt":"2025-12-22T13:16:43","guid":{"rendered":"https:\/\/www.europesays.com\/fr\/615853\/"},"modified":"2025-12-22T13:16:43","modified_gmt":"2025-12-22T13:16:43","slug":"franck-haise-ne-senflamme-pas-apres-la-victoire-de-nice-contre-saint-etienne-en-coupe-de-france-coupe-de-france-32es-nice-saint-etienne-2-1","status":"publish","type":"post","link":"https:\/\/www.europesays.com\/fr\/615853\/","title":{"rendered":"Franck Haise ne s\u2019enflamme pas apr\u00e8s la victoire de Nice contre Saint-\u00c9tienne en Coupe de France &#8211; Coupe de France &#8211; 32es &#8211; Nice-Saint-\u00c9tienne (2-1)"},"content":{"rendered":"<p>Survivre n\u2019est pas gagner.<\/p>\n<p><a target=\"_blank\" href=\"https:\/\/www.sofoot.com\/breves\/coupe-de-france-apres-neuf-defaites-de-suite-nice-releve-la-tete-en-eliminant-saint-etienne-dans-un-stade-a-huis%20clos\" rel=\"noopener\">Tombeurs de Saint-\u00c9tienne (2-1)<\/a> en Coupe de France, <a target=\"_blank\" href=\"https:\/\/www.sofoot.com\/articles\/crise-sportive-et-violence-des-supporters-une-descente-aux-enfers-de-logc-nice\" rel=\"noopener\">les Aiglons<\/a> ont mis fin \u00e0 une travers\u00e9e du d\u00e9sert de <strong>neuf d\u00e9faites cons\u00e9cutives<\/strong>. De quoi souffler un peu, mais pas laisser s\u2019emballer Franck Haise, lucide m\u00eame apr\u00e8s la qualification. \u00ab\u00a0On a souffert jusqu\u2019au bout et on voit bien nos fragilit\u00e9s. Elles ne partiront pas comme \u00e7a, encore moins un jour o\u00f9 on avait 14 absents \u00bb, rationalise-t-il.<\/p>\n<p>Du renfort au mercato d\u2019hiver<\/p>\n<p>Si les joueurs ont f\u00eat\u00e9 la victoire (et le coach avec) apr\u00e8s cette s\u00e9rie noire qui s\u2019\u00e9tend jusqu\u2019en Europe (avec 18 matchs sans succ\u00e8s), l\u2019entra\u00eeneur des Aiglons temp\u00e8re : \u00ab\u00a0On sait tr\u00e8s bien qu\u2019on a encore beaucoup de travail devant nous. Personne n\u2019est dupe\u202f\u00bb,\u00a0demandant \u00ab\u202fdes renforts dans toutes les lignes\u00a0\u00bb au mercato d\u2019hiver.<\/p>\n<p><strong>L\u2019objectif ? Redynamiser l\u2019\u00e9quipe, apporter plus d\u2019exp\u00e9rience, donner plus de qualit\u00e9 \u00e0 l\u2019effectif global.<\/strong> \u00ab\u00a0M\u00eame s\u2019il y avait beaucoup d\u2019absents, il y en aura encore en janvier et f\u00e9vrier. Et au-del\u00e0, il faut renforcer l\u2019\u00e9quipe.\u00a0\u00bb Notamment en attaque, o\u00f9 Kevin Carlos a \u00e9t\u00e9 rel\u00e9gu\u00e9 derri\u00e8re le novice Zoumana Diallo et derri\u00e8re Bernard Nguene, entr\u00e9 \u00e0 la 63e. \u00ab\u00a0Ce n\u2019\u00e9tait pas tr\u00e8s beau, mais on prend vu la situation dans laquelle on \u00e9tait, et o\u00f9 on est encore, a r\u00e9agi Maxime Dup\u00e9, qui croit encore en des lendemains chantants.\u202fRien ne nous emp\u00eache de pouvoir r\u00eaver, de croire \u00e0 aller au Stade de France.\u00a0\u00bb<\/p>\n<p>Si vous ne le faites pas pour vous, faites-le pour <a target=\"_blank\" href=\"https:\/\/www.sofoot.com\/breves\/qui-est-constantin-djivas-commentateur-exalte-des-matchs-de-logc-nice\" rel=\"noopener\">Constantin Djivas.<\/a><\/p>\n<p>\t\t\t\t\t\t\t\t\t\t<a class=\"lien-connexe\" href=\"https:\/\/www.sofoot.com\/breves\/coupe-de-france-apres-neuf-defaites-de-suite-nice-releve-la-tete-en-eliminant-saint-etienne-dans-un-stade-a-huis-clos\" target=\"_blank\" rel=\"noopener\">Incroyable mais vrai\u202f: Nice a gagn\u00e9 un match\u202f!<\/a>\t\t\t\t\t<\/p>\n","protected":false},"excerpt":{"rendered":"Survivre n\u2019est pas gagner. Tombeurs de Saint-\u00c9tienne (2-1) en Coupe de France, les Aiglons ont mis fin \u00e0&hellip;\n","protected":false},"author":2,"featured_media":615854,"comment_status":"","ping_status":"","sticky":false,"template":"","format":"standard","meta":{"footnotes":""},"categories":[2819],"tags":[1111,47,11,61,69,65,64,1777,674,63,1011,27,68,66,12,62,2401,70,882,25,67],"class_list":{"0":"post-615853","1":"post","2":"type-post","3":"status-publish","4":"format-standard","5":"has-post-thumbnail","7":"category-nice","8":"tag-actu","9":"tag-actualite","10":"tag-actualites","11":"tag-actus-football","12":"tag-bundesliga","13":"tag-championnats-europeens","14":"tag-equipe-de-france","15":"tag-eu","16":"tag-europe","17":"tag-football","18":"tag-fr","19":"tag-france","20":"tag-ligua","21":"tag-ligue-1","22":"tag-news","23":"tag-news-foot","24":"tag-nice","25":"tag-premier-league","26":"tag-provence-alpes-cote-dazur","27":"tag-republique-francaise","28":"tag-serie-a"},"share_on_mastodon":{"url":"https:\/\/pubeurope.com\/@fr\/115763411896539784","error":""},"_links":{"self":[{"href":"https:\/\/www.europesays.com\/fr\/wp-json\/wp\/v2\/posts\/615853","targetHints":{"allow":["GET"]}}],"collection":[{"href":"https:\/\/www.europesays.com\/fr\/wp-json\/wp\/v2\/posts"}],"about":[{"href":"https:\/\/www.europesays.com\/fr\/wp-json\/wp\/v2\/types\/post"}],"author":[{"embeddable":true,"href":"https:\/\/www.europesays.com\/fr\/wp-json\/wp\/v2\/users\/2"}],"replies":[{"embeddable":true,"href":"https:\/\/www.europesays.com\/fr\/wp-json\/wp\/v2\/comments?post=615853"}],"version-history":[{"count":0,"href":"https:\/\/www.europesays.com\/fr\/wp-json\/wp\/v2\/posts\/615853\/revisions"}],"wp:featuredmedia":[{"embeddable":true,"href":"https:\/\/www.europesays.com\/fr\/wp-json\/wp\/v2\/media\/615854"}],"wp:attachment":[{"href":"https:\/\/www.europesays.com\/fr\/wp-json\/wp\/v2\/media?parent=615853"}],"wp:term":[{"taxonomy":"category","embeddable":true,"href":"https:\/\/www.europesays.com\/fr\/wp-json\/wp\/v2\/categories?post=615853"},{"taxonomy":"post_tag","embeddable":true,"href":"https:\/\/www.europesays.com\/fr\/wp-json\/wp\/v2\/tags?post=615853"}],"curies":[{"name":"wp","href":"https:\/\/api.w.org\/{rel}","templated":true}]}}