{"id":615863,"date":"2025-12-22T13:23:12","date_gmt":"2025-12-22T13:23:12","guid":{"rendered":"https:\/\/www.europesays.com\/fr\/615863\/"},"modified":"2025-12-22T13:23:12","modified_gmt":"2025-12-22T13:23:12","slug":"combien-de-personnes-dorment-a-la-rue-a-toulouse","status":"publish","type":"post","link":"https:\/\/www.europesays.com\/fr\/615863\/","title":{"rendered":"Combien de personnes dorment \u00e0 la rue \u00e0 Toulouse\u00a0?"},"content":{"rendered":"<p>\n                                                                    l&rsquo;essentiel<br \/>\n                                                                Difficile \u00e0 dire. L\u2019an dernier, 657 sans-abri ont \u00e9t\u00e9 recens\u00e9s, un chiffre \u00e0 minima et en augmentation \u00e0 Toulouse.\n                            <\/p>\n<p>La \u00ab\u00a0Nuit de la solidarit\u00e9\u00a0\u00bb organis\u00e9e en janvier\u00a02025 par la mairie de Toulouse a permis de dresser un \u00e9tat des lieux de la pr\u00e9carit\u00e9 qui s\u2019aggrave dans la ville. L\u2019enqu\u00eate, qui s\u2019apparente \u00e0 une \u00ab\u00a0photo \u00e0 l\u2019instant T\u00a0\u00bb, a recens\u00e9 657 personnes majeures sans-abri, un chiffre consid\u00e9r\u00e9 comme un d\u00e9compte a minima en raison des difficult\u00e9s de terrain (collectifs refusant l\u2019acc\u00e8s \u00e0 certains squats, personnes \u00ab\u00a0invisibles\u00a0\u00bb par peur des agressions et des expulsions, \u2026).<\/p>\n<p>L\u2019\u00e9tude r\u00e9v\u00e8le une augmentation significative du nombre de personnes sans solution d\u2019h\u00e9bergement sur le p\u00e9rim\u00e8tre de la rue, avec 30\u00a0% d\u2019augmentation par rapport \u00e0 l\u2019\u00e9dition pr\u00e9c\u00e9dente. Ces personnes se r\u00e9partissent dans des lieux divers pour passer la nuit\u00a0: 44\u00a0% dorment \u00e0 la rue sans tente, 30\u00a0% dorment \u00e0 la rue avec une tente, 18\u00a0% sont recens\u00e9es dans les centres de distribution alimentaire, ce qui confirme la n\u00e9cessit\u00e9 de maintenir ce p\u00e9rim\u00e8tre pour ne pas \u00e9carter les personnes qui pourraient \u00eatre \u00e0 la rue plus tard dans la nuit.<br \/>La r\u00e9partition globale des lieux de rencontre des 657 adultes est la suivante\u00a0: 30\u00a0% dans le cadre des parcours de rue, 20\u00a0% sur les campements et 29\u00a0% sur les squats.<\/p>\n<p>Des profils de plus en plus vuln\u00e9rables<\/p>\n<p>L\u2019enqu\u00eate souligne une forte pr\u00e9sence masculine \u00e0 la rue (82\u00a0% du total d\u2019hommes rencontr\u00e9s), mais une proportion de femmes plus importante dans les squats et les campements (41\u00a0%). N\u00e9anmoins, le pourcentage de femmes recens\u00e9es \u00e0 la rue a augment\u00e9 de 5\u00a0% en un an. La composition familiale est \u00e9galement un signal d\u2019alarme\u00a0: 228 enfants ont \u00e9t\u00e9 recens\u00e9s, dont 50 \u00e2g\u00e9s de moins de 3 ans. La majorit\u00e9 de ces enfants (175) se trouve dans les squats et les bidonvilles.<\/p>\n<p>Sur le p\u00e9rim\u00e8tre de la rue, une progression est notable\u00a0: 24\u00a0% des personnes dormant dans la rue sont des individus isol\u00e9s accompagn\u00e9s d\u2019enfants mineurs (une augmentation de 16 points par rapport \u00e0 2024).<\/p>\n<p>En r\u00e9ponse \u00e0 cette urgence sociale, la pr\u00e9fecture de Haute-Garonne rappelle son action dans le cadre du plan national \u00ab\u00a0Logement d\u2019abord\u00a0\u00bb, visant \u00e0 raccourcir l\u2019acc\u00e8s \u00e0 un logement stable. L\u2019\u00c9tat finance dans le d\u00e9partement un environnement p\u00e9renne de 10\u00a0000 places d\u2019h\u00e9bergement, compl\u00e9t\u00e9 par 2\u00a0000 nuit\u00e9es d\u2019h\u00f4tel, soit plus de 12\u00a0000 places au total. Ces capacit\u00e9s t\u00e9moignent d\u2019un effort constant, le parc d\u2019h\u00e9bergement \u00e9tant pass\u00e9 de 6\u00a0300 places en 2018 \u00e0 plus de 12\u00a0000 en 2024. De plus, la veille saisonni\u00e8re (du 1er\u00a0novembre au 31\u00a0mars) renforce les moyens de protection, notamment par l\u2019\u00e9largissement des horaires d\u2019ouverture des accueils de jour et l\u2019intensification de l\u2019activit\u00e9 de la veille sociale.<br \/>Malgr\u00e9 l\u2019augmentation des moyens d\u2019h\u00e9bergement, les chiffres de la Nuit de la solidarit\u00e9 2025 \u00e0 Toulouse confirment une d\u00e9t\u00e9rioration de la situation et la n\u00e9cessit\u00e9 d\u2019agir en priorit\u00e9 pour les familles et les individus les plus isol\u00e9s.<\/p>\n","protected":false},"excerpt":{"rendered":"l&rsquo;essentiel Difficile \u00e0 dire. L\u2019an dernier, 657 sans-abri ont \u00e9t\u00e9 recens\u00e9s, un chiffre \u00e0 minima et en augmentation&hellip;\n","protected":false},"author":2,"featured_media":615864,"comment_status":"","ping_status":"","sticky":false,"template":"","format":"standard","meta":{"footnotes":""},"categories":[2816],"tags":[1111,11,1777,674,1011,27,329,2722,12,2680,25,801,1857,2312],"class_list":{"0":"post-615863","1":"post","2":"type-post","3":"status-publish","4":"format-standard","5":"has-post-thumbnail","7":"category-toulouse","8":"tag-actu","9":"tag-actualites","10":"tag-eu","11":"tag-europe","12":"tag-fr","13":"tag-france","14":"tag-france-monde","15":"tag-haute-garonne","16":"tag-news","17":"tag-occitanie","18":"tag-republique-francaise","19":"tag-social","20":"tag-sociu00e9tu00e9","21":"tag-toulouse"},"share_on_mastodon":{"url":"https:\/\/pubeurope.com\/@fr\/115763439465472737","error":""},"_links":{"self":[{"href":"https:\/\/www.europesays.com\/fr\/wp-json\/wp\/v2\/posts\/615863","targetHints":{"allow":["GET"]}}],"collection":[{"href":"https:\/\/www.europesays.com\/fr\/wp-json\/wp\/v2\/posts"}],"about":[{"href":"https:\/\/www.europesays.com\/fr\/wp-json\/wp\/v2\/types\/post"}],"author":[{"embeddable":true,"href":"https:\/\/www.europesays.com\/fr\/wp-json\/wp\/v2\/users\/2"}],"replies":[{"embeddable":true,"href":"https:\/\/www.europesays.com\/fr\/wp-json\/wp\/v2\/comments?post=615863"}],"version-history":[{"count":0,"href":"https:\/\/www.europesays.com\/fr\/wp-json\/wp\/v2\/posts\/615863\/revisions"}],"wp:featuredmedia":[{"embeddable":true,"href":"https:\/\/www.europesays.com\/fr\/wp-json\/wp\/v2\/media\/615864"}],"wp:attachment":[{"href":"https:\/\/www.europesays.com\/fr\/wp-json\/wp\/v2\/media?parent=615863"}],"wp:term":[{"taxonomy":"category","embeddable":true,"href":"https:\/\/www.europesays.com\/fr\/wp-json\/wp\/v2\/categories?post=615863"},{"taxonomy":"post_tag","embeddable":true,"href":"https:\/\/www.europesays.com\/fr\/wp-json\/wp\/v2\/tags?post=615863"}],"curies":[{"name":"wp","href":"https:\/\/api.w.org\/{rel}","templated":true}]}}