{"id":615869,"date":"2025-12-22T13:26:13","date_gmt":"2025-12-22T13:26:13","guid":{"rendered":"https:\/\/www.europesays.com\/fr\/615869\/"},"modified":"2025-12-22T13:26:13","modified_gmt":"2025-12-22T13:26:13","slug":"coupe-de-france-lille","status":"publish","type":"post","link":"https:\/\/www.europesays.com\/fr\/615869\/","title":{"rendered":"Coupe de France : Lille"},"content":{"rendered":"<p>                            <img width=\"770\" height=\"433\" src=\"https:\/\/www.europesays.com\/fr\/wp-content\/uploads\/2025\/12\/AFP__20250928__772J6T3__v1__HighRes__FblFraLigue1LilleLyon-770x433.jpg\" class=\"attachment-article size-article wp-post-image\" alt=\"Tyler Morton buteur lors de Lille - OL\" decoding=\"async\" fetchpriority=\"high\"  \/><\/p>\n<p>Tyler Morton buteur lors de Lille \u2013 OL (Photo by Sameer Al-DOUMY \/ AFP)<\/p>\n<p>Nous connaissons d\u00e9sormais la programmation des 16es de finale de la Coupe de France. L&rsquo;OL d\u00e9fiera Lille le 11 janvier \u00e0 21 heures.<\/p>\n<p>Il y aura probablement moins de pol\u00e9miques apr\u00e8s cette programmation des 16es de finale de la Coupe de France. Moins de 24 heures apr\u00e8s le tirage au sort et la qualification de l&rsquo;OL aux d\u00e9pens du FC Saint-Cyr Collonges (<a href=\"https:\/\/www.olympique-et-lyonnais.com\/poussif-lol-fait-malgre-tout-respecter-la-hierarchie-contre-le-fc-saint-cyr-collonges,387119.html\" target=\"_blank\" rel=\"noopener\">3-0<\/a>), la FFF a d\u00e9voil\u00e9 le calendrier de ce nouveau tour. Sachant que l&rsquo;Olympique lyonnais savait d\u00e9j\u00e0 qu&rsquo;il <a href=\"https:\/\/www.olympique-et-lyonnais.com\/coupe-de-france-lille-pour-l-ol-ou-saint-cyr-collonges-en-16es,387106.html\" target=\"_blank\" rel=\"noopener\">voyagerait \u00e0 Lille<\/a> dans le choc du week-end.<\/p>\n<p>Match sur beIN Sports<\/p>\n<p>Le rendez-vous entre les deux \u00e9curies europ\u00e9ennes est pr\u00e9vu le dimanche 11 janvier \u00e0 21 heures. Mais contrairement au derby face aux pensionnaires de R\u00e9gional 1, les Rhodaniens ne cl\u00f4tureront pas les 16es de finale (Bayeux &#8211; OM sera le 13 janvier). BeIN Sports, diffuseur principal de la comp\u00e9tition, retransmettra la rencontre. Par ailleurs, les deux formations se retrouveront peu de temps apr\u00e8s, \u00e0 D\u00e9cines cette fois-ci, pour la 20e journ\u00e9e de Ligue 1 (<a href=\"https:\/\/www.olympique-et-lyonnais.com\/ligue-1-lol-recevra-lille-le-dimanche-1er-fevrier-a-15h,384306.html\" target=\"_blank\" rel=\"noopener\">1er f\u00e9vrier 15 heures<\/a>). <\/p>\n<p>La confrontation en coupe arrivera une semaine apr\u00e8s le d\u00e9placement des Rhodaniens \u00e0 Monaco (le samedi 3 janvier \u00e0 17 heures), et avant la r\u00e9ception de Brest. Cette derni\u00e8re se tiendra le <a href=\"https:\/\/www.olympique-et-lyonnais.com\/ligue-1-lol-et-brest-se-retrouveront-le-18-janvier,384075.html\" target=\"_blank\" rel=\"noopener\">dimanche 18 janvier<\/a> \u00e0 20h45. Le tirage au sort des 8es de finale, lui, se d\u00e9roulera le mardi 13 janvier. <\/p>\n","protected":false},"excerpt":{"rendered":"Tyler Morton buteur lors de Lille \u2013 OL (Photo by Sameer Al-DOUMY \/ AFP) Nous connaissons d\u00e9sormais la&hellip;\n","protected":false},"author":2,"featured_media":615870,"comment_status":"","ping_status":"","sticky":false,"template":"","format":"standard","meta":{"footnotes":""},"categories":[2815],"tags":[1111,11,83,1777,674,1011,27,811,1307,12,241,25],"class_list":{"0":"post-615869","1":"post","2":"type-post","3":"status-publish","4":"format-standard","5":"has-post-thumbnail","7":"category-lille","8":"tag-actu","9":"tag-actualites","10":"tag-coupe-de-france","11":"tag-eu","12":"tag-europe","13":"tag-fr","14":"tag-france","15":"tag-hauts-de-france","16":"tag-lille","17":"tag-news","18":"tag-ol","19":"tag-republique-francaise"},"share_on_mastodon":{"url":"https:\/\/pubeurope.com\/@fr\/115763452114350436","error":""},"_links":{"self":[{"href":"https:\/\/www.europesays.com\/fr\/wp-json\/wp\/v2\/posts\/615869","targetHints":{"allow":["GET"]}}],"collection":[{"href":"https:\/\/www.europesays.com\/fr\/wp-json\/wp\/v2\/posts"}],"about":[{"href":"https:\/\/www.europesays.com\/fr\/wp-json\/wp\/v2\/types\/post"}],"author":[{"embeddable":true,"href":"https:\/\/www.europesays.com\/fr\/wp-json\/wp\/v2\/users\/2"}],"replies":[{"embeddable":true,"href":"https:\/\/www.europesays.com\/fr\/wp-json\/wp\/v2\/comments?post=615869"}],"version-history":[{"count":0,"href":"https:\/\/www.europesays.com\/fr\/wp-json\/wp\/v2\/posts\/615869\/revisions"}],"wp:featuredmedia":[{"embeddable":true,"href":"https:\/\/www.europesays.com\/fr\/wp-json\/wp\/v2\/media\/615870"}],"wp:attachment":[{"href":"https:\/\/www.europesays.com\/fr\/wp-json\/wp\/v2\/media?parent=615869"}],"wp:term":[{"taxonomy":"category","embeddable":true,"href":"https:\/\/www.europesays.com\/fr\/wp-json\/wp\/v2\/categories?post=615869"},{"taxonomy":"post_tag","embeddable":true,"href":"https:\/\/www.europesays.com\/fr\/wp-json\/wp\/v2\/tags?post=615869"}],"curies":[{"name":"wp","href":"https:\/\/api.w.org\/{rel}","templated":true}]}}